{"id":25424,"date":"2010-09-06T20:21:31","date_gmt":"2010-09-06T17:21:31","guid":{"rendered":"http:\/\/www.korhanyilmaz.com\/?p=25424"},"modified":"2010-09-06T20:21:31","modified_gmt":"2010-09-06T17:21:31","slug":"yalcinkaya-referandum-tahminim-yok","status":"publish","type":"post","link":"http:\/\/www.korhanyilmaz.com\/?p=25424","title":{"rendered":"Yal\u00e7\u0131nkaya: &#8220;Referandum tahminim yok&#8221;"},"content":{"rendered":"<p style=\"text-align: justify;\"><a href=\"http:\/\/www.korhanyilmaz.com\/wp-content\/uploads\/2010\/09\/100.jpg\"  class=\"lightview\"><img loading=\"lazy\" decoding=\"async\" class=\"aligncenter size-full wp-image-25425\" src=\"http:\/\/www.korhanyilmaz.com\/wp-content\/uploads\/2010\/09\/100.jpg\" alt=\"\" width=\"292\" height=\"218\" \/><\/a><\/p>\n<p style=\"text-align: justify;\">Yarg\u0131tay Cumhuriyet Ba\u015fsavc\u0131s\u0131 Abdurrahman Yal\u00e7\u0131nkaya, &#8220;Referanduma ili\u015fkin tahminim yok. Hangi sonu\u00e7 \u00e7\u0131karsa \u00e7\u0131ks\u0131n sayg\u0131l\u0131y\u0131z&#8221; dedi.<\/p>\n<p style=\"text-align: justify;\">Yal\u00e7\u0131nkaya, adli y\u0131l a\u00e7\u0131l\u0131\u015f\u0131 dolay\u0131s\u0131yla Mecliste Yarg\u0131tay Ba\u015fkan\u0131 Hasan Ger\u00e7eker&#8217;in verdi\u011fi resepsiyona geli\u015finde gazetecilerin sorular\u0131n\u0131 yan\u0131tlad\u0131. <!--more--><\/p>\n<p style=\"text-align: justify;\">Ger\u00e7eker&#8217;in bug\u00fcn adli y\u0131l a\u00e7\u0131l\u0131\u015f t\u00f6reninde yapt\u0131\u011f\u0131 ele\u015ftirilere kat\u0131l\u0131p kat\u0131lmad\u0131\u011f\u0131n\u0131n sorulmas\u0131 \u00fczerine Yal\u00e7\u0131nkaya, &#8220;Bunlara kat\u0131l\u0131yoruz. Yarg\u0131 bir b\u00fct\u00fcnd\u00fcr&#8221; dedi.<\/p>\n<p style=\"text-align: justify;\">Hukuk devleti ve demokrasinin \u00f6nemli birer de\u011fer oldu\u011funu, yarg\u0131 ba\u011f\u0131ms\u0131zl\u0131\u011f\u0131n\u0131n da en az bu de\u011ferler kadar \u00f6nemli oldu\u011funu ifade eden Yal\u00e7\u0131nkaya, &#8220;Biz siyasi de\u011ferlendirmeler yapm\u0131yoruz. Hangi kesim olursa olsun yarg\u0131y\u0131 g\u00f6z bebe\u011fi gibi korumalar\u0131n\u0131 istiyoruz&#8221; diye konu\u015ftu.<\/p>\n<p style=\"text-align: justify;\">\u0130fade \u00f6zg\u00fcrl\u00fc\u011f\u00fcn\u00fc desteklediklerini de dile getiren Yal\u00e7\u0131nkaya, &#8220;S\u00f6ylemlerin fiiliyata ge\u00e7mesi durumunda Anayasa ve yasada yaz\u0131l\u0131 yapt\u0131r\u0131mlar b\u00fct\u00fcn partiler i\u00e7in uygulan\u0131r. Siyasi partilerin hepsi yarg\u0131ya sayg\u0131 g\u00f6stermelidir. B\u00fct\u00fcn partiler i\u00e7in ge\u00e7erlidir. Etnik, a\u015f\u0131r\u0131 dinci, sizin tabirinizle karizmatik ya da marjinal partilerin hi\u00e7 birinin fiili duruma ge\u00e7memesi gerekiyor. \u015eu anda fiili durum da yok. T\u00fcm partilerin ifade \u00f6zg\u00fcrl\u00fc\u011f\u00fcne sayg\u0131l\u0131y\u0131z. Ama s\u00f6ylemler fiili duruma d\u00f6n\u00fc\u015ft\u00fc\u011f\u00fcnde ba\u015fsavc\u0131l\u0131\u011f\u0131n g\u00f6revi ba\u015fl\u0131yor&#8221; dedi.<\/p>\n<p style=\"text-align: justify;\">Bir gazetecinin &#8220;Anayasa Mahkemesi gerekli karar\u0131 verdi. Anayasa de\u011fi\u015fikli\u011fi Anayasa&#8217;ya uygun&#8221; de\u011ferlendirmelerinde bulunuldu\u011funu belirtmesi \u00fczerine Yal\u00e7\u0131nkaya, &#8220;Hukuk\u00e7u olarak bu de\u011ferlendirmeyi yanl\u0131\u015f buluyorum. Anayasa Mahkemesinin tasdiki yetirli ise o zaman referanduma gerek kalmaz&#8221; diye konu\u015ftu.<\/p>\n<p style=\"text-align: justify;\">Yasa d\u0131\u015f\u0131 dinlemelerle ilgili bir soru \u00fczerine ise Yal\u00e7\u0131nkaya, dinlemelerin kesinlikle kabul edilemeyece\u011fini s\u00f6yledi. \u00d6ncelikle yasaya ayk\u0131r\u0131 yap\u0131lan dinlemeler konusunun ele al\u0131nmas\u0131 gerekti\u011fini vurgulayan Abdurrahman Yal\u00e7\u0131nkaya, dinlemelerin i\u00e7eri\u011finin daha sonra yorumlanaca\u011f\u0131n\u0131 s\u00f6yledi.<\/p>\n<p style=\"text-align: justify;\">Yal\u00e7\u0131nkaya, &#8220;Vatanda\u015flar\u0131m\u0131z g\u00f6n\u00fcl rahatl\u0131\u011f\u0131yla sand\u0131\u011fa gidip oyunu kullans\u0131n. Bizim g\u00f6revimiz, referandum sonras\u0131nda ba\u015fl\u0131yor&#8221; dedi.<\/p>\n<p style=\"text-align: justify;\">Gazetecilerin, referandum sonucuna ili\u015fkin bir tahmininin olup olmad\u0131\u011f\u0131n\u0131 sormas\u0131 \u00fczerine Yal\u00e7\u0131nkaya, &#8220;Referanduma ili\u015fkin tahminim yok. Hangi sonu\u00e7 \u00e7\u0131karsa \u00e7\u0131ks\u0131n sayg\u0131l\u0131y\u0131z&#8221; yan\u0131t\u0131n\u0131 verdi.<\/p>\n<p style=\"text-align: justify;\"><a href=\"http:\/\/www.cnnturk.com\/2010\/turkiye\/09\/06\/yalcinkaya.referandum.tahminim.yok\/588984.0\/index.html\" target=\"_blank\"><span style=\"color: #888888;\">CNN T\u00dcRK<\/span><\/a><\/p>\n","protected":false},"excerpt":{"rendered":"<p style=\"text-align: justify;\">\n<p style=\"text-align: justify;\">Yarg\u0131tay Cumhuriyet Ba\u015fsavc\u0131s\u0131 Abdurrahman Yal\u00e7\u0131nkaya, &#8220;Referanduma ili\u015fkin tahminim yok. Hangi sonu\u00e7 \u00e7\u0131karsa \u00e7\u0131ks\u0131n sayg\u0131l\u0131y\u0131z&#8221; dedi.<\/p>\n<p style=\"text-align: justify;\">Yal\u00e7\u0131nkaya, adli y\u0131l a\u00e7\u0131l\u0131\u015f\u0131 dolay\u0131s\u0131yla Mecliste Yarg\u0131tay Ba\u015fkan\u0131 Hasan Ger\u00e7eker&#8217;in verdi\u011fi resepsiyona geli\u015finde gazetecilerin sorular\u0131n\u0131 yan\u0131tlad\u0131. <\/p>\n","protected":false},"author":1,"featured_media":0,"comment_status":"open","ping_status":"closed","sticky":false,"template":"","format":"standard","meta":{"footnotes":""},"categories":[105],"tags":[],"class_list":["post-25424","post","type-post","status-publish","format-standard","hentry","category-gundem","odd"],"_links":{"self":[{"href":"http:\/\/www.korhanyilmaz.com\/index.php?rest_route=\/wp\/v2\/posts\/25424","targetHints":{"allow":["GET"]}}],"collection":[{"href":"http:\/\/www.korhanyilmaz.com\/index.php?rest_route=\/wp\/v2\/posts"}],"about":[{"href":"http:\/\/www.korhanyilmaz.com\/index.php?rest_route=\/wp\/v2\/types\/post"}],"author":[{"embeddable":true,"href":"http:\/\/www.korhanyilmaz.com\/index.php?rest_route=\/wp\/v2\/users\/1"}],"replies":[{"embeddable":true,"href":"http:\/\/www.korhanyilmaz.com\/index.php?rest_route=%2Fwp%2Fv2%2Fcomments&post=25424"}],"version-history":[{"count":0,"href":"http:\/\/www.korhanyilmaz.com\/index.php?rest_route=\/wp\/v2\/posts\/25424\/revisions"}],"wp:attachment":[{"href":"http:\/\/www.korhanyilmaz.com\/index.php?rest_route=%2Fwp%2Fv2%2Fmedia&parent=25424"}],"wp:term":[{"taxonomy":"category","embeddable":true,"href":"http:\/\/www.korhanyilmaz.com\/index.php?rest_route=%2Fwp%2Fv2%2Fcategories&post=25424"},{"taxonomy":"post_tag","embeddable":true,"href":"http:\/\/www.korhanyilmaz.com\/index.php?rest_route=%2Fwp%2Fv2%2Ftags&post=25424"}],"curies":[{"name":"wp","href":"https:\/\/api.w.org\/{rel}","templated":true}]}}