{"id":25390,"date":"2010-09-05T21:03:13","date_gmt":"2010-09-05T18:03:13","guid":{"rendered":"http:\/\/www.korhanyilmaz.com\/?p=25390"},"modified":"2010-09-05T21:03:13","modified_gmt":"2010-09-05T18:03:13","slug":"kamer-genc-niye-yalvardi","status":"publish","type":"post","link":"http:\/\/www.korhanyilmaz.com\/?p=25390","title":{"rendered":"CHP Tunceli Milletvekili Kamer Gen\u00e7 Niye Yalvard\u0131?"},"content":{"rendered":"<div id=\"attachment_25404\" style=\"width: 269px\" class=\"wp-caption aligncenter\"><a title=\"CHP Tunceli Milletvekili Kamer Gen\u00e7\" href=\"http:\/\/www.korhanyilmaz.com\/wp-content\/uploads\/2010\/09\/097.jpg\"  class=\"lightview\"><img loading=\"lazy\" decoding=\"async\" aria-describedby=\"caption-attachment-25404\" class=\"size-full wp-image-25404\" title=\"CHP Tunceli Milletvekili Kamer Gen\u00e7\" src=\"http:\/\/www.korhanyilmaz.com\/wp-content\/uploads\/2010\/09\/097.jpg\" alt=\"\" width=\"259\" height=\"194\" \/><\/a><p id=\"caption-attachment-25404\" class=\"wp-caption-text\">CHP Tunceli Milletvekili Kamer Gen\u00e7<\/p><\/div>\n<p>Bursa&#8217;da konu\u015fan CHP Tunceli Milletvekili Kamer Gen\u00e7, referandumda &#8220;hay\u0131r&#8221; \u00e7a\u011fr\u0131s\u0131 yapt\u0131 ve &#8220;Size yalvar\u0131yorum, sand\u0131k ba\u015f\u0131na gidin, Tayyip Erdo\u011fan&#8217;a g\u00fczel bir ders verin&#8221; diye konu\u015ftu.<\/p>\n<p style=\"text-align: center;\"><a class=\"lightview\" title=\"Kamer Gen\u00e7 Niye Yalvard\u0131? :: Kaynak : http:\/\/video.cnnturk.com\/2010\/haber\/9\/5\/kamer-genc-niye-yalvardi :: width: 466, height: 375\" rel=\"set[kamer]\" href=\"swf\/flvplayer.swf?file=http:\/\/cdn.dogantv.com.tr\/cnnturk\/haber\/05.09.2010\/kamer.flv&amp;autostart=true\"><img loading=\"lazy\" decoding=\"async\" class=\"aligncenter\" title=\"Habere \u0130li\u015fkin Videoyu \u0130zleyin... \" src=\"wp-data\/images\/video_izle_tikla.png\" alt=\"\" width=\"30\" height=\"30\" \/>Habere \u0130li\u015fikin Videoyu \u0130zleyin&#8230;<\/a><\/p>\n","protected":false},"excerpt":{"rendered":"<p id=\"caption-attachment-25404\" class=\"wp-caption-text\">CHP Tunceli Milletvekili Kamer Gen\u00e7<\/p>\n<p>Bursa&#8217;da konu\u015fan CHP Tunceli Milletvekili Kamer Gen\u00e7, referandumda &#8220;hay\u0131r&#8221; \u00e7a\u011fr\u0131s\u0131 yapt\u0131 ve &#8220;Size yalvar\u0131yorum, sand\u0131k ba\u015f\u0131na gidin, Tayyip Erdo\u011fan&#8217;a g\u00fczel bir ders verin&#8221; diye konu\u015ftu.<\/p>\n<p style=\"text-align: center;\">Habere \u0130li\u015fikin Videoyu \u0130zleyin&#8230;<\/p>\n","protected":false},"author":1,"featured_media":0,"comment_status":"open","ping_status":"closed","sticky":false,"template":"","format":"standard","meta":{"footnotes":""},"categories":[105],"tags":[],"class_list":["post-25390","post","type-post","status-publish","format-standard","hentry","category-gundem","odd"],"_links":{"self":[{"href":"http:\/\/www.korhanyilmaz.com\/index.php?rest_route=\/wp\/v2\/posts\/25390","targetHints":{"allow":["GET"]}}],"collection":[{"href":"http:\/\/www.korhanyilmaz.com\/index.php?rest_route=\/wp\/v2\/posts"}],"about":[{"href":"http:\/\/www.korhanyilmaz.com\/index.php?rest_route=\/wp\/v2\/types\/post"}],"author":[{"embeddable":true,"href":"http:\/\/www.korhanyilmaz.com\/index.php?rest_route=\/wp\/v2\/users\/1"}],"replies":[{"embeddable":true,"href":"http:\/\/www.korhanyilmaz.com\/index.php?rest_route=%2Fwp%2Fv2%2Fcomments&post=25390"}],"version-history":[{"count":0,"href":"http:\/\/www.korhanyilmaz.com\/index.php?rest_route=\/wp\/v2\/posts\/25390\/revisions"}],"wp:attachment":[{"href":"http:\/\/www.korhanyilmaz.com\/index.php?rest_route=%2Fwp%2Fv2%2Fmedia&parent=25390"}],"wp:term":[{"taxonomy":"category","embeddable":true,"href":"http:\/\/www.korhanyilmaz.com\/index.php?rest_route=%2Fwp%2Fv2%2Fcategories&post=25390"},{"taxonomy":"post_tag","embeddable":true,"href":"http:\/\/www.korhanyilmaz.com\/index.php?rest_route=%2Fwp%2Fv2%2Ftags&post=25390"}],"curies":[{"name":"wp","href":"https:\/\/api.w.org\/{rel}","templated":true}]}}