{"id":25385,"date":"2010-09-05T21:44:29","date_gmt":"2010-09-05T18:44:29","guid":{"rendered":"http:\/\/www.korhanyilmaz.com\/?p=25385"},"modified":"2010-09-05T21:44:29","modified_gmt":"2010-09-05T18:44:29","slug":"bdpnin-son-karari-ne-evet-ne-de-hayir","status":"publish","type":"post","link":"http:\/\/www.korhanyilmaz.com\/?p=25385","title":{"rendered":"BDP&#8217;nin son karar\u0131: Ne evet ne de hay\u0131r"},"content":{"rendered":"<p style=\"text-align: center;\"><a href=\"http:\/\/www.korhanyilmaz.com\/wp-content\/uploads\/2010\/09\/096.jpg\"  class=\"lightview\"><img loading=\"lazy\" decoding=\"async\" class=\"size-full wp-image-25386  aligncenter\" src=\"http:\/\/www.korhanyilmaz.com\/wp-content\/uploads\/2010\/09\/096.jpg\" alt=\"\" width=\"292\" height=\"194\" \/><\/a><\/p>\n<p style=\"text-align: justify;\">Bar\u0131\u015f ve Demokrasi Partisi (BDP) E\u015f Ba\u015fkan\u0131 Selahattin Demirta\u015f &#8220;Referandumda &#8216;evet&#8217; ve &#8216;hay\u0131r&#8217; \u00e7er\u00e7evesinde s\u0131k\u0131\u015fmayarak T\u00fcrkiye&#8217;ye &#8216;ba\u015fka umut var&#8217; demek i\u00e7in 12 Eyl\u00fclde &#8216;boykot&#8217; diyoruz&#8221; dedi.\u00a0<\/p>\n<p style=\"text-align: justify;\">Referandumu boykot \u00e7a\u011fr\u0131s\u0131 yapan Emek\u00e7i ve Ezilenlerin Boykot Cephesi, BDP ve 27 sivil toplum kurulu\u015funca \u00c7a\u011flayan Meydan\u0131&#8217;nda miting d\u00fczenlendi.<!--more--><\/p>\n<p style=\"text-align: justify;\">Mitingde konu\u015fan Demirta\u015f, &#8220;evet&#8221; ve &#8220;hay\u0131r&#8221;c\u0131lar\u0131 sand\u0131\u011fa gitmeyerek boykot ettiklerini s\u00f6yledi.<\/p>\n<p style=\"text-align: justify;\">Referandum oylamas\u0131ndan &#8220;evet&#8221; de \u00e7\u0131ksa &#8220;hay\u0131r&#8221; da \u00e7\u0131ksa demokrasi m\u00fccadelesi lokomotifinin boykot\u00e7ular olaca\u011f\u0131n\u0131 ileri s\u00fcren Demirta\u015f, &#8220;Kimse korkmas\u0131n, 12 Eyl\u00fcl sabah\u0131 sand\u0131ktan &#8216;evet&#8217; de \u00e7\u0131ksa &#8216;hay\u0131r&#8217; da \u00e7\u0131ksa ezilenleri korumak i\u00e7in boykot\u00e7ular olacakt\u0131r. 12 Eyl\u00fclde gelecek anayasaya kar\u015f\u0131 T\u00fcrkiye Cumhuriyeti&#8217;nin teminat\u0131 olarak boykot cephesi dimdik duracakt\u0131r. Sava\u015flara, \u00f6l\u00fcmlere, stat\u00fckocu h\u0131rs\u0131zlara, evet\u00e7ilere, hay\u0131rc\u0131lara &#8216;dur&#8217; diyoruz&#8221; diye konu\u015ftu.<\/p>\n<p style=\"text-align: justify;\">Ger\u00e7ek bir anayasan\u0131n \u00f6nc\u00fcl\u00fc\u011f\u00fcn\u00fc yapmak i\u00e7in &#8220;evet&#8221; kadar &#8220;hay\u0131r&#8221; oyunu da boykot ettiklerini ifade eden Demirta\u015f, &#8220;Referandumda &#8216;evet&#8217; ve &#8216;hay\u0131r&#8217; \u00e7er\u00e7evesinde s\u0131k\u0131\u015fmayarak, anayasa de\u011fi\u015fikli\u011finin ba\u015f\u0131ndan beri T\u00fcrkiye&#8217;ye &#8216;ba\u015fka umut var&#8217; demek i\u00e7in 12 Eyl\u00fclde &#8216;boykot&#8217; diyoruz&#8221; dedi.<\/p>\n<p style=\"text-align: justify;\">Demokrasi \u015fehitleri i\u00e7in sayg\u0131 duru\u015funda bulunulmas\u0131n\u0131n ard\u0131ndan, 27 sivil toplum kurulu\u015funun temsilcileri ve BDP \u0130stanbul Milletvekili Sebahat Tuncel, miting alan\u0131ndaki vatanda\u015flar\u0131 selamlad\u0131.<\/p>\n<p style=\"text-align: justify;\"><a href=\"http:\/\/www.cnnturk.com\/2010\/turkiye\/09\/05\/bdpnin.son.karari.ne.evet.ne.de.hayir\/588882.0\/index.html\" target=\"_blank\">CNN T\u00dcRK<\/a><\/p>\n","protected":false},"excerpt":{"rendered":"<p style=\"text-align: center;\">\n<p style=\"text-align: justify;\">Bar\u0131\u015f ve Demokrasi Partisi (BDP) E\u015f Ba\u015fkan\u0131 Selahattin Demirta\u015f &#8220;Referandumda &#8216;evet&#8217; ve &#8216;hay\u0131r&#8217; \u00e7er\u00e7evesinde s\u0131k\u0131\u015fmayarak T\u00fcrkiye&#8217;ye &#8216;ba\u015fka umut var&#8217; demek i\u00e7in 12 Eyl\u00fclde &#8216;boykot&#8217; diyoruz&#8221; dedi. <\/p>\n<p style=\"text-align: justify;\">Referandumu boykot \u00e7a\u011fr\u0131s\u0131 yapan Emek\u00e7i ve Ezilenlerin Boykot Cephesi, BDP ve 27 sivil toplum kurulu\u015funca \u00c7a\u011flayan Meydan\u0131&#8217;nda miting d\u00fczenlendi.<\/p>\n","protected":false},"author":1,"featured_media":0,"comment_status":"open","ping_status":"closed","sticky":false,"template":"","format":"standard","meta":{"footnotes":""},"categories":[105],"tags":[],"class_list":["post-25385","post","type-post","status-publish","format-standard","hentry","category-gundem","odd"],"_links":{"self":[{"href":"http:\/\/www.korhanyilmaz.com\/index.php?rest_route=\/wp\/v2\/posts\/25385","targetHints":{"allow":["GET"]}}],"collection":[{"href":"http:\/\/www.korhanyilmaz.com\/index.php?rest_route=\/wp\/v2\/posts"}],"about":[{"href":"http:\/\/www.korhanyilmaz.com\/index.php?rest_route=\/wp\/v2\/types\/post"}],"author":[{"embeddable":true,"href":"http:\/\/www.korhanyilmaz.com\/index.php?rest_route=\/wp\/v2\/users\/1"}],"replies":[{"embeddable":true,"href":"http:\/\/www.korhanyilmaz.com\/index.php?rest_route=%2Fwp%2Fv2%2Fcomments&post=25385"}],"version-history":[{"count":0,"href":"http:\/\/www.korhanyilmaz.com\/index.php?rest_route=\/wp\/v2\/posts\/25385\/revisions"}],"wp:attachment":[{"href":"http:\/\/www.korhanyilmaz.com\/index.php?rest_route=%2Fwp%2Fv2%2Fmedia&parent=25385"}],"wp:term":[{"taxonomy":"category","embeddable":true,"href":"http:\/\/www.korhanyilmaz.com\/index.php?rest_route=%2Fwp%2Fv2%2Fcategories&post=25385"},{"taxonomy":"post_tag","embeddable":true,"href":"http:\/\/www.korhanyilmaz.com\/index.php?rest_route=%2Fwp%2Fv2%2Ftags&post=25385"}],"curies":[{"name":"wp","href":"https:\/\/api.w.org\/{rel}","templated":true}]}}