{"id":25382,"date":"2010-09-05T20:37:24","date_gmt":"2010-09-05T17:37:24","guid":{"rendered":"http:\/\/www.korhanyilmaz.com\/?p=25382"},"modified":"2010-09-05T20:37:24","modified_gmt":"2010-09-05T17:37:24","slug":"pamukoglu-referandum-federasyona-hazirlik","status":"publish","type":"post","link":"http:\/\/www.korhanyilmaz.com\/?p=25382","title":{"rendered":"Pamuko\u011flu: &#8220;Referandum, federasyona haz\u0131rl\u0131k&#8221;"},"content":{"rendered":"<p style=\"text-align: center;\"><a href=\"http:\/\/www.korhanyilmaz.com\/wp-content\/uploads\/2010\/09\/095.jpg\"  class=\"lightview\"><img loading=\"lazy\" decoding=\"async\" class=\"aligncenter size-full wp-image-25383\" src=\"http:\/\/www.korhanyilmaz.com\/wp-content\/uploads\/2010\/09\/095.jpg\" alt=\"\" width=\"307\" height=\"236\" \/><\/a><\/p>\n<p style=\"text-align: justify;\">Hak ve E\u015fitlik Partisi (HEPAR) Genel Ba\u015fkan\u0131 Osman Pamuko\u011flu, &#8220;Referandumda ge\u00e7irmeyi hedefledikleri anayasa de\u011fi\u015fikli\u011fiyle daha sonra yap\u0131lacak &#8216;federasyon anayasas\u0131&#8217;na haz\u0131rl\u0131k yap\u0131l\u0131yor&#8221; dedi.<\/p>\n<p style=\"text-align: justify;\">Osman Pamuko\u011flu, 12 Eyl\u00fcldeki halk oylamas\u0131 \u00f6ncesi son mitingini Bursa&#8217;da yapt\u0131. <!--more--><\/p>\n<p style=\"text-align: justify;\">\u015eehrek\u00fcst\u00fc Meydan\u0131&#8217;nda vatanda\u015flara seslenen Pamuko\u011flu, halk oylamas\u0131 s\u00fcrecinde meclisteki partiler d\u0131\u015f\u0131nda meydanlara inen tek partinin HEPAR oldu\u011funu belirtti.<\/p>\n<p style=\"text-align: justify;\">\u0130ktidar taraf\u0131ndan halk oylamas\u0131na sunulacak de\u011fi\u015fikliklerin \u015fehit ailelerine ayr\u0131cal\u0131k getirece\u011fi propagandas\u0131 yap\u0131ld\u0131\u011f\u0131n\u0131 ileri s\u00fcren Pamuko\u011flu, &#8220;Ne alakas\u0131 var. Bir milleti bu kadar saf yerine koymay\u0131 anlamak m\u00fcmk\u00fcn de\u011fil&#8221; dedi.<\/p>\n<p style=\"text-align: justify;\">Pamuko\u011flu, \u015f\u00f6yle devam etti:<\/p>\n<p style=\"text-align: justify;\">&#8220;Referandumda ge\u00e7irmeyi hedefledikleri anayasa de\u011fi\u015fikli\u011fiyle daha sonra yap\u0131lacak &#8216;federasyon anayasas\u0131&#8217;na haz\u0131rl\u0131k yap\u0131l\u0131yor. Yasama ve y\u00fcr\u00fctme ellerinde, bir tek yarg\u0131 kald\u0131. Kendilerine uygun hukuk d\u00fczeni getirmeye \u00e7al\u0131\u015f\u0131yorlar. Referandumda, vatan\u0131n\u0131 kurtarmak isteyenler &#8216;hay\u0131r&#8217;, Recep&#8217;i kurtarmak isteyenler &#8216;evet&#8217; diyecek. Recep&#8217;i kurtaray\u0131m derken kimse gaflete d\u00fc\u015fmesin, gelece\u011finiz karar\u0131r. Rejim ve topraklar\u0131m\u0131z tehlike alt\u0131nda. Gelecek nesiller i\u00e7in referandumda &#8216;hay\u0131r&#8217; deyin.&#8221;<\/p>\n<p style=\"text-align: justify;\">Medyada s\u00fcrekli &#8220;b\u00f6l\u00fcnme&#8221;nin g\u00fcndemde oldu\u011funu ifade eden Pamuko\u011flu, &#8220;\u0130\u015fler k\u00f6t\u00fc giderse, yuvarlan\u0131rsak, bir yerde bunu durduraca\u011f\u0131z. Bu \u00fclkenin federasyon haline getirilecek olmas\u0131na yard\u0131mc\u0131 olan kim varsa, siyaset\u00e7i veya gazeteci, hesab\u0131n\u0131 soraca\u011f\u0131, mutlaka hesab\u0131n\u0131 alaca\u011f\u0131z&#8221; dedi.<\/p>\n<p style=\"text-align: justify;\">Pamuko\u011flu, temmuz anketlerine g\u00f6re oy oranlar\u0131n\u0131n y\u00fczde 5&#8217;ler civar\u0131nda oldu\u011funu belirterek, &#8220;Halk, bunlar\u0131 h\u00fck\u00fcmetten indirecek. Bir daha h\u00fck\u00fcmet olmalar\u0131 m\u00fcmk\u00fcn de\u011fil. Bunlar gidecek. Kurulacak h\u00fck\u00fcmet koalisyonlardan olu\u015facak&#8221; diye konu\u015ftu.<\/p>\n<p style=\"text-align: justify;\"><a href=\"http:\/\/www.cnnturk.com\/2010\/turkiye\/09\/05\/pamukoglu.referandum.federasyona.hazirlik\/588879.0\/index.html\" target=\"_blank\"><span style=\"color: #888888;\">CNN T\u00dcRK<\/span><\/a><\/p>\n","protected":false},"excerpt":{"rendered":"<p style=\"text-align: center;\">\n<p style=\"text-align: justify;\">Hak ve E\u015fitlik Partisi (HEPAR) Genel Ba\u015fkan\u0131 Osman Pamuko\u011flu, &#8220;Referandumda ge\u00e7irmeyi hedefledikleri anayasa de\u011fi\u015fikli\u011fiyle daha sonra yap\u0131lacak &#8216;federasyon anayasas\u0131&#8217;na haz\u0131rl\u0131k yap\u0131l\u0131yor&#8221; dedi.<\/p>\n<p style=\"text-align: justify;\">Osman Pamuko\u011flu, 12 Eyl\u00fcldeki halk oylamas\u0131 \u00f6ncesi son mitingini Bursa&#8217;da yapt\u0131. <\/p>\n","protected":false},"author":1,"featured_media":0,"comment_status":"open","ping_status":"closed","sticky":false,"template":"","format":"standard","meta":{"footnotes":""},"categories":[105],"tags":[],"class_list":["post-25382","post","type-post","status-publish","format-standard","hentry","category-gundem","odd"],"_links":{"self":[{"href":"http:\/\/www.korhanyilmaz.com\/index.php?rest_route=\/wp\/v2\/posts\/25382","targetHints":{"allow":["GET"]}}],"collection":[{"href":"http:\/\/www.korhanyilmaz.com\/index.php?rest_route=\/wp\/v2\/posts"}],"about":[{"href":"http:\/\/www.korhanyilmaz.com\/index.php?rest_route=\/wp\/v2\/types\/post"}],"author":[{"embeddable":true,"href":"http:\/\/www.korhanyilmaz.com\/index.php?rest_route=\/wp\/v2\/users\/1"}],"replies":[{"embeddable":true,"href":"http:\/\/www.korhanyilmaz.com\/index.php?rest_route=%2Fwp%2Fv2%2Fcomments&post=25382"}],"version-history":[{"count":0,"href":"http:\/\/www.korhanyilmaz.com\/index.php?rest_route=\/wp\/v2\/posts\/25382\/revisions"}],"wp:attachment":[{"href":"http:\/\/www.korhanyilmaz.com\/index.php?rest_route=%2Fwp%2Fv2%2Fmedia&parent=25382"}],"wp:term":[{"taxonomy":"category","embeddable":true,"href":"http:\/\/www.korhanyilmaz.com\/index.php?rest_route=%2Fwp%2Fv2%2Fcategories&post=25382"},{"taxonomy":"post_tag","embeddable":true,"href":"http:\/\/www.korhanyilmaz.com\/index.php?rest_route=%2Fwp%2Fv2%2Ftags&post=25382"}],"curies":[{"name":"wp","href":"https:\/\/api.w.org\/{rel}","templated":true}]}}