{"id":25378,"date":"2010-09-05T19:54:55","date_gmt":"2010-09-05T16:54:55","guid":{"rendered":"http:\/\/www.korhanyilmaz.com\/?p=25378"},"modified":"2010-09-05T19:54:55","modified_gmt":"2010-09-05T16:54:55","slug":"danistaya-basvurma-hakki-elinizden-aliniyor","status":"publish","type":"post","link":"http:\/\/www.korhanyilmaz.com\/?p=25378","title":{"rendered":"&#8220;Dan\u0131\u015ftay&#8217;a ba\u015fvurma hakk\u0131 elinizden al\u0131n\u0131yor&#8221;"},"content":{"rendered":"<p style=\"text-align: center;\"><a href=\"http:\/\/www.korhanyilmaz.com\/wp-content\/uploads\/2010\/09\/094.jpg\"  class=\"lightview\"><img loading=\"lazy\" decoding=\"async\" class=\"aligncenter size-full wp-image-25379\" src=\"http:\/\/www.korhanyilmaz.com\/wp-content\/uploads\/2010\/09\/094.jpg\" alt=\"\" width=\"307\" height=\"236\" \/><\/a><\/p>\n<p style=\"text-align: justify;\">CHP Lideri Kemal K\u0131l\u0131\u00e7daro\u011flu  Konya&#8217;dan sonra Ankara&#8217;da konu\u015ftu. AK Parti&#8217;nin iftar yemeklerini propaganda i\u00e7in kullanmas\u0131n\u0131 ele\u015ftirdi ve halk\u0131n Dan\u0131\u015ftay&#8217;a ba\u015fvuru hakk\u0131n\u0131n elinden al\u0131naca\u011f\u0131n\u0131 s\u00f6yledi.<\/p>\n<p style=\"text-align: justify;\">K\u0131l\u0131\u00e7daro\u011flu, partisince Tando\u011fan Meydan\u0131&#8217;nda d\u00fczenlenen mitingde yapt\u0131\u011f\u0131 konu\u015fmaya &#8220;Geliyoruz bir de\u011fil, bin de\u011fil milyonlarla halk\u0131n iktidar\u0131n\u0131 kurmaya geliyoruz&#8221; diyerek ba\u015flad\u0131. <!--more--><\/p>\n<p style=\"text-align: justify;\">Ankara&#8217;n\u0131n ba\u015fkent oldu\u011funu bunun anayasan\u0131n de\u011fi\u015ftirilmesi teklif edilemeyen maddeleri aras\u0131nda oldu\u011funu ifade eden K\u0131l\u0131\u00e7daro\u011flu, meydanda bulunanlara &#8220;Ba\u011f\u0131ms\u0131zl\u0131\u011f\u0131n ba\u015fkenti, \u00f6zg\u00fcrl\u00fc\u011f\u00fcn ba\u015fkenti, demokrasinin ba\u015fkenti, merhaba Ankara. Demokrasinin, \u00f6zg\u00fcrl\u00fc\u011f\u00fcn, ba\u011f\u0131ms\u0131zl\u0131\u011f\u0131n ba\u015fkenti, ayn\u0131 zamanda Mustafa Kemal&#8217;in ba\u015fkenti, merhaba Mustafa Kemal&#8217;ler&#8230;&#8221; diye seslendi.<\/p>\n<p style=\"text-align: justify;\">Vatanda\u015flardan 12 Eyl\u00fcl&#8217;de yap\u0131lacak referandumda &#8220;hay\u0131r&#8221; oyu vermelerini isteyen K\u0131l\u0131\u00e7daro\u011flu, &#8220;hay\u0131r&#8221; diyerek de\u011fi\u015fimin yolunu a\u00e7acaklar\u0131n\u0131, T\u00fcrkiye&#8217;yi ve d\u00fcnyay\u0131 de\u011fi\u015ftireceklerini s\u00f6yledi.<\/p>\n<p style=\"text-align: justify;\">K\u0131l\u0131\u00e7daro\u011flu, hi\u00e7bir zaman ve hi\u00e7bir yerde kimseyi k\u0131rmak istemediklerini, kimseyi \u00f6tekile\u015ftirmediklerini belirterek, \u015f\u00f6yle devam etti:<\/p>\n<p style=\"text-align: justify;\">&#8220;Birileri \u00e7\u0131k\u0131p bizim ad\u0131m\u0131za birilerini \u00fcz\u00fcp, k\u0131rarsa CHP&#8217;nin genel ba\u015fkan\u0131 olarak k\u0131r\u0131lan herkesten, \u00fcz\u00fclen herkesten g\u00f6n\u00fcl rahatl\u0131\u011f\u0131 i\u00e7inde \u00f6z\u00fcr dilemesini biliriz. \u00c7\u00fcnk\u00fc biz adam\u0131z, adam gibi adam olaca\u011f\u0131z. E\u011fer birileri bir arkada\u015f\u0131m\u0131z\u0131 \u00fczd\u00fcyse biz gere\u011fini yapar\u0131z. Ama ben merak ediyorum, Recep Bey&#8217;e soruyorum; Sen \u00e7ift\u00e7iye &#8216;anan\u0131 da al git&#8217; dedi\u011fin zaman b\u00fct\u00fcn analardan \u00f6z\u00fcr dilemesini bildin mi? Buradan, Ankara&#8217;dan T\u00fcrkiye&#8217;deki b\u00fct\u00fcn analara sesleniyorum, sizi a\u015fa\u011f\u0131layan, \u00e7ift\u00e7inin anas\u0131n\u0131 a\u015fa\u011f\u0131layan &#8216;anan\u0131 da al git&#8217; diyen Recep Bey&#8217;i, b\u00fct\u00fcn analar\u0131 g\u00f6reve davet ediyorum, 12 Eyl\u00fcl&#8217;de onu sand\u0131\u011fa g\u00f6m\u00fcn.&#8221;<\/p>\n<p style=\"text-align: justify;\"><strong>Banka! <\/strong><\/p>\n<p style=\"text-align: justify;\">CHP&#8217;nin \u00fc\u00e7 ayd\u0131r kendi olanaklar\u0131 ile ad\u0131m ad\u0131m T\u00fcrkiye&#8217;yi gezdi\u011fini anlatan K\u0131l\u0131\u00e7daro\u011flu, harcamalar\u0131nda hazineden ald\u0131klar\u0131 yard\u0131mlar\u0131 ve aidatlar\u0131 kulland\u0131klar\u0131n\u0131 s\u00f6yledi. Ba\u015fbakan Recep Tayyip Erdo\u011fan&#8217;\u0131n ise devletin imkanlar\u0131n\u0131 kullanarak referanduma ili\u015fkin kampanya y\u00fcr\u00fctt\u00fc\u011f\u00fcn\u00fc ileri s\u00fcren K\u0131l\u0131\u00e7daro\u011flu, &#8220;Diyor ki &#8216;Devlet bana dedi ki gidip yat\u0131r\u0131mlar\u0131 a\u00e7abilirsin&#8217; Yat\u0131r\u0131mlar\u0131 a\u00e7abilirsin ama gidip orada se\u00e7im propagandas\u0131 yapamazs\u0131n. Sende ahlak varsa \u00f6nce devletin u\u00e7a\u011f\u0131n\u0131 kullanmaya son ver. Adalet ve Kalk\u0131nma Partisi, ama san\u0131rs\u0131n ki Adalet ve Kalk\u0131nma Bankas\u0131. Nereden buluyorsun sen bu paralar\u0131? T\u00fcrkiye&#8217;de Edirne&#8217;den Hakkari&#8217;ye kadar her tarafta &#8216;evet&#8217;. Bilboardlarda &#8216;evet&#8217;, gazeteleri a\u00e7\u0131yorsun &#8216;evet&#8217;, havaya bak\u0131yorsun &#8216;evet&#8217;, yere bak\u0131yorsun &#8216;evet&#8217; iyi de bu de\u011firmenin suyu nereden geliyor Recep Bey. \u00c7\u0131k \u015fu millete bir anlat bakal\u0131m&#8221; diye konu\u015ftu.<\/p>\n<p style=\"text-align: justify;\">AK Parti&#8217;nin art\u0131k zemin kaybetti\u011fini ve hesap verme tela\u015f\u0131 i\u00e7ine girdi\u011fini iddia eden K\u0131l\u0131\u00e7daro\u011flu, bu kadar \u00e7ok &#8216;evet&#8217; vurgusu yap\u0131lmas\u0131n\u0131n nedeninin de bu oldu\u011funu savundu.<\/p>\n<p style=\"text-align: justify;\">Anayasa de\u011fi\u015fikli\u011finin AK Parti&#8217;nin s\u00f6yledi\u011fi gibi demokrasinin ve \u00f6zg\u00fcrl\u00fc\u011f\u00fcn yolunu a\u00e7mad\u0131\u011f\u0131n\u0131, i\u015fsizlere i\u015f, a\u015f vermedi\u011fini ifade eden K\u0131l\u0131\u00e7daro\u011flu, &#8220;Bu anayasa 12 Eyl\u00fcl anayasas\u0131n\u0131n uzant\u0131s\u0131d\u0131r&#8221; dedi.<\/p>\n<p style=\"text-align: justify;\">Ankara&#8217;da bir s\u00fcre \u00f6nce toplu ta\u015f\u0131ma \u00fccretlerine zam yap\u0131ld\u0131\u011f\u0131n\u0131, ancak Dan\u0131\u015ftay&#8217;\u0131n y\u00fcksek zamm\u0131 iptal etti\u011fini, bunun bir hakk\u0131n kullan\u0131m\u0131 oldu\u011funu anlatan K\u0131l\u0131\u00e7daro\u011flu, anayasa de\u011fi\u015fikliklerinin hayata ge\u00e7mesi halinde ise art\u0131k bu hakk\u0131n kullan\u0131lamayaca\u011f\u0131n\u0131 s\u00f6yledi.<\/p>\n<p style=\"text-align: justify;\">K\u0131l\u0131\u00e7daro\u011flu, &#8220;Recep Bey&#8217;in adaleti bu. Bu adaleti her yerde anlat\u0131n. 12 Eyl\u00fcl pa\u015falar\u0131n\u0131n bile yapmaya cesaret edemedi\u011fi, yurtta\u015fa hak olarak verdi\u011fi Dan\u0131\u015ftay&#8217;a ba\u015fvurma hakk\u0131n\u0131 milletin elinden al\u0131yorlar ve diyorlar ki &#8216;bu anayasayla demokrasi gelecek&#8217;. Bunun ad\u0131 Recep demokrasisidir. Bunu reddediyoruz&#8221; \u015feklinde konu\u015ftu.<\/p>\n<p style=\"text-align: justify;\">K\u0131l\u0131\u00e7daro\u011flu, de\u011fi\u015fikliklerin kamu kaynaklar\u0131n\u0131n yanda\u015flara pe\u015fke\u015f \u00e7ekilmesine de anayasal zemin haz\u0131rlad\u0131\u011f\u0131n\u0131 iddia etti.<\/p>\n<p style=\"text-align: justify;\"><strong>&#8220;O hap zehirli hapt\u0131r&#8221; <\/strong><\/p>\n<p style=\"text-align: justify;\">CHP&#8217;nin toplumda daha fazla hak ve \u00f6zg\u00fcrl\u00fckten yana oldu\u011funu ifade eden K\u0131l\u0131\u00e7daro\u011flu, ancak s\u00f6z konusu anayasa de\u011fi\u015fikli\u011finin bunu sa\u011flamad\u0131\u011f\u0131n\u0131 savundu.<\/p>\n<p style=\"text-align: justify;\">K\u0131l\u0131\u00e7daro\u011flu, &#8220;\u00d6n\u00fcm\u00fcze getirilip dayat\u0131lan &#8217;26 soruya tek cevap vereceksin, ya evet diyeceksin ya hay\u0131r diyeceksin&#8217; diyen demokrasiden nasibini almam\u0131\u015f zihniyete hay\u0131r diyece\u011fiz&#8221; dedi.<\/p>\n<p style=\"text-align: justify;\">K\u0131l\u0131\u00e7daro\u011flu, 26 soruya tek yan\u0131t istemenin milletin akl\u0131na g\u00fcvenmemek oldu\u011funu ifade etti.<\/p>\n<p style=\"text-align: justify;\">Ba\u015fbakan Erdo\u011fan&#8217;\u0131n anayasa de\u011fi\u015fikliklerine ili\u015fkin olarak &#8220;hap gibi&#8221; ifadesini kulland\u0131\u011f\u0131n\u0131 hat\u0131rlatan K\u0131l\u0131\u00e7daro\u011flu, &#8220;Doktorluk yapmayan bir adam\u0131n verdi\u011fi hapla millet sa\u011fl\u0131\u011f\u0131na kavu\u015fur mu? O hap zehirli hapt\u0131r. Onun millete yuttururlarsa demokrasiyi ask\u0131ya al\u0131r\u0131z, haklar\u0131m\u0131z\u0131 ask\u0131ya al\u0131r\u0131z, \u00f6zg\u00fcrl\u00fcklerimizi ask\u0131ya al\u0131r\u0131z&#8221; dedi.<\/p>\n<p style=\"text-align: justify;\">AK Parti&#8217;nin anayasa de\u011fi\u015fiklikleri ile Ekonomik ve Sosyal Konseyi getirdi\u011fini s\u00f6yledi\u011fini ifade eden K\u0131l\u0131\u00e7daro\u011flu, ancak konseyin zaten yasas\u0131 oldu\u011funu aktard\u0131. K\u0131l\u0131\u00e7daro\u011flu, yasa gere\u011fi 3 ayda bir toplanmas\u0131 gereken konseyin 3 y\u0131ld\u0131r toplanamad\u0131\u011f\u0131n\u0131 da kaydetti. &#8220;Buradan b\u00fct\u00fcn i\u015f d\u00fcnyas\u0131na sesleniyorum, b\u00fct\u00fcn ayd\u0131nlara sesleniyorum, b\u00fct\u00fcn sanat\u00e7\u0131lara sesleniyorum; bu referandumda &#8216;evet&#8217; \u00e7\u0131karsa bir sabah eviniz bas\u0131labilir. Bir sabah g\u00f6zalt\u0131na al\u0131nabilir, tutuklanabilir, aylarca hapiste kalabilirsiniz. Ve siz tahliye olduktan sonra sizi haks\u0131z yere g\u00f6zalt\u0131na alan, tutuklatan yarg\u0131ya, yarg\u0131ca, savc\u0131ya kar\u015f\u0131 hak arama talebiniz dahi olmayacak&#8221;diyen K\u0131l\u0131\u00e7daro\u011flu, \u00f6zg\u00fcrl\u00fck ve hak isteyenlerin anayasa de\u011fi\u015fikli\u011fine &#8216;hay\u0131r&#8217; demesi gerekti\u011fini s\u00f6yledi.<\/p>\n<p style=\"text-align: justify;\">K\u0131l\u0131\u00e7daro\u011flu, Ba\u015fbakan Erdo\u011fan&#8217;\u0131n kendisine y\u00f6nelik &#8220;meydanlarda anayasa de\u011fi\u015fikli\u011fini anlatmad\u0131\u011f\u0131&#8221; ele\u015ftirisinin de ger\u00e7e\u011fi yans\u0131tmad\u0131\u011f\u0131n\u0131 savunarak, \u015f\u00f6yle konu\u015ftu:<\/p>\n<p style=\"text-align: justify;\">&#8220;Ben anayasay\u0131 anlat\u0131yorum da onun kulaklar\u0131 duymuyor. Ni\u00e7in kulaklar\u0131 duymuyor? \u00c7\u00fcnk\u00fc ben miting meydan\u0131n\u0131nda s\u00f6yl\u00fcyorum, cep telefonundan s\u00f6ylesem dinleyecek. Telekulak h\u00fck\u00fcmeti bunlar. Ge\u00e7en g\u00fcn Yarg\u0131tay \u00fcyeleri dinlenmi\u015f, Dan\u0131\u015ftay \u00fcyeleri dinleniyor. Eminim i\u00e7inizden \u00e7ok ki\u015fi de dinleniyor. Bizim dinlenmek zaten kaderimiz. Bizi de dinleyecekler ama vars\u0131n dinlesinler. Dinlemezlerse namerttir bunlar. Hi\u00e7 korkmuyoruz biz. Say\u0131n Ba\u015fbakan yasa d\u0131\u015f\u0131 dinlemelerin arkas\u0131na saklan\u0131yor, yeri zaman\u0131 gelince onlardan s\u00f6z ediyor. Peki \u015fimdi ben Say\u0131n Ba\u015fbakan&#8217;a soray\u0131m; Sen bir i\u015fadam\u0131ndan Amerika&#8217;daki k\u0131z\u0131na 25-30 bin dolar paray\u0131 nas\u0131l istedin? Hangi gerek\u00e7eyle istedin? O sana bor\u00e7 mu verdi, yoksa sen onun orta\u011f\u0131 m\u0131s\u0131n? \u00c7\u0131k millete anlat bakal\u0131m. Anlatamaz.&#8221;<\/p>\n<p style=\"text-align: justify;\"><strong>&#8220;Tart\u0131\u015fal\u0131m&#8221; <\/strong><\/p>\n<p style=\"text-align: justify;\">Genel Ba\u015fkan K\u0131l\u0131\u00e7daro\u011flu, partisince Tando\u011fan Meydan\u0131&#8217;nda d\u00fczenlenen mitingde yapt\u0131\u011f\u0131 konu\u015fmada, Ba\u015fbakan Recep Tayyip Erdo\u011fan&#8217;a bir televizyon kanal\u0131nda tart\u0131\u015fma teklifini yineledi.<\/p>\n<p style=\"text-align: justify;\">Ba\u015fbakan Erdo\u011fan&#8217;\u0131n bu teklifi kabul etmedi\u011fini ifade eden K\u0131l\u0131\u00e7daro\u011flu, &#8220;Kar\u015f\u0131ma \u00e7\u0131kamaz. \u00c7\u00fcnk\u00fc bu karde\u015finizin kar\u015f\u0131s\u0131na \u00e7\u0131kmas\u0131 i\u00e7in o adamda mangal gibi y\u00fcrek olmas\u0131 laz\u0131m&#8221; diye konu\u015ftu.<\/p>\n<p style=\"text-align: justify;\">AK Parti&#8217;nin vatanda\u015flara referandumda &#8220;hay\u0131r&#8221; dememeleri i\u00e7in bask\u0131 yapt\u0131\u011f\u0131n\u0131 ileri s\u00fcren K\u0131l\u0131\u00e7daro\u011flu, &#8220;Ne yaparlarsa yaps\u0131nlar, \u00f6l\u00fcm, ecel fark etmez, korkmayaca\u011f\u0131z, korku toplumuna direnece\u011fiz, g\u00fcc\u00fcm\u00fcz\u00fc g\u00f6sterece\u011fiz. \u00c7\u00fcnk\u00fc bize \u00f6\u011frettiler, biz \u00f6\u011frendik. Okuduk, ruhumuza i\u015fledi ve her yerde diyoruz ki sen yanmazsan, ben yanmazsam nas\u0131l \u00e7\u0131kar karanl\u0131klar ayd\u0131nl\u0131\u011fa&#8221; dedi.<\/p>\n<p style=\"text-align: justify;\">&#8220;Boy-soy&#8221; tart\u0131\u015fmalar\u0131na da de\u011finen K\u0131l\u0131\u00e7daro\u011flu, bu tart\u0131\u015fmay\u0131 kendisinin ba\u015flatmad\u0131\u011f\u0131n\u0131, 21&#8217;inci y\u00fczy\u0131lda bu t\u00fcr tart\u0131\u015fmalar\u0131n kabul edilemez oldu\u011funu belirtti.<\/p>\n<p style=\"text-align: justify;\"><strong>&#8220;Adaletten ka\u00e7anlar partisi&#8221; <\/strong><\/p>\n<p style=\"text-align: justify;\">K\u0131l\u0131\u00e7daro\u011flu, \u015f\u00f6yle devam etti:<\/p>\n<p style=\"text-align: justify;\">&#8220;21&#8217;inci y\u00fczy\u0131lda T\u00fcrkiye&#8217;de bir de Hitler&#8217;in \u00e7\u0131kaca\u011f\u0131n\u0131 hi\u00e7 d\u00fc\u015f\u00fcn\u00fcyor muydunuz? Akl\u0131n\u0131z\u0131n ucuna gelir miydi? Recep Bey \u015fimdi bir de eline alacak pergeli, cetveli milletin kafatas\u0131n\u0131 \u00f6l\u00e7ecek, hangi soydan geliyormu\u015f diye. Bunlar\u0131n zihniyeti bu, insana bak\u0131\u015f a\u00e7\u0131s\u0131 bu, insanlar\u0131 b\u00f6lmek, ay\u0131rmak, insanlar\u0131 birbirine d\u00fc\u015f\u00fcrmek, insanlar\u0131 kavga ettirmek bunlar\u0131n k\u00fcnyesinde yaz\u0131l\u0131. \u00c7\u00fcnk\u00fc bunlar insanlar\u0131 sevmezler, ho\u015fg\u00f6r\u00fcden anlamazlar. \u0130nsanlar\u0131 g\u00f6rmek, tatl\u0131 dille onlarla sohbet etmek, ele\u015ftirisini dinlemek, ele\u015ftirisinden ders \u00e7\u0131karmak gibi bunlar\u0131n bir adab\u0131, erkan\u0131 yoktur. Bunlar bilmezler. Bunlar sizin a\u015f\u0131n\u0131za, ekme\u011finizi g\u00f6z koyanlard\u0131r. Onun i\u00e7in diyoruz AKP farkl\u0131 bir parti, Adaletten Ka\u00e7anlar Partisi.&#8221;<\/p>\n<p style=\"text-align: justify;\"><strong>&#8220;Hesap soraca\u011f\u0131z&#8221; <\/strong><\/p>\n<p style=\"text-align: justify;\">Kemal K\u0131l\u0131\u00e7daro\u011flu, Ba\u015fbakan Erdo\u011fan&#8217;\u0131n dokunulmazl\u0131klar\u0131 kald\u0131rma s\u00f6z\u00fc verdi\u011fini ancak bunu ger\u00e7ekle\u015ftirmedi\u011fini belirterek, s\u00f6zlerini \u015f\u00f6yle s\u00fcrd\u00fcrd\u00fc:<\/p>\n<p style=\"text-align: justify;\">&#8220;S\u00f6z\u00fcn\u00fc tutmayana ne denir Allah a\u015fk\u0131na? Recep Bey, Ankara&#8217;dan sesleniyorum: Adam gibi adamsan, yi\u011fit adamsan, ger\u00e7ekten de Kas\u0131mpa\u015fal\u0131ysan dokunulmazl\u0131klar\u0131 kald\u0131r\u0131rs\u0131n. Ben de derim ki bravo Recep&#8217;e, helal olsun, dokunulmazl\u0131klar\u0131 kald\u0131rd\u0131. Recep Bey dokunulmazl\u0131klar\u0131 kald\u0131rabilir mi? Ben de biliyorum, kald\u0131ramaz. Neden? Verilecek hesab\u0131 var. Kul hakk\u0131 yiyenlerin verilecek hesab\u0131 var. Halk\u0131n ayak sesleri geldi. Yarg\u0131lanacaklar, hesap soraca\u011f\u0131z, t\u00fcy\u00fc bitmemi\u015f yetimin hesab\u0131n\u0131 soraca\u011f\u0131z.&#8221;<\/p>\n<p style=\"text-align: justify;\">&#8220;Diyorlar ki &#8216;Daha tam zemin kaymadan anayasay\u0131 de\u011fi\u015ftirelim, istedi\u011fimiz hakimleri tayin edelim, Y\u00fcce Divan&#8217;a gidersek onlar da bizi beraat ettirsinler&#8221; diyen K\u0131l\u0131\u00e7daro\u011flu, \u015funlar\u0131 s\u00f6yledi:<\/p>\n<p style=\"text-align: justify;\">&#8220;\u0130zin vermeyece\u011fiz. Bu gece Kadir Gecesi, kutsal gece. Bu gece dualar edece\u011fiz. Kul hakk\u0131 yiyenlere &#8216;evet&#8217; dersek do\u011fru olur mu? Do\u011fru olmaz. Kul hakk\u0131 yiyenlere &#8216;evet&#8217; demeyece\u011fiz. Onlar bu i\u015fin hesab\u0131n\u0131 verecekler, do\u011fru ne ise do\u011frunun arkas\u0131ndan ko\u015faca\u011f\u0131z. Siyasete at\u0131l\u0131rken s\u00f6z verdim, halka yalan s\u00f6ylemeyece\u011fiz, do\u011frular\u0131 s\u00f6yleyece\u011fiz, halkla beraber y\u00fcr\u00fcyece\u011fiz, halk\u0131n \u00e7\u0131karlar\u0131n\u0131 savunaca\u011f\u0131z.&#8221;<\/p>\n<p style=\"text-align: justify;\"><strong>&#8220;Yazar kasa devri bitti&#8221; <\/strong><\/p>\n<p style=\"text-align: justify;\">Kemal K\u0131l\u0131\u00e7daro\u011flu, AK Parti&#8217;nin 8 y\u0131ld\u0131r \u00fclkeyi y\u00f6netti\u011fini hat\u0131rlatarak, &#8220;Rahmetli Ecevit&#8217;in koalisyonunda bir ki\u015fi yazar kasa att\u0131 diye k\u0131yamet koptu. Bunlar\u0131n devrinde yazar kasa devri bitti zaten. Esnaf siftah yapam\u0131yor, \u00e7ift\u00e7i al\u0131n terinin kar\u015f\u0131l\u0131\u011f\u0131n\u0131 alam\u0131yor&#8221; dedi.<\/p>\n<p style=\"text-align: justify;\">Son d\u00f6nemde yoksulluk nedeniyle intiharlar ya\u015fand\u0131\u011f\u0131n\u0131 hat\u0131rlatan K\u0131l\u0131\u00e7daro\u011flu, &#8220;Bunlar\u0131n sorumlusu kim? Recep Bey de\u011fil mi? Adalet ve Kalk\u0131nma Partisi, af edersiniz Adaletten Ka\u00e7anlar Partisi ve onun y\u00f6neticileri de\u011fil mi?&#8221; diye konu\u015ftu.<\/p>\n<p style=\"text-align: justify;\">K\u0131l\u0131\u00e7daro\u011flu, AK Parti&#8217;nin iftar sofralar\u0131 a\u00e7t\u0131\u011f\u0131n\u0131 ve buralara gelenlerin &#8220;evet diyeceksiniz&#8221; ifadesiyle kar\u015f\u0131la\u015ft\u0131klar\u0131n\u0131 belirterek, \u015funlar\u0131 kaydetti:<\/p>\n<p style=\"text-align: justify;\">&#8220;Sonra Recep Bey&#8217;i k\u00fcrs\u00fcye \u00e7\u0131kar\u0131yorlar, &#8216;konu\u015f&#8217; diyorlar. A\u011fz\u0131na ne kadar k\u00fcf\u00fcr geldiyse iftar sofras\u0131nda konu\u015fuyor. Siyasette k\u00fcf\u00fcr&#8230; Bug\u00fcn demi\u015f ki &#8216;Bana muhtar olamazs\u0131n dediler ama ben Ba\u015fbakan oldum&#8217;. Siz neyi s\u00f6ylemek istedi\u011fimi biliyorsunuz de\u011fil mi? Ne diyorlar, adam olmak farkl\u0131 bir \u015fey, Say\u0131n Ba\u015fbakan&#8217;a onu s\u00f6ylememiz laz\u0131m. Sana &#8216;Ba\u015fbakan olamazs\u0131n&#8217; demedim, adam olacaks\u0131n adam.&#8221;<\/p>\n<p style=\"text-align: justify;\"><strong>&#8220;Hesap sormaz&#8221; <\/strong><\/p>\n<p style=\"text-align: justify;\">&#8220;M\u00fcsl\u00fcman ayaklar\u0131na yat\u0131p yurt d\u0131\u015f\u0131ndaki i\u015f\u00e7ilerin al\u0131n terini s\u00f6m\u00fcrenlerden hesap sorulmad\u0131\u011f\u0131n\u0131&#8221; belirten K\u0131l\u0131\u00e7daro\u011flu, &#8220;Recep Bey&#8217;in kimden hesap sordu\u011funu biliyorsunuz de\u011fil mi? Mal\u0131 g\u00f6t\u00fcrenlerden hesap sormaz, &#8216;\u00f6zg\u00fcrl\u00fck&#8217;, &#8216;demokrasi&#8217; diyenlerden hesap sorar &#8216;niye \u00f6zg\u00fcrl\u00fck, demokrasi diyorsun&#8217; diye ama birisi mal\u0131 g\u00f6t\u00fcr\u00fcr, yasa d\u0131\u015f\u0131 i\u015f yapar, yolsuzluk yapanlar olur s\u0131rt\u0131n\u0131 s\u0131vazlar. Onun i\u00e7in diyoruz: Yetki verin, g\u00fc\u00e7 verin AKP&#8217;yi sand\u0131\u011fa g\u00f6melim, haramilerin iktidar\u0131n\u0131 y\u0131k\u0131p halk\u0131n iktidar\u0131n\u0131 kural\u0131m&#8221; diye konu\u015ftu.<\/p>\n<p style=\"text-align: justify;\">Kemal K\u0131l\u0131\u00e7daro\u011flu, Ba\u015fbakan Erdo\u011fan&#8217;\u0131n &#8220;T\u00fcrkiye&#8217;deki 9 milyon emeklinin oyunun \u00e7antada keklik oldu\u011fu&#8221; g\u00f6r\u00fc\u015f\u00fcnde oldu\u011funu ileri s\u00fcrerek, s\u00f6zlerini \u015f\u00f6yle s\u00fcrd\u00fcrd\u00fc:<\/p>\n<p style=\"text-align: justify;\">&#8220;\u00c7antada keklik de\u011filse emekli karde\u015flerim iyi d\u00fc\u015f\u00fcns\u00fcn. Onlara milli gelir art\u0131\u015f\u0131ndan pay verilmez diye yasa \u00e7\u0131karan, onlar\u0131n intibak yasas\u0131n\u0131 \u00e7\u0131karmayan, s\u00f6zde genel sa\u011fl\u0131k sigortas\u0131nda para al\u0131nmayacakt\u0131, kimse hi\u00e7 bedel \u00f6demeyecekti diyen Recep Tayyip Erdo\u011fan&#8230; &#8216;Hay\u0131r&#8217; diyorsa emekli karde\u015flerim dersini vermek, hesab\u0131n\u0131 sormak zorundad\u0131r. 9 milyon emekli ve onlar\u0131n e\u015flerine sesleniyorum: Size birinci s\u0131n\u0131f yurtta\u015f yolunu a\u00e7acak olan halk\u0131n iktidar\u0131d\u0131r, yani Cumhuriyet Halk Partisidir, yani sosyal demokratlard\u0131r.&#8221;<\/p>\n<p style=\"text-align: justify;\"><strong>&#8220;Irakl\u0131&#8217;n\u0131n y\u00fcz\u00fcne nas\u0131l bakacak&#8221; <\/strong><\/p>\n<p style=\"text-align: justify;\">B\u00fcy\u00fck Ortado\u011fu Projesi&#8217;ne de de\u011finen K\u0131l\u0131\u00e7daro\u011flu, \u015f\u00f6yle konu\u015ftu:<\/p>\n<p style=\"text-align: justify;\">&#8220;\u015eimdi Recep Bey&#8217;e soral\u0131m, Irak&#8217;ta binlerce, milyonlarca insan \u00f6ld\u00fcr\u00fcld\u00fc, y\u00fczbinlerce kad\u0131na tecav\u00fcz edildi. Bu projenin e\u015f ba\u015fkan\u0131 olan Recep Bey defalarca dedi &#8216;Ben bu projenin e\u015fba\u015fkan\u0131y\u0131m&#8217; diye. \u0130nkar ederse o ses kasetlerini onun yakas\u0131na ili\u015ftirece\u011fim, s\u00f6z veriyorum size. B\u00fcy\u00fck Ortado\u011fu Projesi&#8217;nin E\u015f Ba\u015fkan\u0131 acaba Irak&#8217;ta olan olaylar\u0131n sorumlusu de\u011fil mi? Amerikal\u0131lar gittiler \u015fimdi. Merak ediyorum, bu beyefendi Irak&#8217;a nas\u0131l gidecek, Irakl\u0131n\u0131n y\u00fcz\u00fcne nas\u0131l bakacak diye&#8230; Bunun hesab\u0131n\u0131 sormayacak m\u0131y\u0131z, sormam\u0131z laz\u0131m de\u011fil mi? Soraca\u011f\u0131z, hi\u00e7 meraklanmay\u0131n.&#8221;<\/p>\n<p style=\"text-align: justify;\">T\u00fcrkiye&#8217;de bug\u00fcne kadar \u00e7ok kente, 180&#8217;e yak\u0131n il\u00e7eye gitti\u011fini bildiren K\u0131l\u0131\u00e7daro\u011flu, \u015funlar\u0131 s\u00f6yledi:<\/p>\n<p style=\"text-align: justify;\">&#8220;Yurtta\u015flar\u0131m\u0131zla beraber olduk. Bu g\u00fczel co\u011frafyada karde\u015f\u00e7e ya\u015fayaca\u011f\u0131z, dost\u00e7a ya\u015fayaca\u011f\u0131z, birlikte, huzur i\u00e7inde ya\u015fayaca\u011f\u0131z. Do\u011fudan bat\u0131ya, kuzeyden g\u00fcneye ayd\u0131nl\u0131k T\u00fcrkiye&#8217;de ya\u015faman\u0131n yolu sizin g\u00fcc\u00fcn\u00fczd\u00fcr. Tek umudum sizsiniz. Yetki verin, umuda ko\u015fay\u0131m ben. Umudum, g\u00fcc\u00fcm sizsiniz, yetki, g\u00fc\u00e7 sizde, S\u00fcleyman sizsiniz. M\u00fchr\u00fc do\u011frudan, adaletten, al\u0131n terinden, emekten, mazlumdan yana bas\u0131n ve diyin ki &#8216;hay\u0131r, hay\u0131r&#8217;. Hay\u0131rl\u0131 olsun oylar\u0131n\u0131z.&#8221;<\/p>\n<p style=\"text-align: justify;\"><a href=\"http:\/\/www.cnnturk.com\/2010\/turkiye\/09\/05\/danistaya.basvurma.hakki.elinizden.aliniyor\/588880.0\/index.html\" target=\"_blank\"><span style=\"color: #888888;\">CNN T\u00dcRK<\/span><\/a><\/p>\n","protected":false},"excerpt":{"rendered":"<p style=\"text-align: center;\">\n<p style=\"text-align: justify;\">CHP Lideri Kemal K\u0131l\u0131\u00e7daro\u011flu Konya&#8217;dan sonra Ankara&#8217;da konu\u015ftu. AK Parti&#8217;nin iftar yemeklerini propaganda i\u00e7in kullanmas\u0131n\u0131 ele\u015ftirdi ve halk\u0131n Dan\u0131\u015ftay&#8217;a ba\u015fvuru hakk\u0131n\u0131n elinden al\u0131naca\u011f\u0131n\u0131 s\u00f6yledi.<\/p>\n<p style=\"text-align: justify;\">K\u0131l\u0131\u00e7daro\u011flu, partisince Tando\u011fan Meydan\u0131&#8217;nda d\u00fczenlenen mitingde yapt\u0131\u011f\u0131 konu\u015fmaya &#8220;Geliyoruz bir de\u011fil, bin de\u011fil milyonlarla halk\u0131n iktidar\u0131n\u0131 kurmaya geliyoruz&#8221; diyerek ba\u015flad\u0131. <\/p>\n","protected":false},"author":1,"featured_media":0,"comment_status":"open","ping_status":"closed","sticky":false,"template":"","format":"standard","meta":{"footnotes":""},"categories":[105],"tags":[],"class_list":["post-25378","post","type-post","status-publish","format-standard","hentry","category-gundem","odd"],"_links":{"self":[{"href":"http:\/\/www.korhanyilmaz.com\/index.php?rest_route=\/wp\/v2\/posts\/25378","targetHints":{"allow":["GET"]}}],"collection":[{"href":"http:\/\/www.korhanyilmaz.com\/index.php?rest_route=\/wp\/v2\/posts"}],"about":[{"href":"http:\/\/www.korhanyilmaz.com\/index.php?rest_route=\/wp\/v2\/types\/post"}],"author":[{"embeddable":true,"href":"http:\/\/www.korhanyilmaz.com\/index.php?rest_route=\/wp\/v2\/users\/1"}],"replies":[{"embeddable":true,"href":"http:\/\/www.korhanyilmaz.com\/index.php?rest_route=%2Fwp%2Fv2%2Fcomments&post=25378"}],"version-history":[{"count":0,"href":"http:\/\/www.korhanyilmaz.com\/index.php?rest_route=\/wp\/v2\/posts\/25378\/revisions"}],"wp:attachment":[{"href":"http:\/\/www.korhanyilmaz.com\/index.php?rest_route=%2Fwp%2Fv2%2Fmedia&parent=25378"}],"wp:term":[{"taxonomy":"category","embeddable":true,"href":"http:\/\/www.korhanyilmaz.com\/index.php?rest_route=%2Fwp%2Fv2%2Fcategories&post=25378"},{"taxonomy":"post_tag","embeddable":true,"href":"http:\/\/www.korhanyilmaz.com\/index.php?rest_route=%2Fwp%2Fv2%2Ftags&post=25378"}],"curies":[{"name":"wp","href":"https:\/\/api.w.org\/{rel}","templated":true}]}}