{"id":25370,"date":"2010-09-05T00:29:27","date_gmt":"2010-09-04T21:29:27","guid":{"rendered":"http:\/\/www.korhanyilmaz.com\/?p=25370"},"modified":"2010-09-05T00:29:27","modified_gmt":"2010-09-04T21:29:27","slug":"buyuk-kusku-3-agustosta-ne-oldu","status":"publish","type":"post","link":"http:\/\/www.korhanyilmaz.com\/?p=25370","title":{"rendered":"B\u00fcy\u00fck ku\u015fku: 3 A\u011fustos&#8217;ta ne oldu?"},"content":{"rendered":"<p style=\"text-align: center;\"><a href=\"http:\/\/www.korhanyilmaz.com\/wp-content\/uploads\/2010\/09\/0931.jpg\"  class=\"lightview\"><img loading=\"lazy\" decoding=\"async\" class=\"aligncenter size-full wp-image-25372\" src=\"http:\/\/www.korhanyilmaz.com\/wp-content\/uploads\/2010\/09\/0931.jpg\" alt=\"\" width=\"464\" height=\"247\" \/><\/a><\/p>\n<p style=\"text-align: justify;\">CHP, Bal\u0131kesir Milletvekili Erg\u00fcn Aydo\u011fan, 3 A\u011fustos\u2019ta Merkezi N\u00fcfus \u0130daresi Sistemi\u2019nin (MERN\u0130S) bir g\u00fcn s\u00fcreyle \u00e7al\u0131\u015fmad\u0131\u011f\u0131n\u0131 s\u00f6yledi.<\/p>\n<p style=\"text-align: justify;\">ANKARA  &#8211; CHP, referandumda son d\u00fczl\u00fc\u011fe girilirken, ku\u015fku yaratan bir iddiay\u0131 ortaya att\u0131. CHP Bal\u0131kesir Milletvekili Erg\u00fcn Aydo\u011fan 3 A\u011fustos\u2019ta Merkezi N\u00fcfus \u0130daresi Sistemi\u2019nin (MERN\u0130S) bir g\u00fcn s\u00fcreyle \u00e7al\u0131\u015fmad\u0131\u011f\u0131n\u0131 s\u00f6yledi. <!--more--><\/p>\n<p style=\"text-align: justify;\">Aydo\u011fan, Bal\u0131kesir\u2019deki referandum \u00e7al\u0131\u015fmalar\u0131nda vatanda\u015flardan yo\u011fun olarak gelen bir \u015fikayetle kar\u015f\u0131la\u015ft\u0131\u011f\u0131n\u0131 anlatt\u0131 ve \u015funlar\u0131 s\u00f6yledi:<\/p>\n<p style=\"text-align: justify;\">\u201cVatanda\u015flar listelerde isimlerini g\u00f6remeyince il ve il\u00e7e se\u00e7im kurullar\u0131na giderek yanl\u0131\u015fl\u0131\u011f\u0131n d\u00fczeltilmesini istiyor. Vahim olan ise 3 A\u011fustos g\u00fcn\u00fc MERN\u0130S sistemi 24 saat boyunca \u00e7al\u0131\u015fm\u0131yor. O g\u00fcn i\u015flem yap\u0131lm\u0131yor\u2019\u2019<\/p>\n<p style=\"text-align: justify;\"><strong><a href=\"http:\/\/www.korhanyilmaz.com\/wp-content\/uploads\/2010\/09\/094.png\"  class=\"lightview\"><img loading=\"lazy\" decoding=\"async\" class=\"alignleft size-full wp-image-25373\" style=\"margin-left: 10px; margin-right: 10px;\" src=\"http:\/\/www.korhanyilmaz.com\/wp-content\/uploads\/2010\/09\/094.png\" alt=\"\" width=\"162\" height=\"161\" \/><\/a>DER\u0130N KU\u015eKU<\/strong><\/p>\n<p style=\"text-align: justify;\">Se\u00e7im sisteminn m\u00fcdahaleye a\u00e7\u0131k oldu\u011funu belirten Aydo\u011fan, \u201c 3 A\u011fustos g\u00fcn\u00fc ne oldu\u011fu a\u00e7\u0131klans\u0131n. M\u00fcdahale mi edildi \u0130ki y\u0131l i\u00e7inde 7 milyondan fazla yeni se\u00e7me ortaya \u00e7\u0131kt\u0131. Se\u00e7im sistemi ve g\u00fcvenli\u011fi konusunda herkeste bir kayg\u0131 var\u201d dedi. Aydo\u011fan, se\u00e7im sistemindeki yaz\u0131l\u0131mlar\u0131n mutlaka siyasi partilerin denetimine a\u00e7\u0131lmas\u0131 gerekti\u011fini vurgulad\u0131.<\/p>\n<p style=\"text-align: justify;\"><strong>BA\u015eVURU YSK\u2019DA<\/strong><\/p>\n<p style=\"text-align: justify;\">SE\u00c7S\u0130S konusunda ku\u015fkular, CHP Adana milletvekili Tacidar Seyhan taraf\u0131ndan da dile getirildi, Seyhan, haz\u0131rlad\u0131\u011f\u0131 raporda, Havelsan taraf\u0131ndan kriptolanan yaz\u0131l\u0131m\u0131n g\u00fcvenli\u011fi hakk\u0131nda ciddi endi\u015feler oldu\u011funu belirterek, datalar\u0131n kay\u0131t i\u015fleminin mutlaka T\u00dcB\u0130TAK\u2019\u0131n geli\u015ftirdi\u011fi \u201czaman damgas\u0131\u201d ile yap\u0131lmas\u0131 gerekti\u011fini vurgulad\u0131.<\/p>\n<p style=\"text-align: justify;\"><a href=\"http:\/\/www.gazeteport.com.tr\/SIYASET\/NEWS\/GP_758270\" target=\"_blank\"><span style=\"color: #888888;\">Kaynak : Yusuf Sahici &#8211; GAZETEPORT<\/span><\/a><\/p>\n","protected":false},"excerpt":{"rendered":"<p style=\"text-align: center;\">\n<p style=\"text-align: justify;\">CHP, Bal\u0131kesir Milletvekili Erg\u00fcn Aydo\u011fan, 3 A\u011fustos\u2019ta Merkezi N\u00fcfus \u0130daresi Sistemi\u2019nin (MERN\u0130S) bir g\u00fcn s\u00fcreyle \u00e7al\u0131\u015fmad\u0131\u011f\u0131n\u0131 s\u00f6yledi.<\/p>\n<p style=\"text-align: justify;\">ANKARA &#8211; CHP, referandumda son d\u00fczl\u00fc\u011fe girilirken, ku\u015fku yaratan bir iddiay\u0131 ortaya att\u0131. CHP Bal\u0131kesir Milletvekili Erg\u00fcn Aydo\u011fan 3 A\u011fustos\u2019ta Merkezi N\u00fcfus \u0130daresi Sistemi\u2019nin (MERN\u0130S) bir g\u00fcn s\u00fcreyle \u00e7al\u0131\u015fmad\u0131\u011f\u0131n\u0131 s\u00f6yledi. <\/p>\n","protected":false},"author":1,"featured_media":0,"comment_status":"open","ping_status":"closed","sticky":false,"template":"","format":"standard","meta":{"footnotes":""},"categories":[105],"tags":[],"class_list":["post-25370","post","type-post","status-publish","format-standard","hentry","category-gundem","odd"],"_links":{"self":[{"href":"http:\/\/www.korhanyilmaz.com\/index.php?rest_route=\/wp\/v2\/posts\/25370","targetHints":{"allow":["GET"]}}],"collection":[{"href":"http:\/\/www.korhanyilmaz.com\/index.php?rest_route=\/wp\/v2\/posts"}],"about":[{"href":"http:\/\/www.korhanyilmaz.com\/index.php?rest_route=\/wp\/v2\/types\/post"}],"author":[{"embeddable":true,"href":"http:\/\/www.korhanyilmaz.com\/index.php?rest_route=\/wp\/v2\/users\/1"}],"replies":[{"embeddable":true,"href":"http:\/\/www.korhanyilmaz.com\/index.php?rest_route=%2Fwp%2Fv2%2Fcomments&post=25370"}],"version-history":[{"count":0,"href":"http:\/\/www.korhanyilmaz.com\/index.php?rest_route=\/wp\/v2\/posts\/25370\/revisions"}],"wp:attachment":[{"href":"http:\/\/www.korhanyilmaz.com\/index.php?rest_route=%2Fwp%2Fv2%2Fmedia&parent=25370"}],"wp:term":[{"taxonomy":"category","embeddable":true,"href":"http:\/\/www.korhanyilmaz.com\/index.php?rest_route=%2Fwp%2Fv2%2Fcategories&post=25370"},{"taxonomy":"post_tag","embeddable":true,"href":"http:\/\/www.korhanyilmaz.com\/index.php?rest_route=%2Fwp%2Fv2%2Ftags&post=25370"}],"curies":[{"name":"wp","href":"https:\/\/api.w.org\/{rel}","templated":true}]}}