{"id":25359,"date":"2010-09-03T14:44:29","date_gmt":"2010-09-03T11:44:29","guid":{"rendered":"http:\/\/www.korhanyilmaz.com\/?p=25359"},"modified":"2010-09-03T14:44:29","modified_gmt":"2010-09-03T11:44:29","slug":"isci-partisinden-suc-duyurusu","status":"publish","type":"post","link":"http:\/\/www.korhanyilmaz.com\/?p=25359","title":{"rendered":"\u0130\u015f\u00e7i Partisi&#8217;nden Su\u00e7 Duyurusu"},"content":{"rendered":"<p style=\"text-align: center;\"><a href=\"http:\/\/www.korhanyilmaz.com\/wp-content\/uploads\/2010\/09\/090.jpg\"  class=\"lightview\"><img loading=\"lazy\" decoding=\"async\" class=\"aligncenter size-full wp-image-25360\" src=\"http:\/\/www.korhanyilmaz.com\/wp-content\/uploads\/2010\/09\/090.jpg\" alt=\"\" width=\"374\" height=\"199\" \/><\/a><\/p>\n<p style=\"text-align: justify;\">&#8220;Silivri&#8217;ye \u00f6zg\u00fcrl\u00fck y\u00fcr\u00fcy\u00fc\u015f\u00fc&#8221;n\u00fcn \u00c7orlu aya\u011f\u0131nda polisin sert m\u00fcdahalesiyle kar\u015f\u0131la\u015fan \u0130\u015f\u00e7i Partisi \u00fcyeleri, bug\u00fcn su\u00e7 duyurusunda bulundular. Merkez Karar Kurulu \u00dcyesi Zafer \u015een, adliye \u00f6n\u00fcnde yapt\u0131\u011f\u0131 a\u00e7\u0131klamada &#8220;\u00c7orlu, hakl\u0131n\u0131n de\u011fil g\u00fc\u00e7l\u00fcn\u00fcn sesinin \u00e7\u0131kt\u0131\u011f\u0131 bir yer durumuna gelmi\u015ftir &#8221; dedi. <!--more--><\/p>\n<p style=\"text-align: justify;\">\u0130\u015f\u00e7i Partisi&#8217;nin 21-23 A\u011fustos tarihlerinde d\u00fczenledi\u011fi &#8220;Silivri&#8217;ye \u00f6zg\u00fcrl\u00fck y\u00fcr\u00fcy\u00fc\u015f\u00fc&#8221;nde, \u00c7orlu&#8217;da bas\u0131n a\u00e7\u0131klamas\u0131 yapan partililere polis b\u00f6yle m\u00fcdahale etmi\u015fti.<\/p>\n<p style=\"text-align: justify;\">M\u00fcdahalenin ard\u0131ndan \u0130\u015f\u00e7i Partisi Merkez Karar Kurulu \u00fcyesi Zafer \u015een, \u00c7orlu \u0130l\u00e7e Ba\u015fkan\u0131 Ertu\u011frul Orta, Tekirda\u011f y\u00f6neticileri Mustafa Ozan ve \u00fcyeler Emre Alican Y\u00fccel ile H\u00fcseyin Kadri G\u00fcltekin g\u00f6zalt\u0131na al\u0131nm\u0131\u015ft\u0131.<\/p>\n<p style=\"text-align: justify;\">G\u00f6zalt\u0131na al\u0131nan 5 partili \u00c7orlu Cumhuriyet Ba\u015fsavc\u0131l\u0131\u011f\u0131&#8217;na ba\u015fvurarak, \u0130l\u00e7e Emniyet M\u00fcd\u00fcr\u00fc Ayhan Ta\u015f ve polis memurlar\u0131 hakk\u0131nda su\u00e7 duyurusunda bulundular.<\/p>\n<p style=\"text-align: justify;\">Su\u00e7 duyurusunun ard\u0131ndan, \u0130\u015f\u00e7i Partisi Merkez Karar Kurulu \u00dcyesi Zafer \u015een, adliye \u00f6n\u00fcnde bas\u0131n a\u00e7\u0131klamas\u0131 yapt\u0131.<\/p>\n<p style=\"text-align: justify;\"><a href=\"http:\/\/www.ulusalkanal.com.tr\/index.php?option=com_content&amp;view=article&amp;id=16812:c-partsnden-suc-duyurusu&amp;catid=60:mektup-koeesi\" target=\"_blank\"><span style=\"color: #888888;\">Kaynak : Ulusal Kanal<\/span><\/a><\/p>\n","protected":false},"excerpt":{"rendered":"<p style=\"text-align: center;\">\n<p style=\"text-align: justify;\">&#8220;Silivri&#8217;ye \u00f6zg\u00fcrl\u00fck y\u00fcr\u00fcy\u00fc\u015f\u00fc&#8221;n\u00fcn \u00c7orlu aya\u011f\u0131nda polisin sert m\u00fcdahalesiyle kar\u015f\u0131la\u015fan \u0130\u015f\u00e7i Partisi \u00fcyeleri, bug\u00fcn su\u00e7 duyurusunda bulundular. Merkez Karar Kurulu \u00dcyesi Zafer \u015een, adliye \u00f6n\u00fcnde yapt\u0131\u011f\u0131 a\u00e7\u0131klamada &#8220;\u00c7orlu, hakl\u0131n\u0131n de\u011fil g\u00fc\u00e7l\u00fcn\u00fcn sesinin \u00e7\u0131kt\u0131\u011f\u0131 bir yer durumuna gelmi\u015ftir &#8221; dedi. <\/p>\n","protected":false},"author":1,"featured_media":0,"comment_status":"open","ping_status":"closed","sticky":false,"template":"","format":"standard","meta":{"footnotes":""},"categories":[105],"tags":[],"class_list":["post-25359","post","type-post","status-publish","format-standard","hentry","category-gundem","odd"],"_links":{"self":[{"href":"http:\/\/www.korhanyilmaz.com\/index.php?rest_route=\/wp\/v2\/posts\/25359","targetHints":{"allow":["GET"]}}],"collection":[{"href":"http:\/\/www.korhanyilmaz.com\/index.php?rest_route=\/wp\/v2\/posts"}],"about":[{"href":"http:\/\/www.korhanyilmaz.com\/index.php?rest_route=\/wp\/v2\/types\/post"}],"author":[{"embeddable":true,"href":"http:\/\/www.korhanyilmaz.com\/index.php?rest_route=\/wp\/v2\/users\/1"}],"replies":[{"embeddable":true,"href":"http:\/\/www.korhanyilmaz.com\/index.php?rest_route=%2Fwp%2Fv2%2Fcomments&post=25359"}],"version-history":[{"count":0,"href":"http:\/\/www.korhanyilmaz.com\/index.php?rest_route=\/wp\/v2\/posts\/25359\/revisions"}],"wp:attachment":[{"href":"http:\/\/www.korhanyilmaz.com\/index.php?rest_route=%2Fwp%2Fv2%2Fmedia&parent=25359"}],"wp:term":[{"taxonomy":"category","embeddable":true,"href":"http:\/\/www.korhanyilmaz.com\/index.php?rest_route=%2Fwp%2Fv2%2Fcategories&post=25359"},{"taxonomy":"post_tag","embeddable":true,"href":"http:\/\/www.korhanyilmaz.com\/index.php?rest_route=%2Fwp%2Fv2%2Ftags&post=25359"}],"curies":[{"name":"wp","href":"https:\/\/api.w.org\/{rel}","templated":true}]}}