{"id":25355,"date":"2010-09-03T09:26:59","date_gmt":"2010-09-03T06:26:59","guid":{"rendered":"http:\/\/www.korhanyilmaz.com\/?p=25355"},"modified":"2010-09-03T09:26:59","modified_gmt":"2010-09-03T06:26:59","slug":"mhpye-sizin-gorusturduklerinizle-gorusturdum","status":"publish","type":"post","link":"http:\/\/www.korhanyilmaz.com\/?p=25355","title":{"rendered":"MHP&#8217;ye: &#8220;Sizin g\u00f6r\u00fc\u015ft\u00fcrd\u00fcklerinizle g\u00f6r\u00fc\u015ft\u00fcrd\u00fcm&#8221;"},"content":{"rendered":"<p style=\"text-align: center;\"><a href=\"http:\/\/www.korhanyilmaz.com\/wp-content\/uploads\/2010\/09\/089.jpg\"  class=\"lightview\"><img loading=\"lazy\" decoding=\"async\" class=\"size-full wp-image-25356 aligncenter\" src=\"http:\/\/www.korhanyilmaz.com\/wp-content\/uploads\/2010\/09\/089.jpg\" alt=\"\" width=\"292\" height=\"210\" \/><\/a><\/p>\n<p style=\"text-align: justify;\">Ba\u015fbakan Recep Tayyip Erdo\u011fan, &#8220;\u0130mral\u0131  ile g\u00f6r\u00fc\u015fme&#8221; poleme\u011finde topu MHP&#8217;ye att\u0131; &#8220;O d\u00f6nemde g\u00f6r\u00fc\u015fmeleri siz kimlerle yapt\u0131rd\u0131ysan\u0131z ben de onlarla yapt\u0131rd\u0131m, o kadar basit&#8221; dedi. Erdo\u011fan, referandumdan &#8220;hay\u0131r&#8221; \u00e7\u0131karsa demokrasi ve ekonomide ciddi travma olaca\u011f\u0131n\u0131 da s\u00f6yledi.<!--more--><\/p>\n<p style=\"text-align: justify;\">Ba\u015fbakan Erdo\u011fan, TV8&#8217;nin canl\u0131 yay\u0131n\u0131nda g\u00fcndeme ili\u015fkin sorular\u0131 yan\u0131tlad\u0131.<\/p>\n<p style=\"text-align: justify;\">&#8220;MHP&#8217;li s\u00f6zc\u00fcler, sizinle do\u011frudan irtibat\u0131 olmasa bile referandum konusunda ter\u00f6rist ba\u015f\u0131yla bir pazarl\u0131k y\u00fcr\u00fct\u00fcld\u00fc\u011f\u00fcn\u00fc iddia ettiler. Bunu nas\u0131l de\u011ferlendiriyorsunuz&#8221; sorusu \u00fczerine Ba\u015fbakan Erdo\u011fan, &#8220;Buna ben \u015fa\u015far\u0131m&#8221; dedi.<\/p>\n<p style=\"text-align: justify;\">Arzular\u0131n\u0131n parlamento i\u00e7erisinde bir Anayasa de\u011fi\u015fikli\u011fi yap\u0131lmas\u0131 oldu\u011funu belirten Erdo\u011fan, &#8220;Biz &#8216;gelin bunu parlamentoda ba\u015faral\u0131m&#8217; dedik. O zaman zikretti\u011finiz MHP, &#8216;se\u00e7imlere bir y\u0131l var. Se\u00e7imden sonra bunu yeni parlamento yaps\u0131n&#8217; dedi. Say\u0131n Toptan, daha Meclis Ba\u015fkan\u0131 iken, hepsine mektup yazarak, &#8216;gelin, bir Anayasa Uzla\u015fma Komisyonu kural\u0131m ve yeni bir anayasa haz\u0131rlayal\u0131m&#8217; dedi. CHP ise &#8216;Ben Uzla\u015fma Komisyonu&#8217;nda yer almam&#8217; a\u00e7\u0131klamas\u0131nda bulundu. Di\u011ferleriyle bu i\u015fin yap\u0131lmas\u0131 da uygun g\u00f6r\u00fclmedi ve kesildi. Bir y\u0131l var. 24 saat siyasette \u00e7ok uzun bir zamand\u0131r. Ni\u00e7in siz bir seneyi yok farz ediyorsunuz? Bunu, Anayasa de\u011fi\u015fikli\u011fini, parlamentoda bitirebilirdik. Yine beraber, el ele bitirirdik. Kendilerine teklifimizi yapt\u0131k, otururduk, g\u00f6r\u00fc\u015f\u00fcrd\u00fck&#8221; dedi.<\/p>\n<p style=\"text-align: justify;\">Erdo\u011fan, &#8220;Vekiller olarak, bizler bu i\u015fi orada bitirebilirdik ama MHP ne yapt\u0131? &#8216;Ancak kahve i\u00e7meye gelirsiniz&#8217; dedi. Bu kadar i\u015fi suland\u0131rd\u0131. CHP, daha kapa\u011f\u0131n\u0131 a\u00e7madan, &#8216;hay\u0131r, biz bu i\u015fin i\u00e7erisinde yokuz&#8217; dedi. Bir araya gelmesi m\u00fcmk\u00fcn olmayanlar, CHP, MHP, BDP, T\u00fcrkiye Kom\u00fcnist Partisi, YARSAV, \u0130\u015f\u00e7i Partisi hepsi bir araya gelerek, &#8216;hay\u0131r&#8217; cephesi olu\u015fturdular. \u015eu anda ortaya \u00e7\u0131kan tablo, \u00e7ok ilgin\u00e7&#8230;&#8221; diye konu\u015ftu.<\/p>\n<p style=\"text-align: justify;\">Erdo\u011fan&#8217;\u0131n a\u00e7\u0131klamalar\u0131n\u0131n ard\u0131ndan, gazetecinin, &#8220;Ama onlar diyorlar ki, &#8216;Say\u0131n Ba\u015fbakan tabii kendisi takaya binip de ter\u00f6rist ba\u015f\u0131yla g\u00f6r\u00fc\u015ft\u00fc demiyoruz. Adamlar\u0131n\u0131 g\u00f6nderdi, &#8216;evet&#8217; desinler BDP&#8217;liler diye&#8221; s\u00f6zleri \u00fczerine Ba\u015fbakan Erdo\u011fan, &#8220;\u0130ddias\u0131n\u0131 ispatla m\u00fckelleftir. Onun &#8216;takaya binip g\u00f6nderdi&#8217; dedi\u011fi elemanlar noktas\u0131nda, ayn\u0131 \u015feyi ben kendilerine s\u00f6ylerim. \u0130mral\u0131 adas\u0131na siz yerle\u015ftirdiniz ve yerle\u015ftirdikten sonra siz kimlerle bu g\u00f6r\u00fc\u015fmeleri yapt\u0131r\u0131yorsan\u0131z o d\u00f6nemde, ben de ayn\u0131 insanlarla o g\u00f6r\u00fc\u015fmeyi yapt\u0131r\u0131yorum. Olay bu kadar basit&#8221; dedi.<\/p>\n<p style=\"text-align: justify;\">Erdo\u011fan, ter\u00f6r \u00f6rg\u00fct\u00fc eleba\u015f\u0131yla g\u00f6r\u00fc\u015fme yap\u0131ld\u0131\u011f\u0131 iddialar\u0131yla ilgili olarak, &#8220;G\u00f6r\u00fc\u015fmeler noktas\u0131nda da bu \u00fclkenin istihbari \u00f6rg\u00fctleri g\u00f6r\u00fc\u015f\u00fcr. Neyi g\u00f6r\u00fc\u015f\u00fcr? Ter\u00f6r\u00fc, acaba minimize eder miyim, ter\u00f6r\u00fc bu \u00fclkede yok edebilir miyim? Bu gibi d\u00fc\u015f\u00fcncelerle \u00fclkemizin gelece\u011fi, halk\u0131m\u0131z\u0131n, milletimizin gelece\u011fi i\u00e7in bu g\u00f6r\u00fc\u015fmeleri yapar&#8221; dedi.<\/p>\n<p style=\"text-align: justify;\"><strong>&#8220;Ter\u00f6r \u00f6rg\u00fct\u00fcnde s\u0131k\u0131nt\u0131lar var&#8221; <\/strong><\/p>\n<p style=\"text-align: justify;\">&#8220;Ter\u00f6r \u00f6rg\u00fct\u00fcn\u00fcn ba\u015f\u0131 \u0130mral\u0131&#8217;da. Fakat, sanki oradan ter\u00f6r \u00f6rg\u00fct\u00fcn\u00fc y\u00f6netiyormu\u015f gibi bir izlenim ortaya \u00e7\u0131k\u0131yor. Sanki oradan birtak\u0131m mesajlar birilerine gidiyor? Burada bir gariplik yok mu&#8221; sorusu \u00fczerine de Erdo\u011fan, kendisinin bu izlenimi payla\u015fmad\u0131\u011f\u0131n\u0131 s\u00f6yledi.<\/p>\n<p style=\"text-align: justify;\">Erdo\u011fan, b\u00f6yle bir havan\u0131n olu\u015fturulmaya \u00e7al\u0131\u015f\u0131ld\u0131\u011f\u0131n\u0131 ifade ederek, &#8220;Kendi tespitlerimi s\u00f6yl\u00fcyorum. \u015eu anda ter\u00f6r \u00f6rg\u00fct\u00fcn\u00fcn, da\u011fda, \u015fehirde ve yurt d\u0131\u015f\u0131nda bir yap\u0131lanmas\u0131 var ve bu yap\u0131lanmalar kendi i\u00e7inde de belli s\u0131k\u0131nt\u0131lar\u0131 ya\u015f\u0131yorlar. \u015eu anda bu s\u0131k\u0131nt\u0131lar art\u0131k kendini g\u00f6stermeye ba\u015flad\u0131. Yurt d\u0131\u015f\u0131nda \u00f6zellikle bir siyasal yap\u0131lanmas\u0131 var. Yurt d\u0131\u015f\u0131ndaki siyasal yap\u0131lanma da etkinli\u011fini s\u00fcrd\u00fcr\u00fcyor&#8221; diye konu\u015ftu.<\/p>\n<p style=\"text-align: justify;\">Eylemsizlik karar\u0131n\u0131n son bir ayda al\u0131nmad\u0131\u011f\u0131n\u0131 s\u00f6yleyen Erdo\u011fan, &#8220;Bundan \u00f6nce de eylemsizlik karar\u0131 al\u0131nm\u0131\u015ft\u0131r. \u00c7\u00fcnk\u00fc, bu eylemsizlik karar\u0131n\u0131n al\u0131nmas\u0131n\u0131n getirisi g\u00f6t\u00fcr\u00fcs\u00fcn\u00fc de onlar kendilerine g\u00f6re hesapl\u0131yorlar. Benim K\u00fcrt k\u00f6kenli vatanda\u015flar\u0131m, karde\u015flerim, ter\u00f6r \u00f6rg\u00fct\u00fcn\u00fcn kendilerini temsil etmedi\u011fini g\u00f6r\u00fcyorlar. Bundan \u00e7ok ciddi s\u0131k\u0131nt\u0131 \u00e7ekiyorlar. Art\u0131k, &#8216;bu bitsin&#8217; diyorlar. \u00c7\u00fcnk\u00fc, onlar da enerji kaybettiler, \u00e7ok ciddi bir yorgunluk i\u00e7indeler. Ter\u00f6r\u00fc, bir sekt\u00f6r olarak g\u00f6renler var. Ter\u00f6r\u00fc, bir sekt\u00f6r olarak g\u00f6renler ise bunun ya\u015famas\u0131n\u0131, devam\u0131n\u0131 istiyor. \u00c7\u00fcnk\u00fc oradan nemalan\u0131yor. Uyu\u015fturucu ka\u00e7ak\u00e7\u0131l\u0131\u011f\u0131, insan ka\u00e7ak\u00e7\u0131l\u0131\u011f\u0131 ve \u00f6zellikle yurt d\u0131\u015f\u0131nda bir\u00e7ok ticari organizasyonlar, hatta i\u00e7eride baz\u0131 ticari organizasyonlar\u0131n hepsi ter\u00f6r \u00f6rg\u00fct\u00fcyle i\u00e7 i\u00e7e y\u00fcr\u00fcyor. Bunun devam\u0131 neye ba\u011fl\u0131? Ter\u00f6r\u00fcn devam\u0131na ba\u011fl\u0131. Bunu engellemek i\u00e7in de tabii ki, baz\u0131 ad\u0131mlar\u0131n at\u0131lmas\u0131 gerekiyor. Nitekim bizim \u015fu anda, \u00f6zellikle bu g\u00fcvenlikle ilgili yasala\u015ft\u0131rd\u0131\u011f\u0131m\u0131z m\u00fcste\u015farl\u0131k, bu i\u015fin altyap\u0131s\u0131n\u0131 olu\u015ftursun diye bu ad\u0131m\u0131 att\u0131k. \u0130n\u015fallah, ondan da bu haz\u0131rl\u0131klar\u0131 bekliyoruz. Buradan da bir netice alaca\u011f\u0131m\u0131z\u0131 bekliyoruz&#8221; dedi.<\/p>\n<p style=\"text-align: justify;\"><strong>Genel af s\u00f6ylemleri <\/strong><\/p>\n<p style=\"text-align: justify;\">Mitinglerinde g\u00fcndeme gelen af s\u00f6ylemleri ile ile ilgili bir soru \u00fczerine de Erdo\u011fan, yo\u011fun bir bilgi kirlili\u011fi ve kara propaganda oldu\u011funu s\u00f6yledi. Erdo\u011fan, &#8220;T\u00fcrkiye Cumhuriyeti Ba\u015fbakan\u0131 olarak de\u011fil, bir vatanda\u015f olarak bir yak\u0131m\u0131n \u015fehit olmas\u0131 durumunda, kendim ad\u0131na birinin bunu affetmesine m\u00fcsaade etmem. Onu, tarih boyunca affetmem, ya\u015fad\u0131\u011f\u0131m s\u00fcrece affetmem&#8221; dedi.<\/p>\n<p style=\"text-align: justify;\">Ba\u015fbakan Erdo\u011fan, T\u00fcrkiye&#8217;nin 7 bin \u015fehit verdi\u011fini ifade ederek \u015f\u00f6yle devam etti: &#8220;Bu \u015fehitlerin yak\u0131nlar\u0131 var. Bu insanlar dururken, siz onlar\u0131n katili olarak bildiklerimizi affedebilir misiniz? Katilleri affetmek ba\u015fka bir \u015fey, ter\u00f6r\u00fcn i\u00e7erisinde yer almak ba\u015fka bir \u015fey. \u015eimdi kalk\u0131p da devlet, kendisine kar\u015f\u0131 i\u015flenilen su\u00e7lar\u0131 affedebilir, ama vatanda\u015f\u0131 \u00f6ld\u00fcrenleri affedemez. A\u011f\u0131rla\u015ft\u0131r\u0131lm\u0131\u015f m\u00fcebbet hapis ni\u00e7in var? Onlar i\u00e7in var. Ama biz, kalk\u0131p da devlet olarak bize kar\u015f\u0131 i\u015flenen bir su\u00e7ta bu aff\u0131 yapal\u0131m, ama kalk\u0131p da katili biz affetmeyelim. Bunlar, ayr\u0131 birer konu. Bundan sonra da farkl\u0131 \u015feylerin gelecekte ad\u0131m at\u0131lmas\u0131na neden olur. &#8216;Nas\u0131l olsa, yapan\u0131n yan\u0131n da kar kal\u0131yor&#8217; der. Vuran gider, vuran gider. Bu olmaz. Bir bedeli \u00f6demesi gerekir. E\u011fer siz, milli vicdan\u0131 rahatlatmazsan\u0131z, bu arkas\u0131ndan isyan\u0131 getirir.&#8221;<\/p>\n<p style=\"text-align: justify;\"><strong>Diyarbak\u0131r mitingi <\/strong><\/p>\n<p style=\"text-align: justify;\">Ba\u015fbakan Erdo\u011fan, &#8220;Diyarbak\u0131r&#8217;da yapaca\u011f\u0131 konu\u015fman\u0131n i\u00e7eri\u011finin ne olaca\u011f\u0131n\u0131n&#8221; sorulmas\u0131 \u00fczerine, Diyarbak\u0131r mitingi ile ilgili olarak haftalard\u0131r beklentileri art\u0131ran bir kampanya oldu\u011funu ve kendisinin de bunu anlamakta zorland\u0131\u011f\u0131n\u0131 s\u00f6yledi. Erdo\u011fan, &#8220;Zira, biz belli b\u00f6lgenin Ba\u015fbakan\u0131 de\u011filiz. T\u00fcrkiye Cumhuriyeti&#8217;nin Ba\u015fbakan\u0131y\u0131z. Asl\u0131nda 2005 A\u011fustos ay\u0131nda bir\u00e7ok mesajlar\u0131 verdik&#8221; dedi.<\/p>\n<p style=\"text-align: justify;\">Bir gazetecinin, &#8220;Referandum s\u00fcrecinde &#8216;evet&#8221;lerle &#8216;hay\u0131r&#8217;lar yar\u0131\u015f\u0131rken, Bar\u0131\u015f ve Demokrasi Partisi&#8217;nin sanki verece\u011fi oylar \u00f6nem kazand\u0131\u011f\u0131 i\u00e7in belki dikkat Diyarbak\u0131r&#8217;a do\u011fru y\u00f6neldi. Bu arada da ate\u015fkes ilan\u0131 asl\u0131nda lehine \u00e7al\u0131\u015ft\u0131 partinizin&#8230; Dolay\u0131s\u0131yla b\u00f6yle s\u00f6ylentilerin, \u0130mral\u0131 etraf\u0131ndan d\u00f6nen m\u00fcnaka\u015falar da buradan kaynakland\u0131 gibi. G\u00f6r\u00fc\u015ft\u00fc g\u00f6r\u00fc\u015fmedi gibi tart\u0131\u015fmalar cereyan etti. Devletin g\u00f6r\u00fc\u015ft\u00fc\u011f\u00fc sonunda kabul edildi ama bizim akl\u0131m\u0131za \u015f\u00f6yle bir soru tak\u0131ld\u0131; devletle h\u00fck\u00fcmet asl\u0131nda ayn\u0131 \u015feyler de\u011fil mi? Sizin direktifinizin haricinde mi birtak\u0131m olaylar cereyan ediyor&#8221; sorusuna Erdo\u011fan \u015f\u00f6yle yan\u0131t verdi:<\/p>\n<p style=\"text-align: justify;\">&#8220;Devletin s\u00fcreklili\u011fi vard\u0131r, h\u00fck\u00fcmetlerin s\u00fcreklili\u011fi yoktur. Biz, h\u00fck\u00fcmet olarak devlet denilen bu \u00f6nemli mekanizmay\u0131 alm\u0131\u015f\u0131z ve milletimizin bize verdi\u011fi yetkiyle y\u00f6netiyoruz ama bizden \u00f6nce de yine y\u00f6netenler vard\u0131. Ayn\u0131 mekanizmay\u0131 kulland\u0131lar. \u0130stihbari \u00f6rg\u00fctler olsun, \u00e7e\u015fitli bakanl\u0131klar belli yerlerle g\u00f6r\u00fc\u015fmeleri hep yapm\u0131\u015flard\u0131r, yaparlar. Ter\u00f6rist ba\u015f\u0131, birileri taraf\u0131ndan o zamanki y\u00f6netime teslim edilmi\u015ftir ve teslim edildikten sonra da o zamanki h\u00fck\u00fcmet yine bu mekanizma eliyle alm\u0131\u015ft\u0131r ve bug\u00fcnk\u00fc \u0130mral\u0131&#8217;ya yerle\u015ftirmi\u015ftir. \u015eimdi o zamanki h\u00fck\u00fcmetin orta\u011f\u0131 olan siyasi parti, \u00f6yle kampanyalar y\u00fcr\u00fctm\u00fc\u015ft\u00fcr ki, &#8216;Ni\u00e7in F tipi cezaevlerine ta\u015f\u0131nm\u0131yor?&#8217; \u0130mral\u0131&#8217;ya bunu yerle\u015ftiren sensin. Oraya yerle\u015ftirirken bu karar\u0131 veren organ i\u00e7erisindesin. \u015eimdi F tipi cezaevini konu\u015fuyorsun. O g\u00fcn \u0130mral\u0131&#8217;ya hangi nedenlerle, hangi saiklerle yerle\u015ftirdiysen, bug\u00fcn de orada ayn\u0131 saiklerle duruyor. Demek ki orada durmas\u0131n\u0131n bir nedeni, bir gerek\u00e7esi var. G\u00f6r\u00fc\u015fmeler safhas\u0131na gelince, g\u00f6r\u00fc\u015fmeler noktas\u0131nda da bu \u00fclkenin istihbari \u00f6rg\u00fctleri g\u00f6r\u00fc\u015f\u00fcr. Neyi g\u00f6r\u00fc\u015f\u00fcr? Ter\u00f6r\u00fc acaba minimize eder miyim, ter\u00f6r\u00fc bu \u00fclkede yok edebilir miyim? Bu gibi d\u00fc\u015f\u00fcncelerle \u00fclkemizin gelece\u011fi, halk\u0131m\u0131z\u0131n, milletimizin gelece\u011fi i\u00e7in bu g\u00f6r\u00fc\u015fmeleri yapar. Bunu sadece onlarla da yapmaz, adi su\u00e7larda da yapar. Bu, onlar\u0131n zaten do\u011fal g\u00f6revidir.&#8221;<\/p>\n<p style=\"text-align: justify;\"><strong>Referandumdan &#8220;hay\u0131r&#8221; \u00e7\u0131karsa&#8230; <\/strong><\/p>\n<p style=\"text-align: justify;\">Erdo\u011fan, referandumdan &#8220;hay\u0131r&#8221; \u00e7\u0131karsa demokrasi ve ekonomide ciddi travma olaca\u011f\u0131n\u0131 s\u00f6yledi.<\/p>\n<p style=\"text-align: justify;\">&#8220;Hay\u0131r&#8221; afi\u015flerinin azl\u0131\u011f\u0131na dikkat \u00e7ekilerek, &#8220;Evet konusunda mahalle bask\u0131s\u0131 m\u0131 var?&#8221; sorusuna kar\u015f\u0131l\u0131k Erdo\u011fan, &#8220;O kampanyay\u0131 y\u00fcr\u00fctenler nas\u0131l y\u00fcr\u00fct\u00fcyor bilemem. Mahalle bask\u0131s\u0131 diye bir \u015fey konu\u015facak olursak mahalle bask\u0131s\u0131n\u0131 bu &#8216;hay\u0131r&#8217; diyenler \u00e7ok iyi ba\u015far\u0131rlar. O i\u015fte \u00e7ok mahirdirler. Bunu bir \u00e7ok yerlerde \u00f6zellikle k\u0131zlar\u0131m\u0131za \u00e7ok yapt\u0131lar. \u00d6zg\u00fcrl\u00fckler konusundaki bask\u0131lar\u0131 \u00e7ok g\u00f6rd\u00fck&#8221; yan\u0131t\u0131n\u0131 verdi.<\/p>\n<p style=\"text-align: justify;\">(CHP Genel Ba\u015fkan\u0131 Kemal) &#8220;K\u0131l\u0131\u00e7daro\u011flu&#8217;nun genel ba\u015fkanl\u0131\u011f\u0131 siyasetin ve referandum s\u00fcrecinin kimyas\u0131n\u0131 nas\u0131l etkiledi?&#8221; sorusu \u00fczerine Erdo\u011fan, bu sorunun yan\u0131t\u0131 i\u00e7in \u00e7ok erken oldu\u011funu s\u00f6yledi.<\/p>\n<p style=\"text-align: justify;\">CHP Genel Ba\u015fkan\u0131 Kemal K\u0131l\u0131\u00e7daro\u011flu&#8217;nun aday olmayaca\u011f\u0131n\u0131 s\u00f6ylerken ertesi g\u00fcn adayl\u0131\u011f\u0131n\u0131 ilan etti\u011fine i\u015faret eden Erdo\u011fan, bunun siyaset kimyas\u0131 i\u00e7erisinde nereye oturaca\u011f\u0131n\u0131 zaman\u0131n g\u00f6sterece\u011fini s\u00f6yledi.<\/p>\n<p style=\"text-align: justify;\">Siyasette d\u00fcr\u00fcstl\u00fc\u011f\u00fc \u00e7ok \u00f6nemsedi\u011fini vurgulayan Erdo\u011fan, art\u0131k T\u00fcrkiye&#8217;de 1970&#8217;lerdeki s\u00f6ylemlerle politika yap\u0131lmad\u0131\u011f\u0131n\u0131, yeni \u015feyler s\u00f6ylemek gerekti\u011fini ifade etti.<\/p>\n<p style=\"text-align: justify;\">K\u0131l\u0131\u00e7daro\u011flu&#8217;nun referandumu adeta kendi me\u015fruiyeti i\u00e7in kullanma gayretinde oldu\u011funu dile getiren Erdo\u011fan, &#8220;Buradan e\u011fer kendine g\u00f6re &#8216;hay\u0131r&#8217; oylar\u0131 fazla \u00e7\u0131karsa kendi me\u015fruiyetini ispat etmi\u015f olacak. Onun i\u00e7in 13 Eyl\u00fcl \u00e7ok \u00f6nemli. 13 Eyl\u00fcl&#8217;de ana muhalefet partisinde yeni bir s\u00fcre\u00e7 ba\u015flayabilir&#8221; dedi.<\/p>\n<p style=\"text-align: justify;\">Referandumdan a\u00e7\u0131k fark bekleyip beklemediklerinin sorulmas\u0131 \u00fczerine Erdo\u011fan, bu konularda oran vermedi\u011fini, fakat gitti\u011fi t\u00fcm illerde halk\u0131n nabz\u0131n\u0131n, &#8220;evet&#8221; oyuyla halk oylamas\u0131n\u0131n sonu\u00e7lanaca\u011f\u0131 \u015feklinde d\u00fc\u015f\u00fcnd\u00fcklerini s\u00f6yledi.<\/p>\n<p style=\"text-align: justify;\">&#8220;Hay\u0131r \u00e7\u0131kmas\u0131 halinde bu d\u00fcnyan\u0131n sonu mu olur?&#8221; sorusuna da Erdo\u011fan, &#8220;Asla. Niye sonu olsun? Ama demokrasi bir ciddi travma ge\u00e7irir onu s\u00f6yleyeyim. Ekonomide bir travma olur. Bunu da s\u00f6yleyeyim. \u00c7\u00fcnk\u00fc \u00e7ok \u0131zd\u0131rap g\u00f6r\u00fcyoruz. Biz prangalarla \u00e7al\u0131\u015f\u0131yoruz. Yani bu prangalar\u0131n at\u0131lmas\u0131 laz\u0131m&#8221; diye konu\u015ftu.<\/p>\n<p style=\"text-align: justify;\">&#8220;Dan\u0131\u015ftay&#8217;\u0131 m\u0131 kastediyorsunuz?&#8221; denilmesi \u00fczerine de Erdo\u011fan, &#8220;Dan\u0131\u015ftay a\u011f\u0131rl\u0131kl\u0131 olarak. Yani atamalarda mesela yerindelik hakk\u0131 y\u00fcr\u00fctmenindir. Yerindelik hakk\u0131 bize ait oldu\u011fu halde bak\u0131yorsunuz Dan\u0131\u015ftay sizden yerindelik hakk\u0131n\u0131z\u0131 al\u0131yor. Vali atamas\u0131 yap\u0131yorsunuz, tekrar iade. M\u00fcd\u00fcr&#8230; 22-23 kere bir m\u00fcd\u00fcr\u00fc yerine iade eden bir yarg\u0131 anlay\u0131\u015f\u0131 ne getirebilir size?&#8221; dedi.<\/p>\n<p style=\"text-align: justify;\"><a href=\"http:\/\/www.cnnturk.com\/2010\/turkiye\/09\/03\/mhpye.sizin.gorusturduklerinizle.gorusturdum\/588671.0\/index.html\" target=\"_blank\"><span style=\"color: #888888;\">CNN T\u00dcRK<\/span><\/a><\/p>\n","protected":false},"excerpt":{"rendered":"<p style=\"text-align: center;\">\n<p style=\"text-align: justify;\">Ba\u015fbakan Recep Tayyip Erdo\u011fan, &#8220;\u0130mral\u0131 ile g\u00f6r\u00fc\u015fme&#8221; poleme\u011finde topu MHP&#8217;ye att\u0131; &#8220;O d\u00f6nemde g\u00f6r\u00fc\u015fmeleri siz kimlerle yapt\u0131rd\u0131ysan\u0131z ben de onlarla yapt\u0131rd\u0131m, o kadar basit&#8221; dedi. Erdo\u011fan, referandumdan &#8220;hay\u0131r&#8221; \u00e7\u0131karsa demokrasi ve ekonomide ciddi travma olaca\u011f\u0131n\u0131 da s\u00f6yledi.<\/p>\n","protected":false},"author":1,"featured_media":0,"comment_status":"open","ping_status":"closed","sticky":false,"template":"","format":"standard","meta":{"footnotes":""},"categories":[105],"tags":[],"class_list":["post-25355","post","type-post","status-publish","format-standard","hentry","category-gundem","odd"],"_links":{"self":[{"href":"http:\/\/www.korhanyilmaz.com\/index.php?rest_route=\/wp\/v2\/posts\/25355","targetHints":{"allow":["GET"]}}],"collection":[{"href":"http:\/\/www.korhanyilmaz.com\/index.php?rest_route=\/wp\/v2\/posts"}],"about":[{"href":"http:\/\/www.korhanyilmaz.com\/index.php?rest_route=\/wp\/v2\/types\/post"}],"author":[{"embeddable":true,"href":"http:\/\/www.korhanyilmaz.com\/index.php?rest_route=\/wp\/v2\/users\/1"}],"replies":[{"embeddable":true,"href":"http:\/\/www.korhanyilmaz.com\/index.php?rest_route=%2Fwp%2Fv2%2Fcomments&post=25355"}],"version-history":[{"count":0,"href":"http:\/\/www.korhanyilmaz.com\/index.php?rest_route=\/wp\/v2\/posts\/25355\/revisions"}],"wp:attachment":[{"href":"http:\/\/www.korhanyilmaz.com\/index.php?rest_route=%2Fwp%2Fv2%2Fmedia&parent=25355"}],"wp:term":[{"taxonomy":"category","embeddable":true,"href":"http:\/\/www.korhanyilmaz.com\/index.php?rest_route=%2Fwp%2Fv2%2Fcategories&post=25355"},{"taxonomy":"post_tag","embeddable":true,"href":"http:\/\/www.korhanyilmaz.com\/index.php?rest_route=%2Fwp%2Fv2%2Ftags&post=25355"}],"curies":[{"name":"wp","href":"https:\/\/api.w.org\/{rel}","templated":true}]}}