{"id":25350,"date":"2010-09-03T18:20:01","date_gmt":"2010-09-03T15:20:01","guid":{"rendered":"http:\/\/www.korhanyilmaz.com\/?p=25350"},"modified":"2010-09-03T18:20:01","modified_gmt":"2010-09-03T15:20:01","slug":"erdogan-diyarbakirdan-kardeslik-mesaji-verdi","status":"publish","type":"post","link":"http:\/\/www.korhanyilmaz.com\/?p=25350","title":{"rendered":"Erdo\u011fan Diyarbak\u0131r&#8217;dan karde\u015flik mesaj\u0131 verdi"},"content":{"rendered":"<p style=\"text-align: center;\"><a href=\"http:\/\/www.korhanyilmaz.com\/wp-content\/uploads\/2010\/09\/087.jpg\"  class=\"lightview\"><img loading=\"lazy\" decoding=\"async\" class=\"size-full wp-image-25351 aligncenter\" src=\"http:\/\/www.korhanyilmaz.com\/wp-content\/uploads\/2010\/09\/087.jpg\" alt=\"\" width=\"307\" height=\"236\" \/><\/a><\/p>\n<p style=\"text-align: justify;\">Diyarbak\u0131r&#8217;da konu\u015fan AK Parti Genel Ba\u015fkan\u0131 ve Ba\u015fbakan Recep Tayyip Erdo\u011fan, &#8220;Ape Musa&#8217;n\u0131n, yani Musa Anter&#8217;in ac\u0131s\u0131n\u0131 bizler unutamay\u0131z. Diyarbak\u0131r Cezaevi&#8217;nde 7 y\u0131l i\u015fkence  g\u00f6ren Abd\u00fcrrahim Semavi&#8217;nin \u00e7ilesini bizler unutamay\u0131z. \u015eivan Perver&#8217;in hasretini g\u00f6rmezden gelemeyiz. Ahmet Kaya&#8217;n\u0131n gurbette vefat\u0131n\u0131 hat\u0131r\u0131m\u0131zdan \u00e7\u0131karamay\u0131z&#8221; dedi. Erdo\u011fan, Diyarbak\u0131r Cezaevi&#8217;nin kapat\u0131laca\u011f\u0131n\u0131 da s\u00f6yledi.<!--more--><\/p>\n<p style=\"text-align: justify;\">Erdo\u011fan, partisince Diyarbak\u0131r \u0130stasyon Meydan\u0131&#8217;nda d\u00fczenlenen mitingde konu\u015ftu.<\/p>\n<p style=\"text-align: justify;\">&#8220;O\u011flunu \u015fehit vermi\u015f \u00c7orumlu annenin g\u00f6zya\u015f\u0131 benim y\u00fcre\u011fime akar. O\u011flunu da\u011fda \u00e7etelere kapt\u0131rm\u0131\u015f, ter\u00f6r \u00f6rg\u00fct\u00fcne kapt\u0131rm\u0131\u015f, g\u00f6z g\u00f6re g\u00f6re \u00f6l\u00fcme yollanan o\u011flunu kaybetmi\u015f anan\u0131n g\u00f6zya\u015f\u0131 benim ci\u011ferime akar&#8221; diyen Ba\u015fbakan Erdo\u011fan, \u015funlar\u0131 s\u00f6yledi:<\/p>\n<p style=\"text-align: justify;\">&#8220;Ape Musa&#8217;n\u0131n, yani Musa Anter&#8217;in ac\u0131s\u0131n\u0131 bizler unutamay\u0131z. Orhan Miro\u011flu&#8217;nun yaras\u0131n\u0131 bizler unutamay\u0131z. Diyarbak\u0131r Cezaevinde 7 y\u0131l i\u015fkence g\u00f6ren Abd\u00fcrrahim Semavi&#8217;nin \u00e7ilesini bizler unutamay\u0131z. \u015eivan Perver&#8217;in hasretini g\u00f6rmezden gelemeyiz. Ahmet Kaya&#8217;n\u0131n gurbette vefat\u0131n\u0131 hat\u0131r\u0131m\u0131zdan \u00e7\u0131karamay\u0131z. Ahmede Hani&#8217;nin a\u015fk\u0131n\u0131, Faki Teyran&#8217;\u0131n sevdas\u0131n\u0131 bizler akl\u0131m\u0131zdan \u00e7\u0131karamay\u0131z. \u00c7\u00fcnk\u00fc biz bu topraklar\u0131n \u00e7ocu\u011fuyuz. Biz bir g\u00fcn Edirneliyiz, biz Karsl\u0131y\u0131z, biz Rizeliyiz, \u0130stanbulluyuz, biz Hakkariliyiz, Vanl\u0131y\u0131z, Batmanl\u0131y\u0131z, biz Yozgatl\u0131y\u0131z, Ayd\u0131nl\u0131y\u0131z, Mu\u011flal\u0131y\u0131z, \u0130zmirliyiz. \u00c7\u00fcnk\u00fc biz Diyarbak\u0131rl\u0131y\u0131z, Diyarbak\u0131r&#8217;\u0131n evlad\u0131y\u0131z.<\/p>\n<p style=\"text-align: justify;\">81 vilayet bizim vilayetimizdir, 73 milyon benim \u00f6z be \u00f6z karde\u015fimdir. T\u00fcrk\u00fcyle, K\u00fcrd\u00fcyle, Laz\u0131yla, \u00c7erkeziyle, Bo\u015fna\u011f\u0131yla, G\u00fcrc\u00fcs\u00fcyle, Roman\u0131yla, Arab\u0131yla kim olursa olsun 73 milyon benim \u00f6z be \u00f6z karde\u015fimdir. \u00c7\u00fcnk\u00fc biz yarad\u0131lan\u0131 Yaradan&#8217;dan \u00f6t\u00fcr\u00fc seviyoruz. Biz, Nurettin Zengi&#8217;nin, K\u0131l\u0131\u00e7arslan&#8217;\u0131n, elbette ki Selahattin Eyyubi&#8217;nin \u015fanl\u0131 ordusundaki neferlerin torunuyuz. Alparslan&#8217;\u0131n ordusunda Malazgirt&#8217;e biz hep birlikte girdik. Selahattin Eyyubi&#8217;nin sanca\u011f\u0131 alt\u0131nda Kud\u00fcs&#8217;\u00fc biz hep birlikte fethettik.<\/p>\n<p style=\"text-align: justify;\">Kanuni&#8217;nin, Yavuz Sultan Selim&#8217;in, Fatih&#8217;in eliyle \u00fc\u00e7 k\u0131taya biz birlikte adalet da\u011f\u0131tt\u0131k. Kut&#8217;ul Amare&#8217;yi birlikte savunduk. \u00c7anakkale&#8217;de yan yana \u015fehit d\u00fc\u015ft\u00fck. \u0130stiklal Sava\u015f\u0131&#8217;n\u0131 hep birlikte verdik. \u015eu Diyarbak\u0131r surlar\u0131nda her birimizin al\u0131nteri var. \u015eu S\u00fcleyman Camii&#8217;nin tu\u011flalar\u0131nda her birimizin sa\u011flam inanc\u0131 var. Ulu Camii&#8217;nin, Behram Pa\u015fa Camii&#8217;nin, \u015eeyh Mutahhar&#8217;\u0131n, Sipahiler \u00c7ar\u015f\u0131s\u0131&#8217;n\u0131n, Malabadi K\u00f6pr\u00fcs\u00fc&#8217;n\u00fcn, Dicle K\u00f6pr\u00fcs\u00fc&#8217;n\u00fcn harc\u0131nda bizim karde\u015fli\u011fimiz var. Z\u0131lg\u0131t da bizim, horon da bizim, halay da bizim, Zeybek de bizim. Bizim dualar\u0131m\u0131z ortak, bizim k\u0131blemiz bir, hepimiz ayn\u0131 gelece\u011fe y\u00fcr\u00fcyoruz. Hepimiz, her bir vatanda\u015f\u0131n haysiyetiyle, onuruyla ya\u015fad\u0131\u011f\u0131, her bir vatanda\u015f\u0131n, devlet kar\u015f\u0131s\u0131nda birinci s\u0131n\u0131f vatanda\u015f oldu\u011fu bir gelecek istiyoruz. Nas\u0131l tarihimiz birse istikbalimiz de bir.&#8221;<\/p>\n<p style=\"text-align: justify;\"><strong>&#8220;Allah&#8217;a inand\u0131\u011f\u0131m gibi inan\u0131yorum, bo\u015fa gitmeyecek&#8221; <\/strong><\/p>\n<p style=\"text-align: justify;\">Erdo\u011fan, bu \u00fclkenin ya\u015fad\u0131\u011f\u0131 sorunlar\u0131 her zaman y\u00fcreklerinde hissettiklerini vurgulayarak, \u015f\u00f6yle konu\u015ftu: &#8220;Hi\u00e7bir zaman pes etmedik, hi\u00e7bir zaman y\u0131lg\u0131nl\u0131\u011fa kap\u0131lmad\u0131k, hi\u00e7bir zaman \u00fcmitsizli\u011fe d\u00fc\u015fmedik. Milletimize inand\u0131k, demokrasiye inand\u0131k, m\u00fccadeleye, \u00e7al\u0131\u015fmaya, hizmet etmeye inand\u0131k. E\u011fer demokrasi m\u00fccadelesi verirseniz, e\u011fer milletle el ele, g\u00f6n\u00fcl g\u00f6n\u00fcle hareket ederseniz her t\u00fcrl\u00fc zorlu\u011fun a\u015f\u0131laca\u011f\u0131na inand\u0131k.<\/p>\n<p style=\"text-align: justify;\">AK Parti, T\u00fcrkiye&#8217;yi demokratikle\u015ftirme hareketidir. AK Parti, T\u00fcrkiye&#8217;yi \u00f6zg\u00fcrle\u015ftirme, T\u00fcrkiye&#8217;yi b\u00fcy\u00fctme, T\u00fcrkiye&#8217;yi g\u00fc\u00e7lendirme hareketidir. \u0130\u015fte bug\u00fcn de verdi\u011fimiz m\u00fccadele demokrasi m\u00fccadelesidir. Bug\u00fcn de verdi\u011fimiz m\u00fccadele hak m\u00fccadelesidir, hukuk m\u00fccadelesidir, adalet m\u00fccadelesidir.<\/p>\n<p style=\"text-align: justify;\">12 Eyl\u00fcl&#8217;deki halk oylamas\u0131, T\u00fcrkiye&#8217;nin demokratikle\u015fme tarihinin en \u00f6nemli olaylar\u0131ndan biridir. T\u00fcrkiye&#8217;de demokrasi m\u00fccadelesi verenler b\u00fcy\u00fck s\u0131k\u0131nt\u0131lar, eziyetler \u00e7ektiler, \u00e7ok karanl\u0131k g\u00fcnler ya\u015fad\u0131lar ama hi\u00e7bir m\u00fccadele kar\u015f\u0131l\u0131ks\u0131z kalmad\u0131, hi\u00e7bir \u00e7aba bo\u015fa gitmedi.<\/p>\n<p style=\"text-align: justify;\">Demokrasi a\u00e7\u0131s\u0131ndan her g\u00fcn\u00fcm\u00fcz bir \u00f6nceki g\u00fcnden daha iyi oldu. 12 Eyl\u00fcl halk oylamas\u0131 i\u00e7in verdi\u011fimiz demokrasi m\u00fccadelesi de bo\u015fa gitmeyecek, Allah&#8217;a inand\u0131\u011f\u0131m gibi inan\u0131yorum bo\u015fa gitmeyecek. 12 Eyl\u00fclde kazanan A partisi, B partisi olmayacak, 12 Eyl\u00fclde kazanan millet olacak, demokrasi olacak, \u00f6zg\u00fcrl\u00fckler olacak.&#8221;<\/p>\n<p style=\"text-align: justify;\">Erdo\u011fan, bug\u00fcn y\u00fcre\u011fini a\u00e7mak, vatanda\u015flarla g\u00f6n\u00fcl diliyle hasbihal etmek istedi\u011fini s\u00f6yledi.<\/p>\n<p style=\"text-align: justify;\">&#8220;Biliyorsunuz, bizim Diyarbak\u0131r&#8217;a ayr\u0131 bir sevdam\u0131z, ayr\u0131 bir muhabbetimiz var&#8221; diyen Ba\u015fbakan Erdo\u011fan, \u015f\u00f6yle konu\u015ftu: &#8220;Ozan Ahmet Arif, &#8216;Seni, baharm\u0131\u015f\u0131n gibi d\u00fc\u015f\u00fcn\u00fcyorum, Seni, Diyarbekir gibi&#8217; diyordu. Biz de sizi Diyarbak\u0131r kadar b\u00fcy\u00fck, T\u00fcrkiye kadar engin bir muhabbetle seviyoruz. \u00c7\u00fcnk\u00fc biz inan\u0131yoruz ki, insan yarat\u0131lm\u0131\u015flar\u0131n en \u015fereflisidir ve insana hizmet etmek, siyasetin en b\u00fcy\u00fck gayesidir. \u00c7\u00fcnk\u00fc biz inan\u0131yoruz ki, insan kutsald\u0131r, insan\u0131n haklar\u0131 da kutsald\u0131r.<\/p>\n<p style=\"text-align: justify;\">Millete efendilik yoktur, hizmetkar olmak vard\u0131r. Bu y\u00fczden siyasetimizin merkezine insan\u0131 yerle\u015ftirdik, insana hizmeti yerle\u015ftirdik, insan\u0131n hak ve \u00f6zg\u00fcrl\u00fcklerini geli\u015ftirmeyi, sadece siyasetimizin de\u011fil, hayat\u0131m\u0131z\u0131n gayesi, hedefi bildik. &#8216;\u0130nsan\u0131 ya\u015fat ki, devlet ya\u015fas\u0131n&#8217; anlay\u0131\u015f\u0131n\u0131 rehber edinirken biliyorduk ki, insan\u0131n\u0131z mutlu de\u011filse, huzurlu de\u011filse, \u00f6zg\u00fcr de\u011filse, g\u00fcvenlik i\u00e7inde de\u011filse geri kalan hi\u00e7bir \u015feyin \u00f6nemi yoktur.<\/p>\n<p style=\"text-align: justify;\">\u0130nsan\u0131 y\u00fcceltmeden, insana adalet sa\u011flamadan, insana \u00f6zg\u00fcrce bir ya\u015fam sa\u011flamadan hi\u00e7bir sistem, hi\u00e7bir d\u00fczen varl\u0131\u011f\u0131n\u0131 devam ettiremez. Bu y\u00fczden insan\u0131 y\u00fcceltmek kadar, demokrasiyi de geli\u015ftirmenin \u00f6nemine inand\u0131k. \u00c7\u00fcnk\u00fc demokrasi yoksa, ileri demokrasi uygulanm\u0131yorsa orada ekonomi de geli\u015fmez, hukuk da \u00e7al\u0131\u015fmaz, adalet de olmaz, g\u00fcvenlik de sa\u011flanamaz.&#8221;<\/p>\n<p style=\"text-align: justify;\"><strong>&#8220;\u00dc\u00e7 demokrasi kahraman\u0131n\u0131 dara\u011fac\u0131na g\u00f6nderdiler&#8221;<\/strong><\/p>\n<p style=\"text-align: justify;\">Erdo\u011fan, T\u00fcrkiye demokrasisinin b\u00fcy\u00fck badireler atlatt\u0131\u011f\u0131n\u0131, insanlar\u0131n b\u00fcy\u00fck s\u0131k\u0131nt\u0131lar ya\u015fad\u0131\u011f\u0131n\u0131 belirterek, \u015funlar\u0131 s\u00f6yledi: &#8220;Ama demokrasiye inanan insanlar\u0131n m\u00fccadelesi \u00e7ok b\u00fcy\u00fck zorluklar\u0131 geride b\u0131rakt\u0131. Rahmetli Menderes&#8217;in m\u00fccadelesi \u00e7ok partili sistemi i\u015fler k\u0131ld\u0131. Tahamm\u00fcl edemediler. \u00dc\u00e7 demokrasi kahraman\u0131n\u0131 dara\u011fac\u0131na g\u00f6nderdiler. Demokrasi biraz toparlanmaya ba\u015flad\u0131, 12 Mart&#8217;ta yeniden m\u00fcdahale ettiler.<\/p>\n<p style=\"text-align: justify;\">1970&#8217;ler de ayaklar\u0131 \u00fczerinde do\u011frulmaya \u00e7al\u0131\u015fan demokrasimiz yeniden m\u00fcdahaleye u\u011frad\u0131. \u0130kinci D\u00fcnya Sava\u015f\u0131&#8217;ndan b\u00fcy\u00fck bir \u00e7\u00f6k\u00fc\u015fle \u00e7\u0131kan Almanya bile yeniden toparland\u0131, aya\u011fa kalkt\u0131. Birileri T\u00fcrkiye&#8217;nin aya\u011fa kalkmas\u0131na izin vermedi.<\/p>\n<p style=\"text-align: justify;\">12 Eyl\u00fcl demokrasimize a\u011f\u0131r bir darbe vurdu. Kaybeden yine gencecik fidanlar oldu, demokrasimiz oldu, milletimiz oldu. Rahmetli \u00d6zal&#8217;\u0131n m\u00fccadelesi T\u00fcrkiye&#8217;yi d\u00fcnyaya a\u00e7t\u0131, ekonomik alanda devasa ad\u0131mlar at\u0131ld\u0131. Yine tahamm\u00fcl edemediler. 1990&#8217;lar\u0131n ilk yar\u0131s\u0131 de\u011fi\u015fime direnenlerin sabotajlar\u0131yla, kirli oyunlar\u0131yla ge\u00e7ti.&#8221;<\/p>\n<p style=\"text-align: justify;\"><strong>&#8220;Siirtli karde\u015flerime bir \u015fiirle seslendi\u011fim i\u00e7in yarg\u0131land\u0131m&#8221; <\/strong><\/p>\n<p style=\"text-align: justify;\"><a href=\"http:\/\/www.korhanyilmaz.com\/wp-content\/uploads\/2010\/09\/088.jpg\"  class=\"lightview\"><img loading=\"lazy\" decoding=\"async\" class=\"alignleft size-full wp-image-25352\" style=\"margin-left: 10px; margin-right: 10px;\" src=\"http:\/\/www.korhanyilmaz.com\/wp-content\/uploads\/2010\/09\/088.jpg\" alt=\"\" width=\"234\" height=\"179\" \/><\/a>28 \u015eubat s\u00fcrecinin milli iradeyi hi\u00e7e sayd\u0131\u011f\u0131n\u0131 vurgulayan Erdo\u011fan, \u015f\u00f6yle devam etti: &#8220;Demokratik kazan\u0131mlar\u0131 bir bir geri ald\u0131, milletin ve memleketin \u00fczerine karabasan gibi \u00e7\u00f6kt\u00fc. Bu karde\u015finiz, 12 Aral\u0131k 1997&#8217;de Siirt&#8217;te, Siirtli karde\u015flerinin aras\u0131nda bir \u015fiir okudu. Siirt&#8217;e, Siirtli karde\u015flerime bir \u015fiirle seslendi\u011fim i\u00e7in yarg\u0131land\u0131m, h\u00fck\u00fcm giydim ve P\u0131narhisar Cezaevinde yatt\u0131m.<\/p>\n<p style=\"text-align: justify;\">D\u00f6rt duvar aras\u0131nda, milletimin hay\u0131r dualar\u0131yla ba\u015f ba\u015fa kald\u0131m. D\u00f6rt duvar aras\u0131nda, umutsuzlu\u011fa hi\u00e7 ama hi\u00e7 kap\u0131lmadan, yeise d\u00fc\u015fmeden, milletime olan sevdam\u0131, \u00fclkeme olan a\u015fk\u0131m\u0131, hizmet tutkumu \u00e7o\u011faltt\u0131m. \u00d6zg\u00fcrl\u00fc\u011f\u00fcn k\u0131ymetini o mahpus duvarlar\u0131 aras\u0131nda daha fazla anlad\u0131m.<\/p>\n<p style=\"text-align: justify;\">Demokrasiye olan ihtiyac\u0131 o g\u00fcn \u00e7ok daha iyi hissettim. O g\u00fcn, kimi gazeteler, &#8216;muhtar bile olamaz&#8217; diye man\u015fet att\u0131lar. D\u00fc\u015f\u00fcncelerimiz, hareketimiz, millet sevdam\u0131z, memleket tutkumuz her zaman engellenmek istendi.&#8221;<\/p>\n<p style=\"text-align: justify;\">&#8220;Bizi d\u0131\u015flamak istediler, bizi tecrit etmek istediler, bizi yok sayd\u0131lar&#8221; diyen Erdo\u011fan, \u015f\u00f6yle dedi: &#8220;Fikirlerimizi, siyasetimizi, millete hizmet etme tarz\u0131m\u0131z\u0131 k\u00fc\u00e7\u00fcmsediler. Biz bu \u00fclkede fikirlerinden dolay\u0131 mahkum edilen insanlar\u0131n derdini \u00e7ok iyi biliriz. Biz bu \u00fclkede yaz\u0131 yazd\u0131\u011f\u0131 i\u00e7in, konu\u015ftu\u011fu i\u00e7in, fikirlerini s\u00f6yledi\u011fi i\u00e7in, \u015fiir okudu\u011fu i\u00e7in, a\u015f-i\u015f dedi\u011fi i\u00e7in, hak dedi\u011fi, demokrasi dedi\u011fi i\u00e7in mahpus damlar\u0131nda \u00e7\u00fcr\u00fcmenin nas\u0131l bir duygu oldu\u011funu \u00e7ok iyi biliriz. \u0130nanc\u0131ndan dolay\u0131, ibadetinden dolay\u0131, ba\u015f\u0131ndaki \u00f6rt\u00fcden dolay\u0131 d\u0131\u015flanman\u0131n ne oldu\u011funu biz \u00e7ok iyi biliriz.<\/p>\n<p style=\"text-align: justify;\">\u00dcniversite kap\u0131lar\u0131nda boynu b\u00fck\u00fck kalman\u0131n ne demek oldu\u011funu \u00e7ok iyi biliriz. Biz yoksullu\u011fu biliriz, yasaklar\u0131n, bask\u0131lar\u0131n, mahrumiyetin ne oldu\u011funu \u00e7ok iyi biliriz. Bir gece yar\u0131s\u0131, sokak ortas\u0131nda ensesine kur\u015fun s\u0131k\u0131larak katledilen; katilleri gecenin karanl\u0131\u011f\u0131nda kaybolup bir daha hi\u00e7 ortaya \u00e7\u0131kmayan, \u00e7\u0131kar\u0131lmayan faili me\u00e7hullerin ac\u0131s\u0131n\u0131 \u00e7ok iyi biliriz. Evi bas\u0131l\u0131p tarumar edilmek nedir biliriz.<\/p>\n<p style=\"text-align: justify;\">Kitaplar\u0131n derdest edilmesini biliriz. K\u00f6y meydan\u0131na toplanan k\u00f6yl\u00fclere uygulanan eziyeti biliriz; k\u00f6ylerin bo\u015falt\u0131lmas\u0131 ne demektir, meralar\u0131n yasaklanmas\u0131 nedir biliriz. Hapisteki o\u011flunu ziyarete giden ama o\u011fluyla tek kelime K\u00fcrt\u00e7e konu\u015famayan annenin ac\u0131s\u0131n\u0131, g\u00f6zya\u015f\u0131n\u0131, feryad\u0131n\u0131, y\u00fcre\u011finde kopan f\u0131rt\u0131nay\u0131 biz biliriz. Hakkari&#8217;de, sabah ezan\u0131n\u0131 okuduktan sonra sald\u0131r\u0131ya u\u011frayan ve orac\u0131kta vefat eden, Hac\u0131 Sait Camii&#8217;nin imam\u0131 Aziz Tan&#8217;\u0131, onun ailesinin kederini biz biliriz.&#8221;<\/p>\n<p style=\"text-align: justify;\"><strong>&#8220;Biz sizi seviyoruz be&#8230;&#8221; <\/strong><\/p>\n<p style=\"text-align: justify;\">Ba\u015fbakan Erdo\u011fan, 81 vilayette ya birinci parti ya da ikinci parti olduklar\u0131n\u0131 belirterek, \u015funlar\u0131 s\u00f6yledi: &#8220;Birileri i\u00e7in ne diyorlar onlar, &#8216;filanca etnik unsuru temsil ediyor.&#8217; Bir di\u011feri i\u00e7in, &#8216;filanca etnik unsuru temsil ediyor.&#8217; Bir di\u011fer parti i\u00e7in &#8216;o kumsallar\u0131n partisi&#8217; diyorlar \u00f6yle mi? Kumsallar\u0131n partisi CHP. \u015eu anda zaten kumsaldalar. Biz, etnik milliyet\u00e7ili\u011fi reddettik. Biz b\u00f6lgesel milliyet\u00e7ili\u011fi reddettik, dinsel milliyet\u00e7ili\u011fini reddettik. Ne dedik? Dedik ki, &#8216;Biz 73 milyonun partisiyiz.&#8217; Bizim partimizde ayr\u0131m yok, T\u00fcrk\u00fc de var, K\u00fcrd\u00fc de var, Laz\u0131 da var, G\u00fcrc\u00fcs\u00fc de var, Arab\u0131 da var, Bo\u015fnak\u0131 da var, hepsi var, 81 vilayetten 80&#8217;inde milletvekili var. \u0130n\u015fallah hedef 81&#8217;de 81, in\u015fallah 2011&#8217;de bunu yakalayaca\u011f\u0131z. Niye?<\/p>\n<p style=\"text-align: justify;\">\u00c7\u00fcnk\u00fc biz size sevdal\u0131y\u0131z be, sizi seviyoruz be. Ayr\u0131m yok bizde, ayr\u0131m yok. Yani Diyarbak\u0131r&#8217;da farkl\u0131 konu\u015f, \u0130stanbul&#8217;a git farkl\u0131 konu\u015f, bizim kitab\u0131m\u0131zda bu yok ama onlara bak\u0131yorsun farkl\u0131, Tunceli&#8217;de farkl\u0131 konu\u015fuyor, Kayseri&#8217;ye gidiyor farkl\u0131 konu\u015fuyor. CHP bu ama bizde bu yok. Biz Kayseri&#8217;de de ayn\u0131, Tunceli&#8217;de de ayn\u0131 konu\u015fuyoruz. Niye? \u00c7\u00fcnk\u00fc biz hepsine ayn\u0131 nazarla bak\u0131yoruz. Hepsini ayn\u0131 \u015fekilde seviyoruz, hepsine de hizmetkar olmaya devam ediyoruz, yine devam edece\u011fiz.&#8221;<\/p>\n<p style=\"text-align: justify;\">&#8220;Bak\u0131n, Diyarbak\u0131r&#8217;dan sesleniyorum&#8221; diyen Erdo\u011fan, \u015f\u00f6yle devam etti: &#8220;Bu Ba\u015fbakan, tekrar ediyorum, do\u011fuda ayr\u0131, bat\u0131da ayr\u0131; kuzeyde ayr\u0131, g\u00fcneyde ayr\u0131 konu\u015fan bir Ba\u015fbakan de\u011fildir. Bug\u00fcne kadar konu\u015fmad\u0131m o \u015fekilde, bundan sonra da konu\u015fmayaca\u011f\u0131m. T\u00fcrkiye&#8217;nin birli\u011fi beraberli\u011fi, bizim derdimizdir. Bizim a\u015fk\u0131m\u0131z bu, bunu sa\u011flayaca\u011f\u0131z. Bak\u0131n\u0131z biz s\u00f6z verip s\u00f6z\u00fcn\u00fc unutanlardan da olmad\u0131k. Hat\u0131rlars\u0131n\u0131z bu meydanda 22 Temmuzda ne demi\u015ftim, ne aldatan olaca\u011f\u0131z ne aldanan olaca\u011f\u0131z demi\u015ftim. Ve bug\u00fcne kadar bunu ayn\u0131 b\u00f6yle s\u00fcrd\u00fcrd\u00fck. Ve g\u00f6n\u00fcl diliyle konu\u015fuyoruz. S\u00f6z\u00fc e\u011fip b\u00fckenlerden olmad\u0131k. Verdi\u011fi s\u00f6z\u00fc unutanlardan da olmad\u0131k.<\/p>\n<p style=\"text-align: justify;\">Diyarbak\u0131r&#8217;a gelip sonra s\u0131rt\u0131n\u0131 d\u00f6nenlerden olmad\u0131k. R\u00fc\u015fveti kelam edenlerden de\u011filiz. Biz do\u011fruyu gizleyenlerden, yanl\u0131\u015fa g\u00f6z yumanlardan de\u011filiz. AK Parti&#8217;yi kurdu\u011fumuz g\u00fcnden itibaren T\u00fcrkiye&#8217;nin meselelerini cesaretle dile getirdik. T\u00fcrkiye&#8217;nin \u00f6n\u00fcn\u00fc t\u0131kayan, T\u00fcrkiye&#8217;ye ayak ba\u011f\u0131 olan, milletimize kan kusturan her ne mesele varsa onu kendi meselemiz edindik. AK Parti&#8217;nin parti program\u0131nda ne dediysek onun arkas\u0131nda durduk. Ve bunlar\u0131 yerine getirdik, getiriyoruz.&#8221;<\/p>\n<p style=\"text-align: justify;\"><strong>&#8220;Evet demeye haz\u0131r m\u0131s\u0131n\u0131z?&#8221; <\/strong><\/p>\n<p style=\"text-align: justify;\">&#8220;Bug\u00fcn huzurunuzda ni\u00e7in var\u0131z&#8221; diye soran Erdo\u011fan, \u015f\u00f6yle konu\u015ftu: &#8220;Bir Anayasa de\u011fi\u015fikli\u011fi i\u00e7in. 2005 y\u0131l\u0131nda burada, Diyarbak\u0131r&#8217;da a\u011fustos ay\u0131nda ne dediysek onurumuzla, \u015ferefimizle onun arkas\u0131nda durduk. Demokratikle\u015fme, bir zihniyet devrimini gerektirir. \u00d6zg\u00fcrl\u00fck, bir zihniyet de\u011fi\u015fimini gerektirir. E\u011fer bu zihniyeti de\u011fi\u015ftirmezseniz hi\u00e7bir \u015fey de\u011fi\u015fmez. \u0130\u015fte biz T\u00fcrkiye&#8217;de bu stat\u00fckocu zihniyeti de\u011fi\u015ftirerek, ayd\u0131nl\u0131k yar\u0131nlara haz\u0131rl\u0131yoruz. Onun i\u00e7in \u00f6nce zihniyeti de\u011fi\u015ftirdik. Y\u00f6netim de\u011fi\u015fmeden hi\u00e7bir \u015feyin de\u011fi\u015fmeyece\u011fini \u00e7ok iyi biliyorduk.<\/p>\n<p style=\"text-align: justify;\">Onun i\u00e7in \u00f6nce zihniyeti de\u011fi\u015ftirdik, y\u00f6netim anlay\u0131\u015f\u0131n\u0131 de\u011fi\u015ftirdik, insana bak\u0131\u015f\u0131 de\u011fi\u015ftirdik. Biz, ezberleri bozarak i\u015fe ba\u015flad\u0131k, prangalar\u0131 k\u0131rarak i\u015fe ba\u015flad\u0131k, de\u011fi\u015fime direnen anlay\u0131\u015flar\u0131 elimizin tersiyle iterek yola \u00e7\u0131kt\u0131k. Bask\u0131ya direndik, d\u0131\u015flamaya, horlamaya tahamm\u00fcl g\u00f6stermeyece\u011fimizi ilan ederek yola \u00e7\u0131kt\u0131k. \u015eimdi bu Anayasa de\u011fi\u015fikli\u011fiyle her \u015fey bitmiyor. Unutmay\u0131n 2011 se\u00e7imleri var, 2011 se\u00e7imlerinden sonra daha geni\u015f tabanl\u0131, yeni bir anayasan\u0131n temellerini at\u0131yoruz. Yani \u015fimdi kap\u0131y\u0131 a\u00e7\u0131yoruz, kap\u0131y\u0131, onun i\u00e7in 12 Eyl\u00fclde sand\u0131klara giderek &#8216;evet&#8217; demeye haz\u0131r m\u0131y\u0131z?&#8221;<\/p>\n<p style=\"text-align: justify;\">Ayr\u0131mc\u0131l\u0131k yapan anlay\u0131\u015flar\u0131 hep kar\u015f\u0131lar\u0131na ald\u0131klar\u0131n\u0131 ifade eden Erdo\u011fan, &#8220;Benim Diyarbak\u0131rl\u0131 karde\u015fimin, Siirtli karde\u015fimden fark\u0131 yok, Rizeli karde\u015fimden fark\u0131 yok. Hepsi benim i\u00e7in ayn\u0131. Neden? Beni yaradan Allah onlar\u0131 da yaratt\u0131 da onun i\u00e7in. Her zaman s\u00f6yl\u00fcyorum, biz karde\u015fiz, karde\u015f. Bu karde\u015fli\u011fimizi bozmak isteyen var m\u0131&#8221; diye sordu.<\/p>\n<p style=\"text-align: justify;\">Alandakilerden &#8220;evet&#8221; yan\u0131t\u0131n\u0131 alan Erdo\u011fan, &#8220;\u0130\u015fte, bu karde\u015fli\u011fimizi bozmak isteyenlere kar\u015f\u0131 12 Eyl\u00fcl bir manifestodur. Evet mi? \u00c7\u00fcnk\u00fc, biz milli birlik, beraberlik, karde\u015flik derken neyi kastettik, i\u015fte bu engeller, bu ayr\u0131mc\u0131l\u0131k ortadan kalks\u0131n diye&#8221; dedi.<\/p>\n<p style=\"text-align: justify;\"><strong>Rahibe k\u0131yafeti&#8230; <\/strong><\/p>\n<p style=\"text-align: justify;\">Ba\u015fbakan Erdo\u011fan, di\u011fer at\u0131l\u0131mlar\u0131 da anlatarak, anamuhalefet partisi liderini ele\u015ftirdi.<\/p>\n<p style=\"text-align: justify;\">Anamuhalefet partisi liderinin, &#8220;e\u011fer oyu vermezseniz ye\u015fil kart\u0131 kald\u0131raca\u011f\u0131z&#8221; dediklerini iddia etti\u011fini kaydeden Erdo\u011fan, \u015f\u00f6yle devam etti: &#8220;Bak\u0131n\u0131z \u0130stanbul&#8217;da afi\u015fler asm\u0131\u015flar. Ne diyorlar biliyor musunuz? (Rahibe k\u0131yafetine evet)&#8230; Yani benim ba\u015f\u00f6rt\u00fcl\u00fc bac\u0131m\u0131n k\u0131yafetini rahibe k\u0131yafeti ile \u00f6zde\u015fle\u015ftiren anlay\u0131\u015f, CHP bu&#8230; Bug\u00fcne kadar, ne benim, ne arkada\u015flar\u0131m\u0131n ye\u015fil kart veya ba\u015fka konularda olsun, asla bizler demokrasinin bir gere\u011fi olan bu referandum ile ilgili \u015funu yaparsan\u0131z, \u015funu yapar\u0131z gibi bir tehdidimiz olmam\u0131\u015ft\u0131r, olamaz.<\/p>\n<p style=\"text-align: justify;\">Biz, hay\u0131r&#8217; diyene de sayg\u0131 duyar\u0131z, &#8216;evet&#8217; diyene de sayg\u0131 duyulmas\u0131n\u0131 isteriz. Beklenen budur. \u00c7\u00fcnk\u00fc demokrasi budur. \u0130\u015fte onun i\u00e7in biz, se\u00e7imlerin boykot edilmesini de antidemokratik bir yakla\u015f\u0131m olarak g\u00f6r\u00fcyoruz. Zira, oy pusulas\u0131 i\u00e7inde &#8216;evet&#8217; var, &#8216;hay\u0131r&#8217; var. Ba\u015fka bir se\u00e7enek yok. Orada A partisi, B partisi de yok.<\/p>\n<p style=\"text-align: justify;\">Sizler buradan se\u00e7ip g\u00f6nderdi\u011finiz milletvekillerini ni\u00e7in parlamentoya g\u00f6nderiyorsunuz? Gidin, konu\u015fun, haklar\u0131n\u0131z\u0131 savunun, ondan sonra oyunuzu o istikamette verin&#8217; diyorsunuz. Ama bunlar bir taraftan diyorlar ki, &#8216;bizim partimiz \u00e7ok kapat\u0131ld\u0131, \u00f6b\u00fcr taraftan da yapt\u0131klar\u0131 i\u015fe bak. Parti kapatmay\u0131 zorla\u015ft\u0131racak madde geliyor, hi\u00e7biri oy kabinine gitmiyor. Bu nas\u0131l bir demokrasi m\u00fccadelesidir? Asl\u0131nda bu, demokratik haklar\u0131 ipotek alt\u0131na almakt\u0131r. B\u00f6yle bir yakla\u015f\u0131m, siyasette olmaz.&#8221;<\/p>\n<p style=\"text-align: justify;\"><a href=\"http:\/\/www.cnnturk.com\/2010\/turkiye\/09\/03\/erdogan.diyarbakirdan.kardeslik.mesaji.verdi\/588764.0\/index.html\" target=\"_blank\"><span style=\"color: #888888;\">CNN T\u00dcRK<\/span><\/a><\/p>\n","protected":false},"excerpt":{"rendered":"<p style=\"text-align: center;\">\n<p style=\"text-align: justify;\">Diyarbak\u0131r&#8217;da konu\u015fan AK Parti Genel Ba\u015fkan\u0131 ve Ba\u015fbakan Recep Tayyip Erdo\u011fan, &#8220;Ape Musa&#8217;n\u0131n, yani Musa Anter&#8217;in ac\u0131s\u0131n\u0131 bizler unutamay\u0131z. Diyarbak\u0131r Cezaevi&#8217;nde 7 y\u0131l i\u015fkence g\u00f6ren Abd\u00fcrrahim Semavi&#8217;nin \u00e7ilesini bizler unutamay\u0131z. \u015eivan Perver&#8217;in hasretini g\u00f6rmezden gelemeyiz. Ahmet Kaya&#8217;n\u0131n gurbette vefat\u0131n\u0131 hat\u0131r\u0131m\u0131zdan \u00e7\u0131karamay\u0131z&#8221; dedi. Erdo\u011fan, Diyarbak\u0131r Cezaevi&#8217;nin kapat\u0131laca\u011f\u0131n\u0131 da s\u00f6yledi.<\/p>\n","protected":false},"author":1,"featured_media":0,"comment_status":"open","ping_status":"closed","sticky":false,"template":"","format":"standard","meta":{"footnotes":""},"categories":[105],"tags":[],"class_list":["post-25350","post","type-post","status-publish","format-standard","hentry","category-gundem","odd"],"_links":{"self":[{"href":"http:\/\/www.korhanyilmaz.com\/index.php?rest_route=\/wp\/v2\/posts\/25350","targetHints":{"allow":["GET"]}}],"collection":[{"href":"http:\/\/www.korhanyilmaz.com\/index.php?rest_route=\/wp\/v2\/posts"}],"about":[{"href":"http:\/\/www.korhanyilmaz.com\/index.php?rest_route=\/wp\/v2\/types\/post"}],"author":[{"embeddable":true,"href":"http:\/\/www.korhanyilmaz.com\/index.php?rest_route=\/wp\/v2\/users\/1"}],"replies":[{"embeddable":true,"href":"http:\/\/www.korhanyilmaz.com\/index.php?rest_route=%2Fwp%2Fv2%2Fcomments&post=25350"}],"version-history":[{"count":0,"href":"http:\/\/www.korhanyilmaz.com\/index.php?rest_route=\/wp\/v2\/posts\/25350\/revisions"}],"wp:attachment":[{"href":"http:\/\/www.korhanyilmaz.com\/index.php?rest_route=%2Fwp%2Fv2%2Fmedia&parent=25350"}],"wp:term":[{"taxonomy":"category","embeddable":true,"href":"http:\/\/www.korhanyilmaz.com\/index.php?rest_route=%2Fwp%2Fv2%2Fcategories&post=25350"},{"taxonomy":"post_tag","embeddable":true,"href":"http:\/\/www.korhanyilmaz.com\/index.php?rest_route=%2Fwp%2Fv2%2Ftags&post=25350"}],"curies":[{"name":"wp","href":"https:\/\/api.w.org\/{rel}","templated":true}]}}