{"id":25345,"date":"2010-09-03T15:10:17","date_gmt":"2010-09-03T12:10:17","guid":{"rendered":"http:\/\/www.korhanyilmaz.com\/?p=25345"},"modified":"2010-09-03T15:10:17","modified_gmt":"2010-09-03T12:10:17","slug":"ocalan-benimle-siviller-gorusuyor","status":"publish","type":"post","link":"http:\/\/www.korhanyilmaz.com\/?p=25345","title":{"rendered":"\u00d6calan: Benimle siviller g\u00f6r\u00fc\u015f\u00fcyor"},"content":{"rendered":"<p style=\"text-align: center;\"><a href=\"http:\/\/www.korhanyilmaz.com\/wp-content\/uploads\/2010\/09\/085.jpg\"  class=\"lightview\"><img loading=\"lazy\" decoding=\"async\" class=\"aligncenter size-full wp-image-25346\" src=\"http:\/\/www.korhanyilmaz.com\/wp-content\/uploads\/2010\/09\/085.jpg\" alt=\"\" width=\"414\" height=\"220\" \/><\/a><\/p>\n<p style=\"text-align: justify;\">Abdullah \u00d6calan, \u0130mral\u0131\u2019da kendisiyle ger\u00e7ekle\u015ftirilen g\u00f6r\u00fc\u015fmeleri a\u00e7\u0131klayarak, \u201cBenimle g\u00f6r\u00fc\u015fen heyet, sivil ki\u015filerden olu\u015fuyor. \u0130lk d\u00f6nemler benimle g\u00f6r\u00fc\u015fenler askeri heyetti, \u015fimdiki heyet sivil bir heyet. Bilemiyorum H\u00fck\u00fcmetin son a\u00e7\u0131klamalar\u0131na bak\u0131l\u0131rsa aniden kesilebilir de\u201d dedi.<!--more--><\/p>\n<p style=\"text-align: justify;\">\u0130STANBUL \u2013 \u0130mral\u0131\u2019da h\u00fck\u00fcml\u00fc ter\u00f6r \u00f6rg\u00fct\u00fc PKK\u2019n\u0131n lideri Abdullah \u00d6calan, \u0130mral\u0131\u2019da kendisiyle ger\u00e7ekle\u015ftirilen g\u00f6r\u00fc\u015fmeleri a\u00e7\u0131klayarak, \u201cBenimle g\u00f6r\u00fc\u015fen heyet, sivil ki\u015filerden olu\u015fuyor. \u0130lk d\u00f6nemler benimle g\u00f6r\u00fc\u015fenler askeri heyetti, \u015fimdiki heyet sivil bir heyet. Bilemiyorum H\u00fck\u00fcmetin son a\u00e7\u0131klamalar\u0131na bak\u0131l\u0131rsa aniden kesilebilir de\u201d dedi.<\/p>\n<p style=\"text-align: justify;\"><a href=\"http:\/\/www.korhanyilmaz.com\/wp-content\/uploads\/2010\/09\/086.jpg\"  class=\"lightview\"><img loading=\"lazy\" decoding=\"async\" class=\"alignleft size-full wp-image-25347\" style=\"margin-left: 10px; margin-right: 10px;\" src=\"http:\/\/www.korhanyilmaz.com\/wp-content\/uploads\/2010\/09\/086.jpg\" alt=\"\" width=\"270\" height=\"271\" \/><\/a>Referandum s\u00fcrecini ve boykotu da de\u011ferlendiren \u00d6calan, \u201cBoykot fikrini sadece benimsemek ve buna destek yetmez, boykot daha aktifle\u015ftirilmeli ve derinle\u015ftirilmelidir\u201d dedi. Bu arada \u00d6calan, \u00f6n\u00fcm\u00fczdeki bu son iki haftan\u0131n olduk\u00e7a \u00f6nemli oldu\u011funu s\u00f6zlerine ekleyerek, \u201c15-20 Eyl\u00fcl&#8217;de bir\u00e7ok \u015fey netle\u015fir. Referandum sonras\u0131 12-20 Eyl\u00fcl aras\u0131 baz\u0131 \u015feyler daha \u00e7ok netle\u015fir. Ben de halk\u0131m\u0131za bu tarihe kadar bekleyin diyece\u011fim. E\u011fer bu tarihe kadar bir geli\u015fme olmazsa ben sorumluluk almayaca\u011f\u0131m\u201d dedi.<\/p>\n<p style=\"text-align: justify;\">F\u0131rat Haber Ajans\u0131 ANF\u2019nin haberine g\u00f6re, \u00d6calan, avukatlar\u0131yla g\u00f6r\u00fc\u015ft\u00fc. \u00d6calan, \u00fczerine y\u00fcklenen siyasi sorumlulu\u011fun ve bask\u0131n\u0131n kendisini \u00e7ok zorlad\u0131\u011f\u0131n\u0131 ifade etti. \u00d6calan, \u201c\u0130ki taraf da hem PKK hem devlet burada bana y\u00fckleniyor. Ben iki hafta daha bu sorumlulu\u011fu ta\u015f\u0131yabilirim, tabi geli\u015fmelere ba\u011fl\u0131. Geli\u015fme olursa rol\u00fcm\u00fc oynar\u0131m ama Ba\u015fbakan Erdo\u011fan&#8217;\u0131n son d\u00f6nemdeki \u00e7\u0131k\u0131\u015flar\u0131na bakt\u0131\u011f\u0131mda hayrete d\u00fc\u015f\u00fcyorum, K\u0131l\u0131\u00e7daro\u011flu&#8217;ndan bile geri konu\u015fuyor. Bir taraftan g\u00f6r\u00fc\u015f\u00fcyorlar, di\u011fer taraftan niye b\u00f6yle yap\u0131yorlar, milliyet\u00e7i s\u00f6ylemler geli\u015ftiriyorlar, milliyet\u00e7ili\u011fi k\u00f6r\u00fckl\u00fcyorlar? Tamam milliyet\u00e7i oylar\u0131 hedefledi\u011finden yap\u0131yor olabilir ancak b\u00f6yle yapmamalar\u0131 gerekiyor, bu yakla\u015f\u0131m herkese kaybettiriyor. B\u00f6yle k\u0131sa vadeli hesaplarla sorunu nas\u0131l \u00e7\u00f6zecek. Bu son konulara ili\u015fkin a\u00e7\u0131klamalar\u0131na bak\u0131yorum, olduk\u00e7a hayrete d\u00fc\u015f\u00fcyorum. B\u00f6yle ucuz yakla\u015f\u0131mlarla \u00e7\u00f6z\u00fcm geli\u015fmez, milliyet\u00e7i s\u00f6ylemlerle olmaz\u201d dedi.<\/p>\n<p style=\"text-align: justify;\"><strong>&#8220;BOYKOT DER\u0130NLE\u015eT\u0130R\u0130LMEL\u0130&#8221;<\/strong><\/p>\n<p style=\"text-align: justify;\">\u201cBoykot fikrini sadece benimsemek ve buna destek yetmez, boykot daha aktifle\u015ftirilmeli ve derinle\u015ftirilmelidir\u201d diyen \u00d6calan, \u015f\u00f6yle devam etti:<\/p>\n<p style=\"text-align: justify;\">\u201cDemokratik \u00f6zerklik tart\u0131\u015f\u0131l\u0131rken Bat\u0131daki K\u00fcrtleri de elbette hesaba kat\u0131yoruz. Biz zaten T\u00fcrkiye&#8217;nin bat\u0131s\u0131ndaki K\u00fcrtleri d\u00fc\u015f\u00fcn\u00fcyoruz, onlar\u0131 da hesaba kat\u0131yoruz. Tabi bu demokratik \u00f6zerklik tart\u0131\u015fmalar\u0131 yanl\u0131\u015f tart\u0131\u015f\u0131l\u0131yor. \u00c7ok yanl\u0131\u015f boyutlarda ele al\u0131n\u0131yor. Bizim ortaya koydu\u011fumuz demokratik \u00f6zerklik projesi, etnisiteye ve co\u011frafi s\u0131n\u0131rlara dayanm\u0131yor. Bizim demokratik \u00f6zerklik anlay\u0131\u015f\u0131m\u0131zda tek etnisite anlay\u0131\u015f\u0131, tek co\u011frafya anlay\u0131\u015f\u0131 yok. Bu konulara \u00f6zg\u00fcrl\u00fck sosyolojisi adl\u0131 savunmamda olduk\u00e7a ayr\u0131nt\u0131l\u0131 olarak de\u011finmi\u015ftim. Al\u0131p okunabilir, incelenebilir. Bizim anlay\u0131\u015f\u0131m\u0131z K\u00fcrtl\u00fck anlay\u0131\u015f\u0131 de\u011fildir, bizde tek ba\u015f\u0131na K\u00fcrtl\u00fck anlay\u0131\u015f\u0131 yoktur. Sadece bu anlay\u0131\u015fla hareket etmiyoruz. Bizim ortaya koydu\u011fumuz demokratik \u00f6zerklik modeli tek ba\u015f\u0131na K\u00fcrtl\u00fc\u011fe, T\u00fcrkl\u00fc\u011fe, Arapl\u0131\u011fa dayanm\u0131yor. Demokrasiye dayan\u0131yor. \u00d6rne\u011fin Hatay&#8217;da da, Adana&#8217;da da bir demokratik \u00f6zerklik kurulabilir. Orada Araplar kendilerini a\u011f\u0131rl\u0131kl\u0131 ifade ederler. Bizim demokratik \u00f6zerklik anlay\u0131\u015f\u0131m\u0131z tek bir inanca da dayanm\u0131yor. Halklara dayan\u0131yor hatta tek ba\u015f\u0131na halklar diye ifade etmem de eksik kal\u0131r, de\u011fi\u015fik toplumsal tabakalara, toplumsal s\u0131n\u0131flara, toplumsal kesimlere dayan\u0131r. Bahsetti\u011fimiz demokratik \u00f6zerklik sadece K\u00fcrdistan&#8217;a ili\u015fkin de\u011fil, Ege, Karadeniz, Orta Anadolu&#8217;ya da ili\u015fkindir. Burada \u00f6nemli olan kapitalist moderniteyle ortaya \u00e7\u0131kan ulus-devlet anlay\u0131\u015f\u0131n\u0131n sorgulanmas\u0131 ve a\u015f\u0131lmas\u0131d\u0131r. Tart\u0131\u015fmalar bunun \u00fczerinden geli\u015fmelidir.\u201d<\/p>\n<p style=\"text-align: justify;\"><strong>\u201c\u00d6ZERKL\u0130KTE DEVLET KAR\u015eITLI\u011eI YOKTUR\u201d <\/strong><\/p>\n<p style=\"text-align: justify;\">KCK&#8217;nin bu ate\u015fkes s\u00fcrecinden sonra demokratik \u00f6zerkli\u011fi ilan etme olas\u0131l\u0131\u011f\u0131n\u0131n oldu\u011funu bildiren \u00d6calan, \u201cDemokratik \u00f6zerklikte devlet kar\u015f\u0131tl\u0131\u011f\u0131 yoktur. K\u00fcrtler, g\u00fcvenli\u011finden spora kadar t\u00fcm alanlar\u0131nda devlete ihtiya\u00e7 duymadan kendi toplumsal \u00f6rg\u00fctl\u00fcl\u00fcklerini geli\u015ftirmeliler. Sosyal, ekonomik, k\u00fclt\u00fcrel \u00f6rg\u00fctlenmelerini ger\u00e7ekle\u015ftirmelidirler. Kendi i\u00e7 g\u00fcvenliklerini sa\u011flamal\u0131lar. Bunun i\u00e7in devletin bunlar\u0131 kabul etmesini beklememelidirler. BDP de siyasi m\u00fccadelesini geli\u015ftirebilir. Burada demokratik siyasi seferberlikten bahsediyorum. K\u00fcrtler bu \u00f6zelli\u011fiyle demokratik \u00f6zerkli\u011fin ve T\u00fcrkiye demokrasisinin \u00f6nc\u00fcl\u00fc\u011f\u00fcn\u00fc yapabilirler. K\u00fcrtlerin demokratik \u00f6zerkli\u011fi, kademe kademe T\u00fcrkiye&#8217;nin her taraf\u0131na yay\u0131labilir. Sadece K\u00fcrtlere ait bir proje de\u011fil. Asl\u0131nda \u0130lker Ba\u015fbu\u011f&#8217;un korktu\u011fu, tehlike olarak g\u00f6rd\u00fc\u011f\u00fc husus budur\u201d diye konu\u015ftu.<\/p>\n<p style=\"text-align: justify;\"><strong>\u201cBEN\u0130MLE S\u0130V\u0130LLER G\u00d6R\u00dc\u015e\u00dcYOR\u201d<\/strong><\/p>\n<p style=\"text-align: justify;\">\u00d6calan, \u00f6n\u00fcm\u00fczdeki bu son iki haftan\u0131n olduk\u00e7a \u00f6nemli oldu\u011funu s\u00f6yledi. \u201c15-20 Eyl\u00fcl&#8217;de bir\u00e7ok \u015fey netle\u015fir. Referandum sonras\u0131 12-20 Eyl\u00fcl aras\u0131 baz\u0131 \u015feyler daha \u00e7ok netle\u015fir\u201d diyen \u00d6calan, konu\u015fmas\u0131n\u0131 \u015f\u00f6yle s\u00fcrd\u00fcrd\u00fc:<\/p>\n<p style=\"text-align: justify;\">\u201cBen de halk\u0131m\u0131za bu tarihe kadar bekleyin diyece\u011fim. E\u011fer bu tarihe kadar bir geli\u015fme olmazsa ben sorumluluk almayaca\u011f\u0131m. Ve KCK alaca\u011f\u0131 kararlara g\u00f6re kendi sorumlulu\u011funu \u00fcstlenmelidir. E\u011fer belirli ad\u0131mlar H\u00fck\u00fcmet taraf\u0131ndan at\u0131l\u0131rsa o zaman rol\u00fcm\u00fc oynamaya \u00e7al\u0131\u015faca\u011f\u0131m. Benimle yap\u0131lan g\u00f6r\u00fc\u015fmeleri, biraz da ilk buraya getirildi\u011fim d\u00f6nemdeki geli\u015fmelere benzetiyorum. Buraya ilk getirildi\u011fim d\u00f6nemler askeri heyet, bir s\u00fcre benimle diyaloga ge\u00e7ti, bir s\u00fcre g\u00f6r\u00fc\u015ft\u00fcler ard\u0131ndan g\u00f6r\u00fc\u015fmeler aniden kesildi. Ve bir daha uzun s\u00fcre g\u00f6r\u00fc\u015fme olmad\u0131, buna bir anlam veremedim. \u015eimdi de benzer bir durum ya\u015fanabilir. Ve bunun ard\u0131ndan topyek\u00fcn bir sald\u0131r\u0131 olabilir, bunlar ihtimal dahilinde olabilecek \u015feylerdir. Son genelkurmay ba\u015fkan\u0131n\u0131n 17 Ekim s\u00fcresinin uzat\u0131lmas\u0131n\u0131 istemesi de bunun i\u015fareti olabilir. Diyalog ve g\u00f6r\u00fc\u015fme olmazsa kapsaml\u0131 bir y\u00f6nelim olursa benim burada yapabilecek bir \u015feyim kalmaz. G\u00f6r\u00fc\u015fmeler devam ederse ben burada akl\u0131m\u0131, mant\u0131\u011f\u0131m\u0131 kullanarak rol alabilirim. Kamuoyuyla da yapt\u0131\u011f\u0131m bu g\u00f6r\u00fc\u015fmeleri a\u00e7\u0131k\u00e7a payla\u015f\u0131r\u0131m, b\u00fct\u00fcn geli\u015fmelerden de kamuoyunu bilgilendiririm \u201d<\/p>\n<p style=\"text-align: justify;\"><strong>\u201cPART\u0130LER UCUZ YAKLA\u015eIYOR\u201d<\/strong><\/p>\n<p style=\"text-align: justify;\">\u00d6calan, siyasi partilerin soruna yakla\u015f\u0131m\u0131n\u0131 da ele\u015ftirdi. \u201cT\u00fcrkiye&#8217;deki bu siyasi partilerin \u00fclkeyi bir kaosa s\u00fcr\u00fckledi\u011fini\u201d iddia eden \u00d6calan, \u201c\u0130ktidar olamazsa bile oligar\u015fik egemenlikleri her zaman mevcuttur. Bu siyasi parti oligar\u015fisi ger\u00e7e\u011fini iyi g\u00f6rmek gerekir. AKP de bu oligar\u015finin bir par\u00e7as\u0131 durumundad\u0131r. AKP \u00f6yle dile getirildi\u011fi gibi, s\u00f6ylendi\u011fi gibi \u00e7etelerin, stat\u00fckoculu\u011fun \u00fczerine gitmiyor. Tam tersi AKP, Ergenekon gibi olu\u015fumlarla pazarl\u0131k yaparak, tavizler kopar\u0131p, tavizler vererek kendi varl\u0131\u011f\u0131n\u0131 s\u00fcrd\u00fcr\u00fcyor. Teslim olmu\u015flard\u0131r. Varl\u0131\u011f\u0131n\u0131 bu teslimiyete dayand\u0131rarak sorunlar\u0131n k\u00f6kl\u00fc \u00e7\u00f6z\u00fcm\u00fcn\u00fc ger\u00e7ekle\u015ftirme \u015fans\u0131n\u0131 yitiriyor. Erdo\u011fan&#8217;\u0131n kulland\u0131\u011f\u0131 dile bak\u0131yorsunuz, \u00e7ok ucuz. Ancak K\u00fcrt sorunun \u00e7\u00f6z\u00fcm\u00fc i\u00e7in Say\u0131n Ba\u015fbakan&#8217;\u0131n, Say\u0131n Cumhurba\u015fkan\u0131&#8217;n\u0131n daha aktif rol almalar\u0131 gerekiyor. Bu konuda b\u00fct\u00fcn taraflar\u0131 \u00fczerlerine d\u00fc\u015fen sorumlulu\u011fu ger\u00e7ekle\u015ftirmeye \u00e7a\u011f\u0131r\u0131yorum. Devlet de H\u00fck\u00fcmet de Ba\u015fbakan da kendi sorumluluklar\u0131n\u0131 yerine getirmek zorundad\u0131r. Son olarak tekrar ediyorum. Cumhurba\u015fkan\u0131 \u2018inisiyatifimi kullanaca\u011f\u0131m\u201d diyor. Cumhurba\u015fkan\u0131&#8217;na buradan sesleniyorum. \u0130nisiyatifini kullans\u0131n. Sorumluluk alabilir, devreye girebilir\u201d dedi. <span style=\"color: #888888;\">(ANKA)<\/span><\/p>\n<p style=\"text-align: justify;\"><span style=\"color: #888888;\"><a href=\"http:\/\/www.gazeteport.com.tr\/SIYASET\/NEWS\/GP_757662\" target=\"_blank\">Kaynak : GAZETEPORT<\/a><br \/>\n<\/span><\/p>\n","protected":false},"excerpt":{"rendered":"<p style=\"text-align: center;\">\n<p style=\"text-align: justify;\">Abdullah \u00d6calan, \u0130mral\u0131\u2019da kendisiyle ger\u00e7ekle\u015ftirilen g\u00f6r\u00fc\u015fmeleri a\u00e7\u0131klayarak, \u201cBenimle g\u00f6r\u00fc\u015fen heyet, sivil ki\u015filerden olu\u015fuyor. \u0130lk d\u00f6nemler benimle g\u00f6r\u00fc\u015fenler askeri heyetti, \u015fimdiki heyet sivil bir heyet. Bilemiyorum H\u00fck\u00fcmetin son a\u00e7\u0131klamalar\u0131na bak\u0131l\u0131rsa aniden kesilebilir de\u201d dedi.<\/p>\n","protected":false},"author":1,"featured_media":0,"comment_status":"open","ping_status":"closed","sticky":false,"template":"","format":"standard","meta":{"footnotes":""},"categories":[105],"tags":[],"class_list":["post-25345","post","type-post","status-publish","format-standard","hentry","category-gundem","odd"],"_links":{"self":[{"href":"http:\/\/www.korhanyilmaz.com\/index.php?rest_route=\/wp\/v2\/posts\/25345","targetHints":{"allow":["GET"]}}],"collection":[{"href":"http:\/\/www.korhanyilmaz.com\/index.php?rest_route=\/wp\/v2\/posts"}],"about":[{"href":"http:\/\/www.korhanyilmaz.com\/index.php?rest_route=\/wp\/v2\/types\/post"}],"author":[{"embeddable":true,"href":"http:\/\/www.korhanyilmaz.com\/index.php?rest_route=\/wp\/v2\/users\/1"}],"replies":[{"embeddable":true,"href":"http:\/\/www.korhanyilmaz.com\/index.php?rest_route=%2Fwp%2Fv2%2Fcomments&post=25345"}],"version-history":[{"count":0,"href":"http:\/\/www.korhanyilmaz.com\/index.php?rest_route=\/wp\/v2\/posts\/25345\/revisions"}],"wp:attachment":[{"href":"http:\/\/www.korhanyilmaz.com\/index.php?rest_route=%2Fwp%2Fv2%2Fmedia&parent=25345"}],"wp:term":[{"taxonomy":"category","embeddable":true,"href":"http:\/\/www.korhanyilmaz.com\/index.php?rest_route=%2Fwp%2Fv2%2Fcategories&post=25345"},{"taxonomy":"post_tag","embeddable":true,"href":"http:\/\/www.korhanyilmaz.com\/index.php?rest_route=%2Fwp%2Fv2%2Ftags&post=25345"}],"curies":[{"name":"wp","href":"https:\/\/api.w.org\/{rel}","templated":true}]}}