{"id":25335,"date":"2010-09-03T00:38:34","date_gmt":"2010-09-02T21:38:34","guid":{"rendered":"http:\/\/www.korhanyilmaz.com\/?p=25335"},"modified":"2010-09-03T00:38:34","modified_gmt":"2010-09-02T21:38:34","slug":"arkadaki-adam-ortaligi-karistirdi","status":"publish","type":"post","link":"http:\/\/www.korhanyilmaz.com\/?p=25335","title":{"rendered":"&#8220;Arkadaki adam&#8221; ortal\u0131\u011f\u0131 kar\u0131\u015ft\u0131rd\u0131&#8230;"},"content":{"rendered":"<p style=\"text-align: justify;\"><a href=\"http:\/\/www.korhanyilmaz.com\/wp-content\/uploads\/2010\/09\/082.jpg\"  class=\"lightview\"><img loading=\"lazy\" decoding=\"async\" class=\"aligncenter size-full wp-image-25337\" src=\"http:\/\/www.korhanyilmaz.com\/wp-content\/uploads\/2010\/09\/082.jpg\" alt=\"\" width=\"385\" height=\"223\" \/><\/a><\/p>\n<p style=\"text-align: justify;\">Hatay\u2019daki referandum \u00e7al\u0131\u015fmas\u0131 s\u0131ras\u0131nda Adalet Bakan\u0131 Sadullah Ergin&#8217;i yaln\u0131z b\u0131rakmayan ki\u015fi iki siyaset\u00e7inin katili \u00e7\u0131kt\u0131. Bakan Ergin \u2018\u2019Bu ki\u015fiyi tan\u0131m\u0131yorum\u2019\u2019 a\u00e7\u0131klamas\u0131 yapt\u0131.<!--more--><\/p>\n<p style=\"text-align: justify;\">ANKARA &#8211;  Referandum i\u00e7in memleketi Hatay&#8217;da \u00e7al\u0131\u015fmalar yapan Adalet Bakan\u0131 Sadullah Ergin&#8217;in \u2018\u2019Arkas\u0131ndaki adam\u2019\u2019 ortal\u0131\u011f\u0131 kar\u0131\u015ft\u0131rd\u0131. BDP milletvekili Emine Ayna, bu ki\u015finin cinayet h\u00fck\u00fcml\u00fcs\u00fc oldu\u011funu belirterek Ergin\u2019i, \u2018\u2019Katille kol kola referandum \u00e7al\u0131\u015fmas\u0131 yapmakla\u2019\u2019 su\u00e7lad\u0131. Bakan Ergin ise bu ki\u015fiyi tan\u0131mad\u0131\u011f\u0131n\u0131 ve bilgisi d\u0131\u015f\u0131nda foto\u011fraf karelerine girdi\u011fini a\u00e7\u0131klad\u0131.<\/p>\n<p style=\"text-align: justify;\">Ergin\u2019in \u00f6nceki g\u00fcn Samanda\u011f il\u00e7esine yapt\u0131\u011f\u0131 gezi s\u0131ras\u0131nda s\u00fcrekli beraberinde bulunan ki\u015fi dikkat \u00e7ekti. Bakan Ergin\u2019 yaln\u0131z b\u0131rakmayan ve Samanda\u011f\u2019l\u0131 olan Beh\u00e7et Karaa\u011fa\u00e7l\u0131\u2019n\u0131n, 30 Mart 1995 tarihinde DEP Samanda\u011f \u0130l\u00e7e Ba\u015fkan\u0131 Mehmet Latifeci ile babas\u0131 Yahya Latifeci\u2019yi \u00f6ld\u00fcrmekten h\u00fck\u00fcml\u00fc oldu\u011fu ortaya \u00e7\u0131kt\u0131.<\/p>\n<p style=\"text-align: justify;\"><strong>AYNA\u2019NIN \u0130DD\u0130ASI<\/strong><\/p>\n<p style=\"text-align: justify;\">BDP Mardin Milletvekili Emine Ayna, \u201c1995 y\u0131l\u0131nda DEP Samanda\u011f \u0130l\u00e7e ba\u015fkan\u0131m\u0131z Mehmet Latifeci ile babas\u0131 Yahya Latifeci\u2019yi \u00f6ld\u00fcren Beh\u00e7et Karaa\u011fa\u00e7l\u0131, Hatay\u2019da Adalet Bakan\u0131 Sadullah Ergin ile birlikte kol kola referandum \u00e7al\u0131\u015fmas\u0131 y\u00fcr\u00fct\u00fcyor\u201d dedi.<\/p>\n<p style=\"text-align: justify;\">\u0130ddialar \u00fczerine Adalet Bakanl\u0131\u011f\u0131 bir a\u00e7\u0131klama yapt\u0131 ve Samanda\u011f\u2019daki toplant\u0131 s\u0131ras\u0131nda Bakan\u2019\u0131n bilgisi d\u0131\u015f\u0131nda bu ki\u015finin foto\u011fraf karesine girdi\u011fini belirtti. A\u00e7\u0131klamada, \u201c\u015eahs\u0131n Adalet Bakan\u0131 Ergin&#8217;e refakat\u00e7ilik yapt\u0131\u011f\u0131 iddias\u0131 do\u011fru olmad\u0131\u011f\u0131 gibi Bakan Ergin&#8217;in bu ki\u015filerle herhangi bir tan\u0131\u015f\u0131kl\u0131\u011f\u0131 da s\u00f6z konusu de\u011fildir\u201d denildi.<\/p>\n<p style=\"text-align: justify;\">Beh\u00e7et Karaa\u011fa\u00e7l\u0131, 1995 y\u0131l\u0131nda meydana gelen cinayet olay\u0131n\u0131n ard\u0131ndan tutuklanm\u0131\u015f ve a\u011f\u0131r hapse mahkum edilmi\u015fti. Karaa\u011fa\u00e7l\u0131 daha sonra kamuoyunda Rah\u015fan Aff\u0131 olarak da bilinen yasa uyar\u0131nca tahliye edilmi\u015fti. Karaa\u011fa\u00e7l\u0131 halen Samanda\u011f\u2019a ba\u011fl\u0131 Suta\u015f\u0131 k\u00f6y\u00fcnde ya\u015f\u0131yor.<\/p>\n<p style=\"text-align: justify;\"><a href=\"http:\/\/www.gazeteport.com.tr\/GUNCEL\/NEWS\/GP_757311\" target=\"_blank\"><span style=\"color: #888888;\">Yusuf Sahici &#8211; GAZETPORT<\/span><\/a><\/p>\n","protected":false},"excerpt":{"rendered":"<p style=\"text-align: justify;\">\n<p style=\"text-align: justify;\">Hatay\u2019daki referandum \u00e7al\u0131\u015fmas\u0131 s\u0131ras\u0131nda Adalet Bakan\u0131 Sadullah Ergin&#8217;i yaln\u0131z b\u0131rakmayan ki\u015fi iki siyaset\u00e7inin katili \u00e7\u0131kt\u0131. Bakan Ergin \u2018\u2019Bu ki\u015fiyi tan\u0131m\u0131yorum\u2019\u2019 a\u00e7\u0131klamas\u0131 yapt\u0131.<\/p>\n","protected":false},"author":1,"featured_media":0,"comment_status":"open","ping_status":"closed","sticky":false,"template":"","format":"standard","meta":{"footnotes":""},"categories":[105],"tags":[],"class_list":["post-25335","post","type-post","status-publish","format-standard","hentry","category-gundem","odd"],"_links":{"self":[{"href":"http:\/\/www.korhanyilmaz.com\/index.php?rest_route=\/wp\/v2\/posts\/25335","targetHints":{"allow":["GET"]}}],"collection":[{"href":"http:\/\/www.korhanyilmaz.com\/index.php?rest_route=\/wp\/v2\/posts"}],"about":[{"href":"http:\/\/www.korhanyilmaz.com\/index.php?rest_route=\/wp\/v2\/types\/post"}],"author":[{"embeddable":true,"href":"http:\/\/www.korhanyilmaz.com\/index.php?rest_route=\/wp\/v2\/users\/1"}],"replies":[{"embeddable":true,"href":"http:\/\/www.korhanyilmaz.com\/index.php?rest_route=%2Fwp%2Fv2%2Fcomments&post=25335"}],"version-history":[{"count":0,"href":"http:\/\/www.korhanyilmaz.com\/index.php?rest_route=\/wp\/v2\/posts\/25335\/revisions"}],"wp:attachment":[{"href":"http:\/\/www.korhanyilmaz.com\/index.php?rest_route=%2Fwp%2Fv2%2Fmedia&parent=25335"}],"wp:term":[{"taxonomy":"category","embeddable":true,"href":"http:\/\/www.korhanyilmaz.com\/index.php?rest_route=%2Fwp%2Fv2%2Fcategories&post=25335"},{"taxonomy":"post_tag","embeddable":true,"href":"http:\/\/www.korhanyilmaz.com\/index.php?rest_route=%2Fwp%2Fv2%2Ftags&post=25335"}],"curies":[{"name":"wp","href":"https:\/\/api.w.org\/{rel}","templated":true}]}}