{"id":25326,"date":"2010-09-02T16:49:29","date_gmt":"2010-09-02T13:49:29","guid":{"rendered":"http:\/\/www.korhanyilmaz.com\/?p=25326"},"modified":"2010-09-02T16:49:29","modified_gmt":"2010-09-02T13:49:29","slug":"yargitaydan-ocalan-tartismasina-yanit","status":"publish","type":"post","link":"http:\/\/www.korhanyilmaz.com\/?p=25326","title":{"rendered":"Yarg\u0131tay&#8217;dan \u00d6calan tart\u0131\u015fmas\u0131na yan\u0131t"},"content":{"rendered":"<p><a href=\"http:\/\/www.korhanyilmaz.com\/wp-content\/uploads\/2010\/09\/057.jpg\"  class=\"lightview\"><img loading=\"lazy\" decoding=\"async\" class=\"aligncenter size-full wp-image-25327\" src=\"http:\/\/www.korhanyilmaz.com\/wp-content\/uploads\/2010\/09\/057.jpg\" alt=\"\" width=\"307\" height=\"236\" \/><\/a><\/p>\n<p style=\"text-align: justify;\">Yarg\u0131tay Ba\u015fkan\u0131 Hasan Ger\u00e7eker, &#8220;\u00d6calan&#8217;a ihtiya\u00e7 var&#8221; tart\u0131\u015fmas\u0131na noktay\u0131 koydu: &#8220;Yanl\u0131\u015f yapan varsa cezas\u0131n\u0131 \u00e7eker&#8221;<\/p>\n<p style=\"text-align: justify;\">Yarg\u0131tay Ba\u015fkan\u0131 Hasan Ger\u00e7eker, yarg\u0131tay \u00fcyelerine ait oldu\u011fu iddia edilen ses kay\u0131tlar\u0131n\u0131n i\u00e7erik itibariyle hi\u00e7bir zaman tasvip edilecek bir \u015fey olmad\u0131\u011f\u0131n\u0131 belirterek, &#8220;Bir yarg\u0131tay \u00fcyesinin, hakimin, insan\u0131n s\u00f6yleyebilece\u011fi, konu\u015fabilece\u011fi \u015feyler de\u011fil&#8221; dedi. <!--more--><\/p>\n<p style=\"text-align: justify;\">Yarg\u0131tay Ba\u015fkan\u0131 Ger\u00e7eker, Yarg\u0131tay&#8217;a giri\u015finde gazetecilerin sorular\u0131n\u0131 yan\u0131tlad\u0131.<\/p>\n<p style=\"text-align: justify;\">Bir gazetecinin &#8220;Yarg\u0131tay \u00fcyelerine ait oldu\u011fu iddia edilen ses kay\u0131tlar\u0131na ili\u015fkin bir i\u015flem yap\u0131p yapmad\u0131klar\u0131n\u0131&#8221; sormas\u0131 \u00fczerine, Ger\u00e7eker, bas\u0131nda konuya ili\u015fkin haberler yer ald\u0131ktan sonra olaya el koyduklar\u0131n\u0131 ve gerekli talimatlar\u0131 verdi\u011fini, soru\u015fturman\u0131n, ara\u015ft\u0131rman\u0131n yap\u0131ld\u0131\u011f\u0131n\u0131 s\u00f6yledi.<\/p>\n<p style=\"text-align: justify;\">Adli tatil dolay\u0131s\u0131yla n\u00f6bet\u00e7i ba\u015fkanvekili ve heyetin yasal olarak gerekli her \u015feyi yapaca\u011f\u0131n\u0131 ifade eden Ger\u00e7eker, &#8220;Bas\u0131nda \u00e7\u0131kan konu\u015fmalar yasal m\u0131d\u0131r, hukuki ge\u00e7erlili\u011fi var m\u0131d\u0131r, yok mudur, bilmiyoruz. Bunlar ara\u015ft\u0131r\u0131lacak. Bize intikal eden duruma g\u00f6re ne gerekiyorsa yap\u0131lacak&#8221; dedi.<\/p>\n<p style=\"text-align: justify;\">Adli tatil dolay\u0131s\u0131yla ses kay\u0131tlar\u0131 iddia edilen yarg\u0131tay \u00fcyeleriyle g\u00f6r\u00fc\u015fmedi\u011fini, tatil sonras\u0131nda ise g\u00f6r\u00fc\u015febilece\u011fini ifade eden Ger\u00e7eker, &#8220;\u0130\u00e7erik itibariyle hi\u00e7bir zaman tasvip edilecek bir \u015fey de\u011fil. Bir yarg\u0131tay \u00fcyesinin, hakimin, insan\u0131n s\u00f6yleyebilece\u011fi, konu\u015fabilece\u011fi \u015feyler de\u011fil. Bunlar hi\u00e7bir zaman tasvip edilecek \u015feyler de\u011fil ama hep Yarg\u0131tayla, Dan\u0131\u015ftayla ilgili yasal olmayan dinlemeler s\u00f6z konusu. Bunlar\u0131n ger\u00e7ek oldu\u011fu yay\u0131nlarla ortaya \u00e7\u0131k\u0131yor. Bir Yarg\u0131tay \u00fcyesinin Birinci Ba\u015fkanl\u0131k Kurulu&#8217;nun izni olmadan dinlenmesi m\u00fcmk\u00fcn de\u011fil. Onun i\u00e7in ortam dinlemesi mi, telefon dinlemesi mi yap\u0131ld\u0131, bilemiyoruz. Bunlar\u0131 ara\u015ft\u0131raca\u011f\u0131z&#8221; dedi.<\/p>\n<p style=\"text-align: justify;\">Ger\u00e7eker, &#8220;ses kay\u0131tlar\u0131nda ter\u00f6r \u00f6rg\u00fct\u00fc ele ba\u015f\u0131 Abdullah \u00d6calan ile ilgili ifadelerin yer almas\u0131n\u0131n&#8221; hat\u0131rlat\u0131lmas\u0131 \u00fczerine de konu\u015fmalar\u0131n \u00e7ok \u00e7irkin beyanlardan olu\u015ftu\u011funu s\u00f6yledi.<\/p>\n<p style=\"text-align: justify;\">Konu\u015fmalar\u0131n hukuki ge\u00e7erlili\u011fi tespit edilmeden kesin bir yarg\u0131da bulunman\u0131n da do\u011fru olmayaca\u011f\u0131n\u0131 vurgulayan Ger\u00e7eker, &#8220;hukuk \u00e7izgisi i\u00e7erisinde ne gerekiyorsa yap\u0131laca\u011f\u0131n\u0131&#8221; s\u00f6yledi.<\/p>\n<p style=\"text-align: justify;\">Ger\u00e7eker, &#8220;Yarg\u0131 bir toplum i\u00e7in en \u00fcst\u00fcn de\u011ferdir. Ekmek gibi, su gibi gerekli olan bir \u015feydir. Yarg\u0131ya b\u00fct\u00fcn toplumun, \u00e7ok b\u00fcy\u00fck bir hassasiyetle sahip \u00e7\u0131kmas\u0131 gerekir. Yarg\u0131, adaleti da\u011f\u0131tan bir m\u00fcessese. Yarg\u0131 zedelendi\u011fi zaman, zafiyete u\u011frad\u0131\u011f\u0131 zaman bundan toplum zarar g\u00f6recektir. Onun i\u00e7in yanl\u0131\u015f yapan varsa, o yanl\u0131\u015flar\u0131n \u00fczerine gidilecek. Su\u00e7 i\u015fleyen varsa su\u00e7lular mutlaka cezaland\u0131r\u0131lacakt\u0131r. Kimseye bir ayr\u0131cal\u0131k s\u00f6z konusu olamaz. Ama kurumlar\u0131 zedeleyerek, topyek\u00fcn su\u00e7layarak \u00e7al\u0131\u015famaz hale getirmek, hedef tahtas\u0131 haline getirmek do\u011fru bir anlay\u0131\u015f de\u011fil ama hukuki gereklilik neyse bu da yap\u0131lacakt\u0131r&#8221; diye konu\u015ftu.<\/p>\n<p style=\"text-align: justify;\">Daha \u00f6nce de Yarg\u0131tay \u00fcyelerine ait oldu\u011fu iddia edilen ses kay\u0131tlar\u0131na ili\u015fkin Ankara Cumhuriyet Ba\u015fsavc\u0131l\u0131\u011f\u0131na su\u00e7 duyurusunda bulunduklar\u0131n\u0131 an\u0131msatan Ger\u00e7eker, konunun sonu\u00e7lanmad\u0131\u011f\u0131n\u0131 ve Ankara Cumhuriyet Ba\u015fsavc\u0131l\u0131\u011f\u0131ndan kendilerine bu konuda bir bilgi iletilmedi\u011fini kaydetti.<\/p>\n<p style=\"text-align: justify;\">Ger\u00e7eker, &#8220;kendisinin dinlenildi\u011finden \u015f\u00fcphe duyup duymad\u0131\u011f\u0131n\u0131n&#8221; sorulmas\u0131 \u00fczerine, &#8220;\u015eu anda dinlenip dinlenilmedi\u011fimi bilmiyorum. Bas\u0131na yans\u0131yan bilgilere, somut birtak\u0131m verilere g\u00f6re yasal olmayan dinlemeler yap\u0131l\u0131yor. Bunu hi\u00e7 kimsenin inkar etmesi m\u00fcmk\u00fcn de\u011fil. \u015eunu unutmamak laz\u0131m, bug\u00fcn bunu benim yarar\u0131ma oldu\u011fu i\u00e7in ho\u015f g\u00f6rebilirsen, yar\u0131n ayn\u0131 durum sizi de vurabilir. Onun i\u00e7in hukuk d\u0131\u015f\u0131 olan her \u015feye hepimizin kar\u015f\u0131 \u00e7\u0131kmas\u0131 laz\u0131m&#8221; dedi.<\/p>\n<p style=\"text-align: justify;\"><strong>AK Parti cephesinden a\u00e7\u0131klama&#8230; <\/strong><\/p>\n<p style=\"text-align: justify;\">Bug\u00fcn AK Parti cephesinden konuyla ilgili a\u00e7\u0131klama AK Parti Genel Ba\u015fkan Yard\u0131mc\u0131s\u0131 Salih Kapusuz&#8217;dan geldi.<\/p>\n<p style=\"text-align: justify;\">Kapusuz, &#8221; 1Ekim itibar\u0131yla, o g\u00fcne kadar bir \u015feyin yap\u0131lmamas\u0131 durumunda bu konu kesinlikle TBMM&#8217;ye ta\u015f\u0131nacakt\u0131r&#8221; dedi.<\/p>\n<p style=\"text-align: justify;\">Ses kay\u0131tlar\u0131na ili\u015fkin bir yalanlaman\u0131n gelmedi\u011fini vurgulayan Kapusuz, ses kay\u0131tlar\u0131n\u0131n &#8220;yarg\u0131 mensuplar\u0131n\u0131n yarg\u0131 d\u0131\u015f\u0131nda nelerle me\u015fgul olduklar\u0131n\u0131, ne vahim bir g\u00f6r\u00fc\u015fe sahip olduklar\u0131n\u0131&#8221; g\u00f6sterdi\u011fini belirtti.<\/p>\n<p style=\"text-align: justify;\">Ses kay\u0131tlar\u0131ndaki bir konu\u015fmada &#8220;Biz BDP ile anla\u015ft\u0131k, onlar boykot edecekler, askerin de bundan haberi var. CHP&#8217;nin, BDP&#8217;nin elinden tutmas\u0131 laz\u0131m, sahip \u00e7\u0131kmas\u0131 laz\u0131m&#8221;, bir di\u011fer konu\u015fmada ise &#8220;Kaos olur, kriz olur&#8221;denilirken buna cevap olarak &#8220;Olsun \u00f6nemli de\u011fil, biz ondan istifade ederiz. Ama &#8216;Hay\u0131r&#8217; \u00e7\u0131kmazsa i\u015fimiz biter&#8221; \u015feklinde konu\u015fmalar\u0131n bulundu\u011funu dile getiren Kapusuz, \u015funlar\u0131 kaydetti:<\/p>\n<p style=\"text-align: justify;\">&#8220;Bunu s\u00f6yleyen yarg\u0131 mensuplar\u0131 konu\u015fabiliyor. Bu s\u00f6ylem onlara aitolabiliyor. Bu, hukuk ad\u0131na bir rezalettir, hukuk\u00e7u ad\u0131na bir vahamettir, \u00fclkead\u0131na bir ihanettir. Ben bu konuda kesinlikle ilgili taraflar\u0131n gereken \u00e7al\u0131\u015fmalar\u0131 ba\u015flatmas\u0131n\u0131, bir tak\u0131m gerek\u00e7elerin arkas\u0131na s\u0131\u011f\u0131nmamas\u0131n\u0131 \u00f6nemsiyorum. 1 Ekim itibar\u0131yla, o g\u00fcne kadar bir \u015feyin yap\u0131lmamas\u0131 durumunda bu konu kesinlikle TBMM&#8217;ye ta\u015f\u0131nacakt\u0131r. Herkes s\u0131n\u0131rlar\u0131 i\u00e7inde, yasalar i\u00e7inde kalmak mecburiyetindedir. \u00dclkeye zarar verecek bir gayretin i\u00e7inde yer alamazlar.Kendileri hem yarg\u0131 mensubu hem de devlet memurudur. Topluma b\u00fcy\u00fck zararverebilecek bu ve benzeri de\u011ferlendirmeleri \u015fiddet ve nefretle k\u0131n\u0131yorum.&#8221;<\/p>\n<p style=\"text-align: justify;\"><span style=\"color: #888888;\">CNN T\u00dcRK<\/span><\/p>\n","protected":false},"excerpt":{"rendered":"<\/p>\n<p style=\"text-align: justify;\">Yarg\u0131tay Ba\u015fkan\u0131 Hasan Ger\u00e7eker, &#8220;\u00d6calan&#8217;a ihtiya\u00e7 var&#8221; tart\u0131\u015fmas\u0131na noktay\u0131 koydu: &#8220;Yanl\u0131\u015f yapan varsa cezas\u0131n\u0131 \u00e7eker&#8221;<\/p>\n<p style=\"text-align: justify;\">Yarg\u0131tay Ba\u015fkan\u0131 Hasan Ger\u00e7eker, yarg\u0131tay \u00fcyelerine ait oldu\u011fu iddia edilen ses kay\u0131tlar\u0131n\u0131n i\u00e7erik itibariyle hi\u00e7bir zaman tasvip edilecek bir \u015fey olmad\u0131\u011f\u0131n\u0131 belirterek, &#8220;Bir yarg\u0131tay \u00fcyesinin, hakimin, insan\u0131n s\u00f6yleyebilece\u011fi, konu\u015fabilece\u011fi \u015feyler de\u011fil&#8221; dedi. <\/p>\n","protected":false},"author":1,"featured_media":0,"comment_status":"open","ping_status":"closed","sticky":false,"template":"","format":"standard","meta":{"footnotes":""},"categories":[105],"tags":[],"class_list":["post-25326","post","type-post","status-publish","format-standard","hentry","category-gundem","odd"],"_links":{"self":[{"href":"http:\/\/www.korhanyilmaz.com\/index.php?rest_route=\/wp\/v2\/posts\/25326","targetHints":{"allow":["GET"]}}],"collection":[{"href":"http:\/\/www.korhanyilmaz.com\/index.php?rest_route=\/wp\/v2\/posts"}],"about":[{"href":"http:\/\/www.korhanyilmaz.com\/index.php?rest_route=\/wp\/v2\/types\/post"}],"author":[{"embeddable":true,"href":"http:\/\/www.korhanyilmaz.com\/index.php?rest_route=\/wp\/v2\/users\/1"}],"replies":[{"embeddable":true,"href":"http:\/\/www.korhanyilmaz.com\/index.php?rest_route=%2Fwp%2Fv2%2Fcomments&post=25326"}],"version-history":[{"count":0,"href":"http:\/\/www.korhanyilmaz.com\/index.php?rest_route=\/wp\/v2\/posts\/25326\/revisions"}],"wp:attachment":[{"href":"http:\/\/www.korhanyilmaz.com\/index.php?rest_route=%2Fwp%2Fv2%2Fmedia&parent=25326"}],"wp:term":[{"taxonomy":"category","embeddable":true,"href":"http:\/\/www.korhanyilmaz.com\/index.php?rest_route=%2Fwp%2Fv2%2Fcategories&post=25326"},{"taxonomy":"post_tag","embeddable":true,"href":"http:\/\/www.korhanyilmaz.com\/index.php?rest_route=%2Fwp%2Fv2%2Ftags&post=25326"}],"curies":[{"name":"wp","href":"https:\/\/api.w.org\/{rel}","templated":true}]}}