{"id":25322,"date":"2010-09-02T18:35:08","date_gmt":"2010-09-02T15:35:08","guid":{"rendered":"http:\/\/www.korhanyilmaz.com\/?p=25322"},"modified":"2010-09-02T18:35:08","modified_gmt":"2010-09-02T15:35:08","slug":"iki-kisinin-kendi-arasinda-yaptigi-kritik","status":"publish","type":"post","link":"http:\/\/www.korhanyilmaz.com\/?p=25322","title":{"rendered":"&#8220;\u0130ki ki\u015finin kendi aras\u0131nda yapt\u0131\u011f\u0131 kritik&#8221;"},"content":{"rendered":"<p style=\"text-align: center;\"><a href=\"http:\/\/www.korhanyilmaz.com\/wp-content\/uploads\/2010\/09\/056.jpg\"  class=\"lightview\"><img loading=\"lazy\" decoding=\"async\" class=\"aligncenter size-full wp-image-25323\" src=\"http:\/\/www.korhanyilmaz.com\/wp-content\/uploads\/2010\/09\/056.jpg\" alt=\"\" width=\"304\" height=\"228\" \/><\/a><\/p>\n<p style=\"text-align: justify;\">HSYK Ba\u015fkanvekili Kadir \u00d6zbek, y\u00fcksek yarg\u0131 \u00fcyelerine ait oldu\u011fu iddia edilen ses kay\u0131tlar\u0131n\u0131 iki ki\u015fi aras\u0131ndaki kritik g\u00f6r\u00fc\u015fmeler olarak de\u011ferlendirerek, &#8220;\u0130ki insan ba\u015f ba\u015fa konu\u015furken \u00e7ok \u00f6zel \u015feyleri konu\u015furlar. Bunlar\u0131 gizli bir \u015fekilde tespit etmek su\u00e7tur. As\u0131l bunun \u00fczerinde durulmas\u0131 gerekir&#8221; dedi.<!--more--><\/p>\n<p style=\"text-align: justify;\">ANKARA &#8211; HSYK Ba\u015fkanvekili \u00d6zbek kurula geli\u015finde gazetecilerin sorular\u0131n\u0131 yan\u0131tlad\u0131. \u00d6zbek bug\u00fcn toplant\u0131 g\u00fcn\u00fc oldu\u011funu ve Adalet Bakan\u0131 Sadullah Ergin ile m\u00fcste\u015far\u0131n\u0131n kararnameyi getirmesini beklediklerini ifade etti. \u00d6zbek, &#8220;Kendileri bir \u00e7al\u0131\u015fma yapt\u0131klar\u0131n\u0131 s\u00f6ylediler. 224 hakim ve savc\u0131 arkada\u015f\u0131m\u0131z\u0131n durumlar\u0131n\u0131n g\u00f6r\u00fc\u015f\u00fcl\u00fcp de\u011ferlendirilmesi gerekti\u011fini ifade ettiler. Bu say\u0131n\u0131n do\u011fru olmad\u0131\u011f\u0131n\u0131 \u00f6zellikle ifade etmek istiyorum. Onlar\u0131n 56 s\u0131 kararnameden zaten \u00e7\u0131kar\u0131lm\u0131\u015ft\u0131. O say\u0131 ger\u00e7ekleri yans\u0131tm\u0131yor. Bug\u00fcne kadar tamamlanm\u0131\u015f olmas\u0131 gerekirdi. Bunlar\u0131n getirilmemi\u015f olmas\u0131 bir yerde de kendilerinin de bu kararnameyi \u00f6telemek istediklerini g\u00f6sterir&#8221; dile konu\u015ftu.<\/p>\n<p style=\"text-align: justify;\"><strong>Niye pe\u015flerinde dinleme ayg\u0131t\u0131 var <\/strong><\/p>\n<p style=\"text-align: justify;\">\u00d6zbek y\u00fcksek yarg\u0131 mensuplar\u0131na ait oldu\u011fu iddia edilen ses kay\u0131tlar\u0131n\u0131n sorulmas\u0131 \u00fczerine s\u00f6z konusu kay\u0131tlar\u0131n i\u00e7eri\u011fini tasvip etmenin m\u00fcmk\u00fcn olmad\u0131\u011f\u0131n\u0131 a\u00e7\u0131klad\u0131. \u00d6zbek \u00fczerinde durulmas\u0131 gerekenin ise s\u00f6z konusu ki\u015filerin neden dinlendi\u011fi oldu\u011funu ifade etti. \u00d6zbek, &#8220;Niye bunlar\u0131n pe\u015finde birileri dinleme ayg\u0131t\u0131 ile geziyor. Niye bunlar\u0131 tespit etme ihtiyac\u0131 duydular ve niye servis yap\u0131ld\u0131. \u015fimdi iki insan ba\u015f ba\u015fa konu\u015furken \u00e7ok \u00f6zel \u015feyleri konu\u015furlar. Bunlar\u0131 gizli bir \u015fekilde tespit etmek su\u00e7tur. As\u0131l bunun \u00fczerinde durulmas\u0131 gerekir. Ancak bu arkada\u015flar\u0131m\u0131z\u0131n bulunduklar\u0131 konum itibariyle \u00d6calan ve benzerleri ile pazarl\u0131k edebilecekleri imkan yok. Bu tarz konu\u015fmalar\u0131 kendi aralar\u0131nda yapt\u0131klar\u0131 kritik olarak de\u011ferlendiriyorum&#8221; dedi. \u00d6zbek iddia edilen konu\u015fmalar\u0131n bulundu\u011fu kay\u0131tlar\u0131n yarg\u0131 aleyhine kullan\u0131lmas\u0131n\u0131 da ele\u015ftirerek \u015f\u00f6yle devam etti:<\/p>\n<p style=\"text-align: justify;\">&#8220;Bunlar\u0131n kullan\u0131lmas\u0131 yanl\u0131\u015ft\u0131r, maksatl\u0131d\u0131r. Biz b\u00f6yle \u015feyleri s\u00f6yleyince siyaset yapmakla su\u00e7luyorlar. Oysa biz savunma konumuna d\u00fc\u015ft\u00fck.&#8221;<\/p>\n<p style=\"text-align: justify;\">\u00d6zbek merkeze al\u0131nan Eski\u015fehir Emniyet M\u00fcd\u00fcr\u00fc Hanefi Avc\u0131&#8217;n\u0131n kitab\u0131na ili\u015fkin yorumunda ise kitab\u0131n baz\u0131 k\u0131s\u0131mlar\u0131n\u0131 okudu\u011funu ancak hen\u00fcz bitiremedi\u011fini s\u00f6yledi. \u00d6zbek kitab\u0131n i\u00e7eri\u011finin de zamanlamas\u0131n\u0131n da \u00e7ok \u00f6nemli oldu\u011funu vurgulayarak, &#8220;Okudu\u011fum b\u00f6l\u00fcmlere ili\u015fkin k\u0131s\u0131mlar ger\u00e7e\u011fi ifade ediyor&#8221; diye konu\u015ftu.<\/p>\n<p style=\"text-align: justify;\"><a href=\"http:\/\/www.cumhuriyet.com.tr\/?hn=169786\" target=\"_blank\"><span style=\"color: #888888;\">Kaynak : Cumhuriyet Haber Portal\u0131<\/span><\/a><\/p>\n","protected":false},"excerpt":{"rendered":"<p style=\"text-align: center;\">\n<p style=\"text-align: justify;\">HSYK Ba\u015fkanvekili Kadir \u00d6zbek, y\u00fcksek yarg\u0131 \u00fcyelerine ait oldu\u011fu iddia edilen ses kay\u0131tlar\u0131n\u0131 iki ki\u015fi aras\u0131ndaki kritik g\u00f6r\u00fc\u015fmeler olarak de\u011ferlendirerek, &#8220;\u0130ki insan ba\u015f ba\u015fa konu\u015furken \u00e7ok \u00f6zel \u015feyleri konu\u015furlar. Bunlar\u0131 gizli bir \u015fekilde tespit etmek su\u00e7tur. As\u0131l bunun \u00fczerinde durulmas\u0131 gerekir&#8221; dedi.<\/p>\n","protected":false},"author":1,"featured_media":0,"comment_status":"open","ping_status":"closed","sticky":false,"template":"","format":"standard","meta":{"footnotes":""},"categories":[105],"tags":[],"class_list":["post-25322","post","type-post","status-publish","format-standard","hentry","category-gundem","odd"],"_links":{"self":[{"href":"http:\/\/www.korhanyilmaz.com\/index.php?rest_route=\/wp\/v2\/posts\/25322","targetHints":{"allow":["GET"]}}],"collection":[{"href":"http:\/\/www.korhanyilmaz.com\/index.php?rest_route=\/wp\/v2\/posts"}],"about":[{"href":"http:\/\/www.korhanyilmaz.com\/index.php?rest_route=\/wp\/v2\/types\/post"}],"author":[{"embeddable":true,"href":"http:\/\/www.korhanyilmaz.com\/index.php?rest_route=\/wp\/v2\/users\/1"}],"replies":[{"embeddable":true,"href":"http:\/\/www.korhanyilmaz.com\/index.php?rest_route=%2Fwp%2Fv2%2Fcomments&post=25322"}],"version-history":[{"count":0,"href":"http:\/\/www.korhanyilmaz.com\/index.php?rest_route=\/wp\/v2\/posts\/25322\/revisions"}],"wp:attachment":[{"href":"http:\/\/www.korhanyilmaz.com\/index.php?rest_route=%2Fwp%2Fv2%2Fmedia&parent=25322"}],"wp:term":[{"taxonomy":"category","embeddable":true,"href":"http:\/\/www.korhanyilmaz.com\/index.php?rest_route=%2Fwp%2Fv2%2Fcategories&post=25322"},{"taxonomy":"post_tag","embeddable":true,"href":"http:\/\/www.korhanyilmaz.com\/index.php?rest_route=%2Fwp%2Fv2%2Ftags&post=25322"}],"curies":[{"name":"wp","href":"https:\/\/api.w.org\/{rel}","templated":true}]}}