{"id":25317,"date":"2010-09-02T16:47:13","date_gmt":"2010-09-02T13:47:13","guid":{"rendered":"http:\/\/www.korhanyilmaz.com\/?p=25317"},"modified":"2010-09-02T16:47:13","modified_gmt":"2010-09-02T13:47:13","slug":"ankaraya-onemli-konuk","status":"publish","type":"post","link":"http:\/\/www.korhanyilmaz.com\/?p=25317","title":{"rendered":"Ankara&#8217;ya \u00f6nemli konuk"},"content":{"rendered":"<p style=\"text-align: justify;\"><a href=\"http:\/\/www.korhanyilmaz.com\/wp-content\/uploads\/2010\/09\/0551.jpeg\"  class=\"lightview\"><img loading=\"lazy\" decoding=\"async\" class=\"aligncenter size-full wp-image-25319\" src=\"http:\/\/www.korhanyilmaz.com\/wp-content\/uploads\/2010\/09\/0551.jpeg\" alt=\"\" width=\"454\" height=\"206\" \/><\/a><\/p>\n<p style=\"text-align: justify;\">ABD Genelkurmay Ba\u015fkan\u0131 Oramiral Michael Mullen yar\u0131n T\u00fcrkiye\u2019ye gelerek bir dizi ziyarette bulunacak. Genelkurmay Ba\u015fkan\u0131 Orgeneral I\u015f\u0131k Ko\u015faner ile de g\u00f6r\u00fc\u015fecek Oramiral Mullen\u2019in, Irak\u2019ta bulunan asker ve askeri te\u00e7hisat\u0131n T\u00fcrkiye \u00fczerinden \u00e7ekilmesini \u00f6nerece\u011fi ifade edildi. <!--more--><\/p>\n<p style=\"text-align: justify;\">Oramiral Mullen\u2019in, yar\u0131n saat 16.00\u2019da Ankara\u2019ya gelece\u011fi \u00f6\u011frenildi. Halen Pakistan\u2019da bulunan ABD Genelkurmay Ba\u015fkan\u0131 Mullen\u2019in, Genelkurmay Ba\u015fkan\u0131 Orgeneral Ko\u015faner\u2019i Genelkurmay Karargah\u0131\u2019nda ziyaret edece\u011fi bildirildi.<\/p>\n<p style=\"text-align: justify;\">Mullen\u2019\u0131n ABD\u2019nin Irak\u2019ta bulunan a\u011f\u0131r te\u00e7hizat\u0131n\u0131n T\u00fcrkiye \u00fczerinden \u00e7ekilmesini isteyece\u011fi konuya ili\u015fkin detaylar\u0131n masaya yat\u0131r\u0131laca\u011f\u0131 kaydedildi.<\/p>\n<p style=\"text-align: justify;\">NTV&#8217;nin \u00f6zel haberine g\u00f6re, Oramiral Mullen, yar\u0131n Genelkurmay Ba\u015fkan\u0131 Orgeneral I\u015f\u0131k Ko\u015faner\u2019i Genelkurmay Karargah\u0131\u2019nda ziyaret edecek.7 y\u0131ll\u0131k bir i\u015fgalin ard\u0131ndan Irak\u2019tan \u00e7ekilmeye ba\u015flayan ABD, Irak\u2019ta bulundurdu\u011fu a\u011f\u0131r te\u00e7hizatlar\u0131n\u0131n ABD&#8217;ye g\u00f6nderilmesini sa\u011flamak i\u00e7in, T\u00fcrkiye\u2019den transit ge\u00e7i\u015f izni talep etti.Resmi temaslarda bulunmak \u00fczere Ankara\u2019ya gelecek olan ABD Genel Kurmay Ba\u015fkan\u0131 Michael Mullen, Genelkurmay Ba\u015fkan\u0131 I\u015f\u0131k Ko\u015faner ile yapaca\u011f\u0131 ikili g\u00f6r\u00fc\u015fmelerde bu konuyu g\u00fcndeme getirecek.<\/p>\n<p style=\"text-align: justify;\">Orgeneral Michael Mullen&#8217;\u0131n, Genelkurmay Ba\u015fkan\u0131 I\u015f\u0131k Ko\u015faner\u2019den ikinci bir talepte bulunmas\u0131 da bekleniyor. NATO ile birlikte f\u00fcze savunma sistemi geli\u015ftiren ABD, T\u00fcrkiye\u2019ye de kitle imha silahlar\u0131 ile m\u00fccadele \u00e7er\u00e7evesinde bir erken uyar\u0131 sistemi ve f\u00fcze bataryalar\u0131 yerle\u015ftirmek istiyor.<\/p>\n<p style=\"text-align: justify;\"><a href=\"http:\/\/www.milliyet.com.tr\/ankara-ya-onemli-konuk\/siyaset\/sondakika\/02.09.2010\/1284249\/default.htm\" target=\"_blank\"><span style=\"color: #888888;\">Kaynak : Milliyet<\/span><\/a><\/p>\n","protected":false},"excerpt":{"rendered":"<p style=\"text-align: justify;\">\n<p style=\"text-align: justify;\">ABD Genelkurmay Ba\u015fkan\u0131 Oramiral Michael Mullen yar\u0131n T\u00fcrkiye\u2019ye gelerek bir dizi ziyarette bulunacak. Genelkurmay Ba\u015fkan\u0131 Orgeneral I\u015f\u0131k Ko\u015faner ile de g\u00f6r\u00fc\u015fecek Oramiral Mullen\u2019in, Irak\u2019ta bulunan asker ve askeri te\u00e7hisat\u0131n T\u00fcrkiye \u00fczerinden \u00e7ekilmesini \u00f6nerece\u011fi ifade edildi. <\/p>\n","protected":false},"author":1,"featured_media":0,"comment_status":"open","ping_status":"closed","sticky":false,"template":"","format":"standard","meta":{"footnotes":""},"categories":[105],"tags":[],"class_list":["post-25317","post","type-post","status-publish","format-standard","hentry","category-gundem","odd"],"_links":{"self":[{"href":"http:\/\/www.korhanyilmaz.com\/index.php?rest_route=\/wp\/v2\/posts\/25317","targetHints":{"allow":["GET"]}}],"collection":[{"href":"http:\/\/www.korhanyilmaz.com\/index.php?rest_route=\/wp\/v2\/posts"}],"about":[{"href":"http:\/\/www.korhanyilmaz.com\/index.php?rest_route=\/wp\/v2\/types\/post"}],"author":[{"embeddable":true,"href":"http:\/\/www.korhanyilmaz.com\/index.php?rest_route=\/wp\/v2\/users\/1"}],"replies":[{"embeddable":true,"href":"http:\/\/www.korhanyilmaz.com\/index.php?rest_route=%2Fwp%2Fv2%2Fcomments&post=25317"}],"version-history":[{"count":0,"href":"http:\/\/www.korhanyilmaz.com\/index.php?rest_route=\/wp\/v2\/posts\/25317\/revisions"}],"wp:attachment":[{"href":"http:\/\/www.korhanyilmaz.com\/index.php?rest_route=%2Fwp%2Fv2%2Fmedia&parent=25317"}],"wp:term":[{"taxonomy":"category","embeddable":true,"href":"http:\/\/www.korhanyilmaz.com\/index.php?rest_route=%2Fwp%2Fv2%2Fcategories&post=25317"},{"taxonomy":"post_tag","embeddable":true,"href":"http:\/\/www.korhanyilmaz.com\/index.php?rest_route=%2Fwp%2Fv2%2Ftags&post=25317"}],"curies":[{"name":"wp","href":"https:\/\/api.w.org\/{rel}","templated":true}]}}