{"id":25313,"date":"2010-09-02T19:23:23","date_gmt":"2010-09-02T16:23:23","guid":{"rendered":"http:\/\/www.korhanyilmaz.com\/?p=25313"},"modified":"2010-09-02T19:23:23","modified_gmt":"2010-09-02T16:23:23","slug":"akpli-baskan-hayir-oyu-verecek","status":"publish","type":"post","link":"http:\/\/www.korhanyilmaz.com\/?p=25313","title":{"rendered":"AKP&#8217;li ba\u015fkan &#8216;Hay\u0131r&#8217; oyu verecek"},"content":{"rendered":"<p style=\"text-align: center;\"><a href=\"http:\/\/www.korhanyilmaz.com\/wp-content\/uploads\/2010\/09\/054.jpg\"  class=\"lightview\"><img loading=\"lazy\" decoding=\"async\" class=\"aligncenter size-full wp-image-25314\" src=\"http:\/\/www.korhanyilmaz.com\/wp-content\/uploads\/2010\/09\/054.jpg\" alt=\"\" width=\"360\" height=\"214\" \/><\/a><\/p>\n<p style=\"text-align: justify;\">Konya&#8217;n\u0131n Ah\u0131rl\u0131 il\u00e7esine ba\u011fl\u0131 Akkise Belde Belediye Ba\u015fkan\u0131, 5 meclis \u00fcyesiyle birlikte MHP&#8217;ye ge\u00e7ti&#8230;<\/p>\n<p style=\"text-align: justify;\">Konya&#8217;n\u0131n Ah\u0131rl\u0131 \u0130l\u00e7esi&#8217;ne ba\u011fl\u0131 Akkise Beldesi&#8217;nin Belediye Ba\u015fkan\u0131 Ak Partili Ceylan Arslan, 5 belediye meclis \u00fcyesi ile birlikte referandumda &#8216;hay\u0131r&#8217; oyu vereceklerini a\u00e7\u0131klad\u0131. Ba\u015fkan Arslan ve meclis \u00fcyeleri Ak Parti&#8217;den istifa ederek MHP&#8217;ye ge\u00e7ti.<!--more--><\/p>\n<p style=\"text-align: justify;\">MHP Genel Ba\u015fkan Yard\u0131mc\u0131s\u0131 Faruk Bal ile Konya Gazeteciler Cemiyeti&#8217;de bas\u0131n toplant\u0131s\u0131 d\u00fczenleyen Akkise Belediye Ba\u015fkan\u0131 Ceylan Arslan, 2004 ve 2009 yerel se\u00e7imlerinde Ak Parti&#8217;den se\u00e7ildi\u011fini anlatt\u0131. Ak Prti&#8217;nin son d\u00f6nemde g\u00fcndeme getirdi\u011fi &#8216;demokratik a\u00e7\u0131l\u0131m&#8217; politikas\u0131 ile milleti b\u00f6ld\u00fc\u011f\u00fcn\u00fc kaydeden Ceylan Arslan, \u015funlar\u0131 s\u00f6yledi:<\/p>\n<p style=\"text-align: justify;\">&#8220;T\u00fcrk milletini b\u00f6lmeye y\u00f6nelik a\u00e7\u0131l\u0131m safsatalar\u0131ndan ve bunun i\u00e7in haz\u0131rlanm\u0131\u015f olan Anayasa de\u011fi\u015fikli\u011finden, yine art\u0131k pervas\u0131zca dile getirilen \u00f6zerklik ad\u0131mI, ona pa\u00e7avradan bayrak yapma gibi z\u0131rvalara hi\u00e7 bir devlet ve h\u00fck\u00fcmet kanad\u0131ndan tepki g\u00f6sterilmemesinden dolay\u0131 duydu\u011fumuz rahats\u0131zl\u0131kdan \u00f6t\u00fcr\u00fc 12 Eyl\u00fcl g\u00fcn\u00fc yap\u0131lacak halk oylamas\u0131nda hep beraber tercihimiz &#8216;hay\u0131r&#8217; olacakt\u0131r. Belediye Meclis \u00fcyelerimiz ile birlikte Adalet ve Kalk\u0131nma Partisi&#8217;nden istifa etmeye karar veriyoruz. Bundan sonra arkada\u015flar\u0131mla birlikte MHP saflar\u0131nda, g\u00f6revimize devam edece\u011fiz.&#8221;<\/p>\n<p style=\"text-align: justify;\">MHP Genel Ba\u015fkan Yard\u0131mc\u0131s\u0131 Faruk Bal da devletin partilile\u015ftirildi\u011fini iddia etti. Bal, &#8220;\u015eimdi devlet organlar\u0131nda bulunan genel m\u00fcd\u00fcrler, valiler, kaymakamlar bunlar AKP&#8217;ye evet oyu alabilmek i\u00e7in memuriyet g\u00f6revlerini suistimal etmektedirler. Devletin yetki ve kaynaklar\u0131n\u0131 suistimal etmektediler. Bunlar\u0131n i\u00e7inde Fak-fuk-fon&#8217;u idare edenler, sosyal yard\u0131m kurulu\u015flar\u0131n\u0131 y\u00f6netenler vard\u0131r. Bunlar\u0131n i\u00e7inde devletin para kaynaklar\u0131n\u0131, polis ve silahl\u0131 g\u00fc\u00e7lerini y\u00f6netenler vard\u0131r. Se\u00e7menler b\u00f6yle bir y\u00f6netimin bask\u0131s\u0131 alt\u0131nda &#8216;evet&#8217; oyu vermeye zorlanmaktad\u0131r&#8221; dedi.<\/p>\n<p style=\"text-align: justify;\">Faruk Bal, k\u00f6yl\u00fclerin hizmetlerin durdurulaca\u011f\u0131 y\u00f6n\u00fcnde tehdit edildi\u011fini, Beldes, K\u00f6ydes projelerinin durdurulaca\u011f\u0131, k\u00f6ylere yap\u0131lacak yol, su hizmetlerinin durdurulaca\u011f\u0131, vatanda\u015fa ye\u015fil kart verilmeyece\u011fi tehditleri savruldu\u011funu \u00f6ne s\u00fcrd\u00fc.<\/p>\n<p style=\"text-align: justify;\"><a href=\"http:\/\/www.milliyet.com.tr\/akp-li-baskan-hayir-oyu-verecek\/siyaset\/sondakika\/02.09.2010\/1284311\/default.htm\" target=\"_blank\"><span style=\"color: #888888;\">Milliyet<\/span><\/a><\/p>\n","protected":false},"excerpt":{"rendered":"<p style=\"text-align: center;\">\n<p style=\"text-align: justify;\">Konya&#8217;n\u0131n Ah\u0131rl\u0131 il\u00e7esine ba\u011fl\u0131 Akkise Belde Belediye Ba\u015fkan\u0131, 5 meclis \u00fcyesiyle birlikte MHP&#8217;ye ge\u00e7ti&#8230;<\/p>\n<p style=\"text-align: justify;\">Konya&#8217;n\u0131n Ah\u0131rl\u0131 \u0130l\u00e7esi&#8217;ne ba\u011fl\u0131 Akkise Beldesi&#8217;nin Belediye Ba\u015fkan\u0131 Ak Partili Ceylan Arslan, 5 belediye meclis \u00fcyesi ile birlikte referandumda &#8216;hay\u0131r&#8217; oyu vereceklerini a\u00e7\u0131klad\u0131. Ba\u015fkan Arslan ve meclis \u00fcyeleri Ak Parti&#8217;den istifa ederek MHP&#8217;ye ge\u00e7ti.<\/p>\n","protected":false},"author":1,"featured_media":0,"comment_status":"open","ping_status":"closed","sticky":false,"template":"","format":"standard","meta":{"footnotes":""},"categories":[105],"tags":[],"class_list":["post-25313","post","type-post","status-publish","format-standard","hentry","category-gundem","odd"],"_links":{"self":[{"href":"http:\/\/www.korhanyilmaz.com\/index.php?rest_route=\/wp\/v2\/posts\/25313","targetHints":{"allow":["GET"]}}],"collection":[{"href":"http:\/\/www.korhanyilmaz.com\/index.php?rest_route=\/wp\/v2\/posts"}],"about":[{"href":"http:\/\/www.korhanyilmaz.com\/index.php?rest_route=\/wp\/v2\/types\/post"}],"author":[{"embeddable":true,"href":"http:\/\/www.korhanyilmaz.com\/index.php?rest_route=\/wp\/v2\/users\/1"}],"replies":[{"embeddable":true,"href":"http:\/\/www.korhanyilmaz.com\/index.php?rest_route=%2Fwp%2Fv2%2Fcomments&post=25313"}],"version-history":[{"count":0,"href":"http:\/\/www.korhanyilmaz.com\/index.php?rest_route=\/wp\/v2\/posts\/25313\/revisions"}],"wp:attachment":[{"href":"http:\/\/www.korhanyilmaz.com\/index.php?rest_route=%2Fwp%2Fv2%2Fmedia&parent=25313"}],"wp:term":[{"taxonomy":"category","embeddable":true,"href":"http:\/\/www.korhanyilmaz.com\/index.php?rest_route=%2Fwp%2Fv2%2Fcategories&post=25313"},{"taxonomy":"post_tag","embeddable":true,"href":"http:\/\/www.korhanyilmaz.com\/index.php?rest_route=%2Fwp%2Fv2%2Ftags&post=25313"}],"curies":[{"name":"wp","href":"https:\/\/api.w.org\/{rel}","templated":true}]}}