{"id":25308,"date":"2010-09-01T14:27:15","date_gmt":"2010-09-01T11:27:15","guid":{"rendered":"http:\/\/www.korhanyilmaz.com\/?p=25308"},"modified":"2010-09-01T14:27:15","modified_gmt":"2010-09-01T11:27:15","slug":"dursun-cicek-olum-orucuna-basladi","status":"publish","type":"post","link":"http:\/\/www.korhanyilmaz.com\/?p=25308","title":{"rendered":"Dursun \u00c7i\u00e7ek \u00f6l\u00fcm orucuna ba\u015flad\u0131"},"content":{"rendered":"<p style=\"text-align: center;\"><a href=\"http:\/\/www.korhanyilmaz.com\/wp-content\/uploads\/2010\/09\/053.jpg\"  class=\"lightview\"><img loading=\"lazy\" decoding=\"async\" class=\"aligncenter size-full wp-image-25309\" src=\"http:\/\/www.korhanyilmaz.com\/wp-content\/uploads\/2010\/09\/053.jpg\" alt=\"\" width=\"315\" height=\"237\" \/><\/a><\/p>\n<p style=\"text-align: justify;\">Dursun \u00c7i\u00e7ek Islak imza benim de\u011fil dedi kimseyi inand\u0131ramay\u0131nca da \u00f6l\u00fcm orucuna ba\u015flad\u0131.<\/p>\n<p style=\"text-align: justify;\">&#8220;\u0130rtica ile M\u00fccadele Eylem Plan\u0131&#8221; davas\u0131 kapsam\u0131nda tutuklu olan Deniz Kurmay Albay Dursun \u00c7i\u00e7ek&#8217;in, avukat\u0131 Celal \u00dclgen, &#8220;\u00f6l\u00fcm orucu&#8221; iddialar\u0131yla ilgili yaz\u0131l\u0131 a\u00e7\u0131klama yapt\u0131. <!--more--><\/p>\n<p style=\"text-align: justify;\">\u00dclgen, \u0130stanbul 13. A\u011f\u0131r Ceza Mahkemesi\u2019nde \u00f6nceki g\u00fcn g\u00f6r\u00fclen duru\u015fmada k\u0131z\u0131 \u0130rem \u00c7i\u00e7ek\u2019e bir not veren Deniz Kurmay Albay Dursun \u00c7i\u00e7ek&#8217;in, \u201cHukuk ve adalet geri gelip hukuk cinayeti bitinceye kadar orucumu a\u00e7mayaca\u011f\u0131m&#8221; dedi\u011fini belirtti.<\/p>\n<p style=\"text-align: justify;\">\u00c7i\u00e7ek\u2019in avukat\u0131 Celal \u00dclgen, yapt\u0131\u011f\u0131 a\u00e7\u0131klamada m\u00fcvekkilinin 31 A\u011fustos\u2019taki duru\u015fmada k\u0131z\u0131 \u0130rem \u00c7i\u00e7ek\u2019e bir not g\u00f6nderdi\u011fini s\u00f6yledi. Notta \u201cAkl\u0131 ve vicdan\u0131 h\u00fcr insanlara sesleniyorum. \u0130ftira, yarg\u0131s\u0131z infaz ve tutsakl\u0131k bitinceye, Hakimler hukuk ve vicdanlar\u0131na g\u00f6re karar verinceye, Hukuk ve adalet geri gelip hukuk cinayeti bitinceye kadar orucumu a\u00e7mayaca\u011f\u0131m&#8221; yazd\u0131\u011f\u0131n\u0131 belirten \u00dclgen, buna kar\u015f\u0131 \u00e7\u0131kt\u0131klar\u0131n\u0131 dile getirdi. \u00c7i\u00e7ek\u2019e dik durmas\u0131 gerekti\u011fini, ayakta kalmas\u0131n\u0131n daha \u00f6nemli oldu\u011funu ve bu hukuksuzlu\u011fu hukukla y\u0131rtacaklar\u0131n\u0131 s\u00f6yledi\u011fini anlatan \u00dclgen, \u201cAncak yan\u0131ndan ayr\u0131ld\u0131ktan sonra \u00f6nceki karar\u0131nda direndi\u011fini \u00f6\u011frendim. \u00dclkemizin i\u00e7ine s\u00fcr\u00fcklendi\u011fi hukuksuzluk ger\u00e7ekten insanlar\u0131n iradelerini etkileyecek boyutlara ula\u015fm\u0131\u015f bulunmaktad\u0131r. Ortada sa\u011flam bir kan\u0131t olmadan, kurmaca bilgi ve belgelerle yukar\u0131dan emir alarak hakim ve savc\u0131lar\u0131n tutuklamaya sevk etmeleri ya da tutuklamalar\u0131 bir hukuk devleti i\u00e7in oldu\u011fu kadar sorumlu yurtta\u015flar i\u00e7in de \u00e7ekilmez bir durumdur&#8221; dedi.<\/p>\n<p style=\"text-align: justify;\"><strong>\u00dclgen a\u00e7\u0131klamas\u0131na \u015f\u00f6yle devam etti: <\/strong><\/p>\n<p style=\"text-align: justify;\">\u201c<span style=\"text-decoration: underline;\">Son g\u00fcnlerde baz\u0131 unsurlar\u0131n nerelere de\u011fin s\u0131zd\u0131\u011f\u0131n\u0131n sa\u011flam kan\u0131tlar\u0131 kar\u015f\u0131s\u0131nda kimin ger\u00e7ek savc\u0131, kimin ger\u00e7ek yarg\u0131\u00e7, kimin ise emirle hareket eden biri oldu\u011funu saptamak gerekmektedir. Yarg\u0131 ba\u011f\u0131ms\u0131zl\u0131\u011f\u0131n\u0131 ve hukukun \u00fcst\u00fcnl\u00fc\u011f\u00fcn\u00fc hi\u00e7e sayarak emirle ve i\u015fbirlik\u00e7ilerin tertipleri ile ki\u015filerin \u00f6zg\u00fcrl\u00fc\u011f\u00fcnden yoksun b\u0131rak\u0131lmas\u0131 elbette cezas\u0131z kalmayacakt\u0131r. Biz avukatlar olarak bu durumlara neden olanlar\u0131n yakalan\u0131p yarg\u0131 \u00f6n\u00fcne \u00e7\u0131kar\u0131lmas\u0131na de\u011fin hukuk u\u011fra\u015f\u0131m\u0131z\u0131 s\u00fcrd\u00fcrme inan\u00e7 ve kararl\u0131l\u0131\u011f\u0131nday\u0131z. Bu not m\u00fcvekkilimizin duru\u015fma s\u0131ras\u0131nda ald\u0131\u011f\u0131 karar\u0131n \u00fcrk\u00fcnt\u00fc boyutlar\u0131n\u0131n nereye vard\u0131\u011f\u0131n\u0131 g\u00f6stermektedir.<\/span>&#8220;<\/p>\n<p style=\"text-align: justify;\"><a href=\"http:\/\/www.milliyet.com.tr\/dursun-cicek-olum-orucuna-basladi\/siyaset\/sondakika\/01.09.2010\/1283748\/default.htm\" target=\"_blank\"><span style=\"color: #888888;\">Selahattin G\u00dcNDAY &#8211; \u0130STANBUL DHA \/ Milliyet<\/span><\/a><\/p>\n","protected":false},"excerpt":{"rendered":"<p style=\"text-align: center;\">\n<p style=\"text-align: justify;\">Dursun \u00c7i\u00e7ek Islak imza benim de\u011fil dedi kimseyi inand\u0131ramay\u0131nca da \u00f6l\u00fcm orucuna ba\u015flad\u0131.<\/p>\n<p style=\"text-align: justify;\">&#8220;\u0130rtica ile M\u00fccadele Eylem Plan\u0131&#8221; davas\u0131 kapsam\u0131nda tutuklu olan Deniz Kurmay Albay Dursun \u00c7i\u00e7ek&#8217;in, avukat\u0131 Celal \u00dclgen, &#8220;\u00f6l\u00fcm orucu&#8221; iddialar\u0131yla ilgili yaz\u0131l\u0131 a\u00e7\u0131klama yapt\u0131. <\/p>\n","protected":false},"author":1,"featured_media":0,"comment_status":"open","ping_status":"closed","sticky":false,"template":"","format":"standard","meta":{"footnotes":""},"categories":[105],"tags":[],"class_list":["post-25308","post","type-post","status-publish","format-standard","hentry","category-gundem","odd"],"_links":{"self":[{"href":"http:\/\/www.korhanyilmaz.com\/index.php?rest_route=\/wp\/v2\/posts\/25308","targetHints":{"allow":["GET"]}}],"collection":[{"href":"http:\/\/www.korhanyilmaz.com\/index.php?rest_route=\/wp\/v2\/posts"}],"about":[{"href":"http:\/\/www.korhanyilmaz.com\/index.php?rest_route=\/wp\/v2\/types\/post"}],"author":[{"embeddable":true,"href":"http:\/\/www.korhanyilmaz.com\/index.php?rest_route=\/wp\/v2\/users\/1"}],"replies":[{"embeddable":true,"href":"http:\/\/www.korhanyilmaz.com\/index.php?rest_route=%2Fwp%2Fv2%2Fcomments&post=25308"}],"version-history":[{"count":0,"href":"http:\/\/www.korhanyilmaz.com\/index.php?rest_route=\/wp\/v2\/posts\/25308\/revisions"}],"wp:attachment":[{"href":"http:\/\/www.korhanyilmaz.com\/index.php?rest_route=%2Fwp%2Fv2%2Fmedia&parent=25308"}],"wp:term":[{"taxonomy":"category","embeddable":true,"href":"http:\/\/www.korhanyilmaz.com\/index.php?rest_route=%2Fwp%2Fv2%2Fcategories&post=25308"},{"taxonomy":"post_tag","embeddable":true,"href":"http:\/\/www.korhanyilmaz.com\/index.php?rest_route=%2Fwp%2Fv2%2Ftags&post=25308"}],"curies":[{"name":"wp","href":"https:\/\/api.w.org\/{rel}","templated":true}]}}