{"id":25304,"date":"2010-09-01T15:32:28","date_gmt":"2010-09-01T12:32:28","guid":{"rendered":"http:\/\/www.korhanyilmaz.com\/?p=25304"},"modified":"2010-09-01T15:32:28","modified_gmt":"2010-09-01T12:32:28","slug":"12-eylulde-yuzde-53-suphesi","status":"publish","type":"post","link":"http:\/\/www.korhanyilmaz.com\/?p=25304","title":{"rendered":"12 Eyl\u00fcl&#8217;de y\u00fczde 53 \u015f\u00fcphesi"},"content":{"rendered":"<p style=\"text-align: center;\"><a href=\"http:\/\/www.korhanyilmaz.com\/wp-content\/uploads\/2010\/09\/052.jpeg\"  class=\"lightview\"><img loading=\"lazy\" decoding=\"async\" class=\"aligncenter size-full wp-image-25305\" src=\"http:\/\/www.korhanyilmaz.com\/wp-content\/uploads\/2010\/09\/052.jpeg\" alt=\"\" width=\"398\" height=\"236\" \/><\/a><\/p>\n<p style=\"text-align: justify;\">CHP Adana Milletvekili Tacidar Seyhan, Ba\u015fbakan Recep Tayyip Erdo\u011fan\u2019\u0131, 12 Eyl\u00fcl\u2019de yap\u0131lacak referandumun se\u00e7im g\u00fcvenli\u011fi ve se\u00e7im sonu\u00e7lar\u0131n\u0131n \u015faibeli olaca\u011f\u0131 konusunda uyard\u0131.<\/p>\n<p style=\"text-align: justify;\">Y\u00fcksek Se\u00e7im Kurulu\u2019nun kulland\u0131\u011f\u0131 sistem ve sistem g\u00fcvenli\u011fi hakk\u0131nda kamuoyunda ciddi tart\u0131\u015fmalar oldu\u011funu belirten Seyhan, Ba\u015fbakan\u2019a, &#8220;Kamuoyunda mevcut se\u00e7im sistemiyle ilgili yaz\u0131l\u0131ma d\u0131\u015far\u0131dan m\u00fcdahale ile girilebilece\u011fi kanaati yayg\u0131nd\u0131r. <!--more--><\/p>\n<p style=\"text-align: justify;\">12 Eyl\u00fcl 2010 se\u00e7iminde sisteme m\u00fcdahale edilerek, yaz\u0131l\u0131m\u0131n y\u00fczde 52, y\u00fczde 53 dolaylar\u0131nda evet \u00e7\u0131kmas\u0131na programlanaca\u011f\u0131, oy kullanmayanlar\u0131n bir k\u0131sm\u0131n\u0131n oy kullanm\u0131\u015f gibi g\u00f6sterilerek evet hanesine kayd\u0131r\u0131laca\u011f\u0131 y\u00f6n\u00fcnde bir endi\u015fesi vard\u0131r. Pratikte bu m\u00fcmk\u00fcn oldu\u011funa g\u00f6re, se\u00e7imlere g\u00f6lge d\u00fc\u015f\u00fcrmemek i\u00e7in mevcut yaz\u0131l\u0131m \u00fczerinde bir inceleme yapt\u0131rmay\u0131 ve kamuoyunda olu\u015fan olumsuz kanaati kald\u0131rmak i\u00e7in bir \u00f6nlem almay\u0131 d\u00fc\u015f\u00fcn\u00fcyor musunuz&#8221; diye sordu.<\/p>\n<p style=\"text-align: justify;\">CHP Adana Milletvekili Tacidar Seyhan, Ba\u015fbakan Recep Tayyip Erdo\u011fan\u2019\u0131, 12 Eyl\u00fcl\u2019de yap\u0131lacak referandumun se\u00e7im g\u00fcvenli\u011fi ve se\u00e7im sonu\u00e7lar\u0131n\u0131n \u015faibeli olaca\u011f\u0131 konusunda uyard\u0131. Y\u00fcksek Se\u00e7im Kurulu\u2019nun kulland\u0131\u011f\u0131 sistem ve sistem g\u00fcvenli\u011fi hakk\u0131nda kamuoyunda ciddi tart\u0131\u015fmalar oldu\u011funu belirten Seyhan, Ba\u015fbakan\u2019a, &#8220;Kamuoyunda mevcut se\u00e7im sistemiyle ilgili yaz\u0131l\u0131ma d\u0131\u015far\u0131dan m\u00fcdahale ile girilebilece\u011fi kanaati yayg\u0131nd\u0131r. 12 Eyl\u00fcl 2010 se\u00e7iminde sisteme m\u00fcdahale edilerek, yaz\u0131l\u0131m\u0131n y\u00fczde 52, y\u00fczde 53 dolaylar\u0131nda evet \u00e7\u0131kmas\u0131na programlanaca\u011f\u0131, oy kullanmayanlar\u0131n bir k\u0131sm\u0131n\u0131n oy kullanm\u0131\u015f gibi g\u00f6sterilerek evet hanesine kayd\u0131r\u0131laca\u011f\u0131 y\u00f6n\u00fcnde bir endi\u015fesi vard\u0131r. Pratikte bu m\u00fcmk\u00fcn oldu\u011funa g\u00f6re, se\u00e7imlere g\u00f6lge d\u00fc\u015f\u00fcrmemek i\u00e7in mevcut yaz\u0131l\u0131m \u00fczerinde bir inceleme yapt\u0131rmay\u0131 ve kamuoyunda olu\u015fan olumsuz kanaati kald\u0131rmak i\u00e7in bir \u00f6nlem almay\u0131 d\u00fc\u015f\u00fcn\u00fcyor musunuz&#8221; diye sordu.<\/p>\n<p style=\"text-align: justify;\"><strong>-S\u0130STEME DI\u015eARIDAN M\u00dcDAHALE UYARISI- <\/strong><\/p>\n<p style=\"text-align: justify;\">CHP Adana Milletvekili Tacidar Seyhan, Ba\u015fbakan Recep Tayyip Erdo\u011fan\u2019\u0131n yan\u0131tlamas\u0131 istemiyle verdi\u011fi soru \u00f6nergesiyle se\u00e7im sisteminin g\u00fcvenli\u011fi hakk\u0131ndaki iddialar\u0131 TBMM g\u00fcndemine ta\u015f\u0131d\u0131. Uzun zamandan beri Y\u00fcksek Se\u00e7im Kurulu\u2019nun kullanm\u0131\u015f oldu\u011fu sistem ve sistem g\u00fcvenli\u011fi hakk\u0131nda kamuoyunda ciddi tart\u0131\u015fmalar yap\u0131ld\u0131\u011f\u0131n\u0131 vurgulayan CHP\u2019li Seyhan, \u015f\u00f6yle dedi: &#8220;Ve kamuoyunun b\u00fcy\u00fck bir b\u00f6l\u00fcm\u00fc 12 Eyl\u00fcl 2010 tarihinde yap\u0131lacak olan referandum se\u00e7im sonu\u00e7lar\u0131n\u0131n \u015faibeli olaca\u011f\u0131n\u0131 d\u00fc\u015f\u00fcnmektedir. T\u00fcrkiye\u2019de kullan\u0131lan 2007 ve 2009 se\u00e7imlerinde uygulanan Se\u00e7sis se\u00e7im sitemine benzer sistemlerin Amerika ve Yunanistan\u2019da kullan\u0131lm\u0131\u015f oldu\u011fu ve se\u00e7im g\u00fcvenli\u011fi tart\u0131\u015fmalar\u0131ndan dolay\u0131 bu sistemlerin kullan\u0131lmas\u0131ndan vazge\u00e7ildi\u011fi bilinmektedir. Ayr\u0131ca bu tip se\u00e7im sistemi kullan\u0131lan bir\u00e7ok \u00fclke \u00f6zel criptolama tekniklerini kendisi geli\u015ftirilmi\u015f sisteme d\u0131\u015far\u0131dan m\u00fcdahalenin \u00f6n\u00fcn\u00fc kesmi\u015ftir. Bilgisayar \u00fczerinden i\u015flem g\u00f6ren se\u00e7im sistemleri ana terminal lin\u00fcx sistemden \u00e7al\u0131\u015fmakta, ilgili se\u00e7im kurullar\u0131nda da giri\u015f yap\u0131lan b\u00fct\u00fcn terminaller lin\u00fcx kullanmaktad\u0131r. Ancak \u00fclkemizdeki se\u00e7imlerde, il\u00e7e se\u00e7im kurullar\u0131n\u0131n kulland\u0131\u011f\u0131 Windows xp \u00fczerinden i\u015flem g\u00f6rmektedir ve Windows ortam\u0131nda yap\u0131lan giri\u015flerin t\u00fcm d\u00fcnyada g\u00fcvenli olmad\u0131\u011f\u0131 bilinmektedir.&#8221;<\/p>\n<p style=\"text-align: justify;\"><strong>-&#8220;G\u00dcVENL\u0130K ARA\u015eTIRMASI YAPTINIZ MI?&#8221;- <\/strong><\/p>\n<p style=\"text-align: justify;\">&#8220;2007 ve 2009 se\u00e7imlerinden sonra Se\u00e7sis sistemi \u00fczerinde bir g\u00fcvenlik ara\u015ft\u0131rmas\u0131 yap\u0131lm\u0131\u015f m\u0131d\u0131r?&#8221; diyen Seyhan, Ba\u015fbakan\u2019a, \u015fu sorular\u0131 sordu: &#8220;Kullan\u0131lan program\u0131n g\u00fcvenlik portal\u0131n\u0131 olu\u015fturan cisco yaz\u0131l\u0131m\u0131n\u0131n incelemesi yap\u0131lm\u0131\u015f m\u0131d\u0131r? Alternatif aray\u0131\u015flar var m\u0131d\u0131r? G\u00fcvenlik portal\u0131 \u00fczerindeki 2009 se\u00e7iminde ya\u015fanan tart\u0131\u015fmalar dikkate al\u0131n\u0131p bu konuda inceleme yap\u0131lm\u0131\u015f m\u0131d\u0131r? Yaz\u0131l\u0131m\u0131n a\u00e7\u0131k kaynak kodlar\u0131 siyasi partilerin incelemesine a\u00e7\u0131lm\u0131\u015f m\u0131d\u0131r? A\u00e7\u0131lmam\u0131\u015f ise a\u00e7may\u0131 d\u00fc\u015f\u00fcn\u00fcyor musunuz? Se\u00e7im sonu\u00e7lar\u0131n\u0131n giri\u015finden sonra datalar \u00fczerinde de\u011fi\u015fiklik yap\u0131l\u0131p yap\u0131lmad\u0131\u011f\u0131n\u0131 tespit edebilmek i\u00e7in bir zaman damgas\u0131 kullan\u0131l\u0131yor mu? T\u00dcB\u0130TAK\u2019\u0131n geli\u015ftirmi\u015f oldu\u011fu zaman dalgas\u0131n\u0131 bu se\u00e7imlerde uygulamay\u0131 d\u00fc\u015f\u00fcn\u00fcyor musunuz?&#8221;<\/p>\n<p style=\"text-align: justify;\"><strong>-&#8220;AB \u00dcLKELER\u0130NDE ANINDA \u0130NCELEME YAPILIYOR&#8221;- <\/strong><\/p>\n<p style=\"text-align: justify;\">T\u00fcm AB \u00fclkelerinde se\u00e7im kurullar\u0131ndan siyasi partilere link at\u0131larak t\u00fcm giri\u015flerin an\u0131nda di\u011fer terminallere de kaydedildi\u011fini ve girilen datalar\u0131n an\u0131nda incelemesinin yap\u0131labildi\u011fini vurgulayan Seyhan, Ba\u015fbakan\u2019a, \u015fu sorular\u0131 sordu: &#8220;Se\u00e7sis\u2019in siyasi partilere link at\u0131larak \u015feffaf hale getirilmemesi, nedeni nedir? T\u00fcm vatanda\u015flar\u0131m\u0131z\u0131n kendi sand\u0131klar\u0131n\u0131 an\u0131nda kontrol edebilmesini, sa\u011flamak ve se\u00e7im sonu\u00e7lar\u0131n\u0131n \u015feffaf bir \u015fekilde izlenmesini sa\u011flamak amac\u0131yla 12 Eyl\u00fcl 2010 tarihinde yap\u0131lacak olan referandum se\u00e7imlerini ysk.gov.tr sitesinden yay\u0131nlamay\u0131 d\u00fc\u015f\u00fcn\u00fcyor musunuz? Bug\u00fcne kadar yay\u0131nlanmamas\u0131n\u0131n nedeni nedir? Kamuoyunda mevcut se\u00e7im sistemiyle ilgili yaz\u0131l\u0131ma d\u0131\u015far\u0131dan m\u00fcdahale ile girilebilece\u011fi kanaati yayg\u0131nd\u0131r.12 Eyl\u00fcl 2010 se\u00e7iminde sisteme m\u00fcdahale edilerek yaz\u0131l\u0131m\u0131n y\u00fczde 52 , y\u00fczde 53 dolaylar\u0131nda evet \u00e7\u0131kmas\u0131na programlanaca\u011f\u0131, oy kullanmayanlar\u0131n bir k\u0131sm\u0131n\u0131n oy kullanm\u0131\u015f gibi g\u00f6sterilerek evet hanesine kayd\u0131r\u0131laca\u011f\u0131 y\u00f6n\u00fcnde bir endi\u015fesi vard\u0131r. Pratikte bu m\u00fcmk\u00fcn oldu\u011funa g\u00f6re se\u00e7imlere g\u00f6lge d\u00fc\u015f\u00fcrmemek i\u00e7in mevcut yaz\u0131l\u0131m \u00fczerinde bir inceleme yapt\u0131rmay\u0131 ve kamuoyunda olu\u015fan olumsuz kanaati kald\u0131rmak i\u00e7in bir \u00f6nlem almay\u0131 d\u00fc\u015f\u00fcn\u00fcyor musunuz?&#8221;<\/p>\n<p style=\"text-align: justify;\"><a href=\"http:\/\/www.milliyet.com.tr\/12-eylul-de-yuzde-53-suphesi\/siyaset\/sondakika\/01.09.2010\/1283768\/default.htm\" target=\"_blank\"><span style=\"color: #888888;\">Kaynak : Milliyet<\/span><\/a><\/p>\n","protected":false},"excerpt":{"rendered":"<p style=\"text-align: center;\">\n<p style=\"text-align: justify;\">CHP Adana Milletvekili Tacidar Seyhan, Ba\u015fbakan Recep Tayyip Erdo\u011fan\u2019\u0131, 12 Eyl\u00fcl\u2019de yap\u0131lacak referandumun se\u00e7im g\u00fcvenli\u011fi ve se\u00e7im sonu\u00e7lar\u0131n\u0131n \u015faibeli olaca\u011f\u0131 konusunda uyard\u0131.<\/p>\n<p style=\"text-align: justify;\">Y\u00fcksek Se\u00e7im Kurulu\u2019nun kulland\u0131\u011f\u0131 sistem ve sistem g\u00fcvenli\u011fi hakk\u0131nda kamuoyunda ciddi tart\u0131\u015fmalar oldu\u011funu belirten Seyhan, Ba\u015fbakan\u2019a, &#8220;Kamuoyunda mevcut se\u00e7im sistemiyle ilgili yaz\u0131l\u0131ma d\u0131\u015far\u0131dan m\u00fcdahale ile girilebilece\u011fi <\/p>\n","protected":false},"author":1,"featured_media":0,"comment_status":"open","ping_status":"closed","sticky":false,"template":"","format":"standard","meta":{"footnotes":""},"categories":[105],"tags":[],"class_list":["post-25304","post","type-post","status-publish","format-standard","hentry","category-gundem","odd"],"_links":{"self":[{"href":"http:\/\/www.korhanyilmaz.com\/index.php?rest_route=\/wp\/v2\/posts\/25304","targetHints":{"allow":["GET"]}}],"collection":[{"href":"http:\/\/www.korhanyilmaz.com\/index.php?rest_route=\/wp\/v2\/posts"}],"about":[{"href":"http:\/\/www.korhanyilmaz.com\/index.php?rest_route=\/wp\/v2\/types\/post"}],"author":[{"embeddable":true,"href":"http:\/\/www.korhanyilmaz.com\/index.php?rest_route=\/wp\/v2\/users\/1"}],"replies":[{"embeddable":true,"href":"http:\/\/www.korhanyilmaz.com\/index.php?rest_route=%2Fwp%2Fv2%2Fcomments&post=25304"}],"version-history":[{"count":0,"href":"http:\/\/www.korhanyilmaz.com\/index.php?rest_route=\/wp\/v2\/posts\/25304\/revisions"}],"wp:attachment":[{"href":"http:\/\/www.korhanyilmaz.com\/index.php?rest_route=%2Fwp%2Fv2%2Fmedia&parent=25304"}],"wp:term":[{"taxonomy":"category","embeddable":true,"href":"http:\/\/www.korhanyilmaz.com\/index.php?rest_route=%2Fwp%2Fv2%2Fcategories&post=25304"},{"taxonomy":"post_tag","embeddable":true,"href":"http:\/\/www.korhanyilmaz.com\/index.php?rest_route=%2Fwp%2Fv2%2Ftags&post=25304"}],"curies":[{"name":"wp","href":"https:\/\/api.w.org\/{rel}","templated":true}]}}