{"id":25299,"date":"2010-08-31T20:05:55","date_gmt":"2010-08-31T17:05:55","guid":{"rendered":"http:\/\/www.korhanyilmaz.com\/?p=25299"},"modified":"2010-08-31T20:05:55","modified_gmt":"2010-08-31T17:05:55","slug":"bu-dernegi-cemaatin-imami-yonetiyor-ortulu-odenekten-para-aliyor","status":"publish","type":"post","link":"http:\/\/www.korhanyilmaz.com\/?p=25299","title":{"rendered":"Bu Derne\u011fi&#8230;Cemaatin \u0130mam\u0131 Y\u00f6netiyor , \u00d6rt\u00fcl\u00fc \u00d6denekten Para Al\u0131yor.."},"content":{"rendered":"<p style=\"text-align: center;\"><a href=\"http:\/\/www.korhanyilmaz.com\/wp-content\/uploads\/2010\/09\/051.jpg\"  class=\"lightview\"><img loading=\"lazy\" decoding=\"async\" class=\"aligncenter size-full wp-image-25300\" src=\"http:\/\/www.korhanyilmaz.com\/wp-content\/uploads\/2010\/09\/051.jpg\" alt=\"\" width=\"419\" height=\"203\" \/><\/a><\/p>\n<p style=\"text-align: justify;\">K\u0131sa ad\u0131, <strong>US\u0130DER<\/strong>.<\/p>\n<p style=\"text-align: justify;\">A\u00e7\u0131k ad\u0131, <strong>Uluslararas\u0131 Sivil Toplumu Destekleme ve Geli\u015ftirme Derne\u011fi. <\/strong><\/p>\n<p style=\"text-align: justify;\">US\u0130DER, 26 Aral\u0131k 2005 tarihinde kuruldu.<\/p>\n<p style=\"text-align: justify;\">Genel merkezi \u00c7ankaya \/ Ankara\u2019da.<\/p>\n<p style=\"text-align: justify;\">Derne\u011fin internet sitesinden bakt\u0131\u011f\u0131m\u0131zda, kurulu\u015f amac\u0131 i\u00e7in \u015fu sat\u0131rlar yaz\u0131yor:<\/p>\n<p style=\"text-align: justify;\">\u201cUS\u0130DER, insanl\u0131k yarar\u0131na, \u00fclkemizde ve d\u00fcnyada sivil toplumun sinerjisini toplumsal faydaya d\u00f6n\u00fc\u015ft\u00fcrmek amac\u0131yla sivil toplum kurulu\u015flar\u0131n\u0131n (STK) ve \u00f6zellikle derneklerin kapasitelerini art\u0131rarak, kaynaklar\u0131n proje esasl\u0131, etkin ve optimum seviyede kullan\u0131m\u0131n\u0131 sa\u011flamay\u0131 vizyon olarak benimsemi\u015ftir.\u201d <!--more--><\/p>\n<p style=\"text-align: justify;\">****<\/p>\n<p style=\"text-align: justify;\">Hanefi Avc\u0131\u2019n\u0131n, \u201c<strong>Hali\u00e7\u2019te Ya\u015fayan Simonlar<\/strong>\u201d adl\u0131 kitab\u0131nda yay\u0131nlanan bir belge var. Ba\u015fl\u0131\u011f\u0131 hayli uzun:<\/p>\n<p style=\"text-align: justify;\">\u201c\u00d6MER BEY TARAFINDAN G\u00d6REVLEND\u0130R\u0130LEN \u015eAHISLARIN HEM KEND\u0130LER\u0130N\u0130 HEM DE SORUMLULUKLARINI \u00dcSTLEND\u0130KLER\u0130 ARKADA\u015eLARI VE B\u0130R\u0130MLER\u0130 DE\u015e\u0130FRE ETMELER\u0130\u201d<\/p>\n<p style=\"text-align: justify;\">Ad\u0131 ge\u00e7en \u00d6mer Bey\u2019i Odatv okurlar\u0131 yak\u0131ndan tan\u0131yor: <strong>Kozanl\u0131 \u00d6mer<\/strong> ya da ger\u00e7ek ad\u0131yla <strong>Osman Hilmi \u00d6zdi<\/strong>l.<\/p>\n<p style=\"text-align: justify;\">Hanefi Avc\u0131, Kozanl\u0131 \u00d6mer\u2019in \u201c<strong>emniyet te\u015fkilat\u0131n\u0131n sivil imam\u0131<\/strong>\u201d oldu\u011funu s\u00f6yl\u00fcyor.<\/p>\n<p style=\"text-align: justify;\">Ve bak\u0131n o belgeyle ilgili <strong>Hanefi Avc\u0131<\/strong> hangi notu d\u00fc\u015f\u00fcyor:<\/p>\n<p style=\"text-align: justify;\">\u201cA\u015fa\u011f\u0131da yer verdi\u011fim ikinci belge ise \u00e7ok yeni ve g\u00fcnceldir. Bana yeni ula\u015fan bu belgeye g\u00f6re Emniyet te\u015fkilat\u0131 i\u00e7erisinde cemaate ba\u011fl\u0131 polisler, y\u00f6neticileri olan ki\u015fiden i\u015flerini iyi yapamad\u0131\u011f\u0131 i\u00e7in \u015fikayet\u00e7i olmu\u015f, yanl\u0131\u015flar\u0131n\u0131 madde madde bir rapora d\u00f6n\u00fc\u015ft\u00fcrerek muhtemelen <strong>Fethullah Hoca<\/strong>\u2019ya g\u00f6ndermek istemi\u015flerdi. (s.556)\u201d<\/p>\n<p style=\"text-align: justify;\">Peki, haberimizin giri\u015finde bahsetti\u011fimiz US\u0130DER\u2019le, \u201c<strong>te\u015fkilat\u0131n imam\u0131<\/strong>\u201d Kozanl\u0131 \u00d6mer\u2019in ne ilgisi var?<\/p>\n<p style=\"text-align: justify;\">Hanefi Avc\u0131\u2019n\u0131n yay\u0131nlad\u0131\u011f\u0131 belgenin devam\u0131nda, kitab\u0131n 559. sayfas\u0131nda \u015fu sat\u0131rlar dikkat \u00e7ekiyor:<\/p>\n<p style=\"text-align: justify;\">\u201cG\u00f6revlendirilen \u015fah\u0131slar izah edilemeyecek m\u00fcesseselerde g\u00f6rev yapmaktad\u0131r. \u00d6rne\u011fin b\u00fct\u00fcn masraflar\u0131<strong> Ba\u015fbakanl\u0131k \u00f6rt\u00fcl\u00fc \u00f6dene\u011finden<\/strong> kar\u015f\u0131lanan ve <strong>\u0130\u00e7i\u015fleri Bakanl\u0131\u011f\u0131 Dernekler Dairesi Ba\u015fkanl\u0131\u011f\u0131<\/strong>n\u0131n kontrol\u00fcnde kurdurulan Uluslararas\u0131 Sivil Toplum Kurulu\u015flar\u0131n\u0131 Destekleme Derne\u011finin il temsilcileri ve merkez koordinat\u00f6rleri \u00d6mer Beyin emniyet te\u015fkilat\u0131na bakan ekibi taraf\u0131ndan olu\u015fmaktad\u0131r. Te\u015fkilat mensuplar\u0131yla yap\u0131lan ikili g\u00f6r\u00fc\u015fmeler ve isti\u015fareler zaman, zaman bu dernek merkezi ve temsilciliklerinde yap\u0131lmaktad\u0131r.\u201d<\/p>\n<p style=\"text-align: justify;\">US\u0130DER\u2019i \u0130\u00e7i\u015fleri Bakanl\u0131\u011f\u0131 Dernekler Dairesi Ba\u015fkanl\u0131\u011f\u0131 kurduruyor, finansman\u0131 Ba\u015fbakanl\u0131k \u00f6rt\u00fcl\u00fc \u00f6dene\u011finden sa\u011flan\u0131yor, idaresi de \u201cte\u015fkilat\u0131n imam\u0131\u201d Kozanl\u0131 \u00d6mer\u2019e b\u0131rak\u0131l\u0131yor.<\/p>\n<p style=\"text-align: justify;\"><strong>\u0130ddialar \u00e7arp\u0131c\u0131 ve ilgin\u00e7. <\/strong><\/p>\n<p style=\"text-align: justify;\">T\u00fcm bu iddialar\u0131 sormak \u00fczere bir hafta \u00f6nce <strong>US\u0130DER<\/strong>\u2019i arad\u0131k. Derne\u011fin sekreteryas\u0131ndan <strong>Sevim \u00c7\u0131kr\u0131k<\/strong>\u2019la g\u00f6r\u00fc\u015ft\u00fck.<\/p>\n<p style=\"text-align: justify;\">\u201cY\u00f6netici asistan\u0131\u201d oldu\u011funu s\u00f6yleyen \u00c7\u0131kr\u0131k, hi\u00e7bir y\u00f6neticinin binada bulunmad\u0131\u011f\u0131n\u0131 s\u00f6yledi. Sorular\u0131m\u0131z\u0131 derne\u011fin genel koordinat\u00f6r\u00fc Mehmet Baysal\u2019\u0131n cevaplayabilece\u011fini belirten \u00c7\u0131kr\u0131k, dernek ba\u015fkan\u0131n\u0131n \u0130stanbul\u2019da ya\u015fad\u0131\u011f\u0131n\u0131 kaydetti.<\/p>\n<p style=\"text-align: justify;\">\u0130leti\u015fim numaralar\u0131m\u0131z\u0131 b\u0131rak\u0131p, US\u0130DER\u2019den geri d\u00f6n\u00fc\u015f bekledik, ama nafile\u2026 Bu g\u00f6r\u00fc\u015fmeden sonra farkl\u0131 g\u00fcnlerde de aray\u0131p, bir y\u00f6neticiye ula\u015fmak istedi\u011fimizi s\u00f6ylememize ra\u011fmen, olumlu sonu\u00e7 elde edemedik.<\/p>\n<p style=\"text-align: justify;\">\u015eunu da not d\u00fc\u015fmek gerek: Sevim \u00c7\u0131kr\u0131k, g\u00f6r\u00fc\u015fme talebimizin i\u00e7eri\u011finin <strong>US\u0130DER Genel Koordinat\u00f6r\u00fc Mehmet Baysal<\/strong>\u2019a iletildi\u011fini, bize aktard\u0131.<\/p>\n<p style=\"text-align: justify;\">B\u00fct\u00fcn ileti\u015fim bu kadar. Sanki yok d\u00fcnyas\u0131ndaki bir derne\u011fe ula\u015fmaya \u00e7al\u0131\u015f\u0131yor gibiydik.<\/p>\n<p style=\"text-align: justify;\">Gelin g\u00f6r\u00fcn ki bizzat \u0130\u00e7i\u015fleri Bakanl\u0131\u011f\u0131 taraf\u0131ndan kurdurulan bu derne\u011fin varl\u0131k d\u00fcnyas\u0131nda \u00e7ok \u00f6nemli pozisyonlar\u0131 tuttu\u011funu belirledik.<\/p>\n<p style=\"text-align: justify;\">****<\/p>\n<p style=\"text-align: justify;\">US\u0130DER\u2019in \u0130stanbul\u2019da ya\u015fayan genel ba\u015fkan\u0131n\u0131n ad\u0131 <strong>Yusuf Atalay<\/strong>.<\/p>\n<p style=\"text-align: justify;\">Mesle\u011fi avukatl\u0131k.<\/p>\n<p style=\"text-align: justify;\">Peki, T\u00fcrkiye Yusuf Atalay ismine daha \u00f6nce nereden a\u015fina?<\/p>\n<p style=\"text-align: justify;\">Biz sorduk, biz cevaplayal\u0131m.<\/p>\n<p style=\"text-align: justify;\">Yusuf Atalay ayr\u0131ca <strong>Deniz Feneri Derne\u011fi<\/strong>\u2019nin eski genel ba\u015fkan\u0131.<\/p>\n<p style=\"text-align: justify;\">Atalay \u015fu an ise; <strong>Kanal 7<\/strong>\u2019nin ve kanal\u0131n y\u00f6netim kurulu ba\u015fkan\u0131 <strong>Zekeriya Karaman<\/strong>\u2019\u0131n avukatl\u0131\u011f\u0131n\u0131 yap\u0131yor.<\/p>\n<p style=\"text-align: justify;\">****<\/p>\n<p style=\"text-align: justify;\">Y\u0131l 2008, yani bundan 2 y\u0131l \u00f6nce.<\/p>\n<p style=\"text-align: justify;\">\u0130\u00e7i\u015fleri Bakanl\u0131\u011f\u0131 <strong>Deniz Feneri Derne\u011fi <\/strong>hakk\u0131nda bir inceleme ba\u015flat\u0131r. G\u00f6rev, bakanl\u0131\u011fa ba\u011fl\u0131 <strong>Dernekler Dairesi Ba\u015fkan\u0131 \u015eent\u00fcrk Uzun<\/strong>\u2019a verilir.<\/p>\n<p style=\"text-align: justify;\">\u0130\u015fte o tarihte \u015eent\u00fcrk Uzun, US\u0130DER\u2019in genel sekreteridir.<\/p>\n<p style=\"text-align: justify;\">\u015eent\u00fcrk Uzun, ge\u00e7ti\u011fimiz y\u0131l, Ankara\u2019ya Vali Yard\u0131mc\u0131s\u0131 olarak atand\u0131. Ancak US\u0130DER\u2019le ba\u011f\u0131n\u0131 koparmad\u0131.<\/p>\n<p style=\"text-align: justify;\">US\u0130DER\u2019in 3 ayda bir yay\u0131nlad\u0131\u011f\u0131 bir dergi var. Ad\u0131, Her Y\u00f6n\u00fcyle Dernekler.<\/p>\n<p style=\"text-align: justify;\">\u015eent\u00fcrk Uzun\u2019un ismi o derginin k\u00fcnyesinde, yay\u0131n kurulu \u00fcyesi olarak ge\u00e7iyor.<\/p>\n<p style=\"text-align: justify;\">Derginin yay\u0131n kurulunda ilgin\u00e7 bir isme daha rastl\u0131yoruz. Zaman gazetesi yazar\u0131 <strong>M\u00fcmtaz\u2019er T\u00fcrk\u00f6ne<\/strong> de Gazi \u00dcniversitesi profes\u00f6r\u00fc olarak k\u00fcnyede yerini al\u0131yor.<\/p>\n<p style=\"text-align: justify;\">****<\/p>\n<p style=\"text-align: justify;\"><strong>US\u0130DER \u2013 Deniz Feneri ba\u011flant\u0131s\u0131 bununla da kalm\u0131yor. <\/strong><\/p>\n<p style=\"text-align: justify;\">\u0130\u00e7i\u015fleri Bakanl\u0131\u011f\u0131 Dernekler Dairesi Ba\u015fkanl\u0131\u011f\u0131, 2006 y\u0131l\u0131nda \u201c<strong>Dernekler Mevzuat\u0131<\/strong>\u201d ad\u0131yla bir kitap haz\u0131rlatt\u0131.<\/p>\n<p style=\"text-align: justify;\">\u0130lgin\u00e7tir ki; be\u015f emniyet mensubunun haz\u0131rlad\u0131\u011f\u0131 kitap, o y\u0131l Deniz Feneri Derne\u011fi\u2019nce 10 bin adet bast\u0131r\u0131l\u0131p da\u011f\u0131t\u0131ld\u0131.<\/p>\n<p style=\"text-align: justify;\">Yani bir devlet kurumunun haz\u0131rlad\u0131\u011f\u0131 kitab\u0131n bas\u0131m\u0131 ve da\u011f\u0131t\u0131m\u0131, denetlemekle y\u00fck\u00fcml\u00fc oldu\u011fu bir dernek taraf\u0131ndan yap\u0131lm\u0131\u015ft\u0131.<\/p>\n<p style=\"text-align: justify;\">Peki, US\u0130DER bo\u015f mu durdu\u2026<\/p>\n<p style=\"text-align: justify;\">US\u0130DER de bu kitab\u0131 2007 y\u0131l\u0131nda, g\u00fcncelleyerek Vak\u0131fbank\u2019\u0131n sponsorlu\u011funda 20 bin adet bast\u0131r\u0131p da\u011f\u0131tt\u0131.<\/p>\n<p style=\"text-align: justify;\">Kitapta, derne\u011fin yay\u0131mlad\u0131\u011f\u0131 derginin de reklam\u0131 yap\u0131ld\u0131.<\/p>\n<p style=\"text-align: justify;\">****<\/p>\n<p style=\"text-align: justify;\">Son nokta nedir?<\/p>\n<p style=\"text-align: justify;\">\u0130\u00e7i\u015fleri Bakanl\u0131\u011f\u0131\u2019n\u0131n kurdurdu\u011fu,<\/p>\n<p style=\"text-align: justify;\">\u00d6rt\u00fcl\u00fc \u00f6denekten para kullanan Bir derne\u011fin,<\/p>\n<p style=\"text-align: justify;\">Perde gerisinde cemaatin imam\u0131n\u0131n bulundu\u011fu iddia ediliyor.<\/p>\n<p style=\"text-align: justify;\">Ve biz, varlar d\u00fcnyas\u0131ndaki bu dernekten konu\u015facak bir Allah\u2019\u0131n kulu, daha do\u011frusu bir yetkili bulam\u0131yoruz.<\/p>\n<p style=\"text-align: justify;\">Bu nas\u0131l i\u015f?<\/p>\n<p style=\"text-align: justify;\">\u00dcst\u00fcne \u00fcstl\u00fck bu derne\u011fin eli kolu da uzun. Bir ucunda <strong>Deniz Feneri <\/strong>di\u011feri ucunda bir cemaat\u2026<\/p>\n<p style=\"text-align: justify;\">\u0130\u015flerin bir hayli organize oldu\u011fu anla\u015f\u0131l\u0131yor.<\/p>\n<p style=\"text-align: justify;\"><a href=\"http:\/\/www.odatv.com\/n.php?n=bu-dernegi-cemaatin-imami-yonetiyor-ortulu-odenekten-para-aliyor-3108101200\" target=\"_blank\"><span style=\"color: #888888;\">Kaynak : Bar\u0131\u015f Pehlivan &#8211; Odatv.com<\/span><\/a><\/p>\n","protected":false},"excerpt":{"rendered":"<p style=\"text-align: center;\">\n<p style=\"text-align: justify;\">K\u0131sa ad\u0131, US\u0130DER.<\/p>\n<p style=\"text-align: justify;\">A\u00e7\u0131k ad\u0131, Uluslararas\u0131 Sivil Toplumu Destekleme ve Geli\u015ftirme Derne\u011fi. <\/p>\n<p style=\"text-align: justify;\">US\u0130DER, 26 Aral\u0131k 2005 tarihinde kuruldu.<\/p>\n<p style=\"text-align: justify;\">Genel merkezi \u00c7ankaya \/ Ankara\u2019da.<\/p>\n<p style=\"text-align: justify;\">Derne\u011fin internet sitesinden bakt\u0131\u011f\u0131m\u0131zda, kurulu\u015f amac\u0131 i\u00e7in \u015fu sat\u0131rlar yaz\u0131yor:<\/p>\n<p style=\"text-align: justify;\">\u201cUS\u0130DER, insanl\u0131k yarar\u0131na, \u00fclkemizde ve d\u00fcnyada <\/p>\n","protected":false},"author":1,"featured_media":0,"comment_status":"open","ping_status":"closed","sticky":false,"template":"","format":"standard","meta":{"footnotes":""},"categories":[105],"tags":[],"class_list":["post-25299","post","type-post","status-publish","format-standard","hentry","category-gundem","odd"],"_links":{"self":[{"href":"http:\/\/www.korhanyilmaz.com\/index.php?rest_route=\/wp\/v2\/posts\/25299","targetHints":{"allow":["GET"]}}],"collection":[{"href":"http:\/\/www.korhanyilmaz.com\/index.php?rest_route=\/wp\/v2\/posts"}],"about":[{"href":"http:\/\/www.korhanyilmaz.com\/index.php?rest_route=\/wp\/v2\/types\/post"}],"author":[{"embeddable":true,"href":"http:\/\/www.korhanyilmaz.com\/index.php?rest_route=\/wp\/v2\/users\/1"}],"replies":[{"embeddable":true,"href":"http:\/\/www.korhanyilmaz.com\/index.php?rest_route=%2Fwp%2Fv2%2Fcomments&post=25299"}],"version-history":[{"count":0,"href":"http:\/\/www.korhanyilmaz.com\/index.php?rest_route=\/wp\/v2\/posts\/25299\/revisions"}],"wp:attachment":[{"href":"http:\/\/www.korhanyilmaz.com\/index.php?rest_route=%2Fwp%2Fv2%2Fmedia&parent=25299"}],"wp:term":[{"taxonomy":"category","embeddable":true,"href":"http:\/\/www.korhanyilmaz.com\/index.php?rest_route=%2Fwp%2Fv2%2Fcategories&post=25299"},{"taxonomy":"post_tag","embeddable":true,"href":"http:\/\/www.korhanyilmaz.com\/index.php?rest_route=%2Fwp%2Fv2%2Ftags&post=25299"}],"curies":[{"name":"wp","href":"https:\/\/api.w.org\/{rel}","templated":true}]}}