{"id":25295,"date":"2010-09-01T09:44:47","date_gmt":"2010-09-01T06:44:47","guid":{"rendered":"http:\/\/www.korhanyilmaz.com\/?p=25295"},"modified":"2010-09-01T09:44:47","modified_gmt":"2010-09-01T06:44:47","slug":"evet-pankarti-sonu-oldu","status":"publish","type":"post","link":"http:\/\/www.korhanyilmaz.com\/?p=25295","title":{"rendered":"&#8216;Evet&#8217; pankart\u0131 sonu oldu"},"content":{"rendered":"<p style=\"text-align: center;\"><a href=\"http:\/\/www.korhanyilmaz.com\/wp-content\/uploads\/2010\/09\/050.jpg\"  class=\"lightview\"><img loading=\"lazy\" decoding=\"async\" class=\"aligncenter size-full wp-image-25296\" src=\"http:\/\/www.korhanyilmaz.com\/wp-content\/uploads\/2010\/09\/050.jpg\" alt=\"\" width=\"373\" height=\"197\" \/><\/a><\/p>\n<p style=\"text-align: justify;\">\u0130stanbul&#8217;da r\u00fczgardan y\u0131rt\u0131lan &#8220;Referanduma Evet&#8221; afi\u015fini de\u011fi\u015ftirmekle g\u00f6revli i\u015f\u00e7i, yorgunluktan afi\u015fin alt\u0131na girerek uyuyakal\u0131nca, vincin alt\u0131nda kalarak ya\u015fam\u0131n\u0131 yitirdi.<\/p>\n<p style=\"text-align: justify;\">\u0130STANBUL &#8211; Al\u0131nan bilgiye g\u00f6re, Anayasa de\u011fi\u015fikliklerine ili\u015fkin 12 Eyl\u00fclde yap\u0131lacak referandum konusunda Yunus Mahallesi Ankara Caddesi&#8217;nde bulunan bir \u00e7imento deposuna as\u0131lan  &#8220;Evet&#8221; pankart\u0131 a\u015f\u0131r\u0131 r\u00fczgar nedeniyle koptu. <!--more--><\/p>\n<p style=\"text-align: justify;\">Pankart\u0131 de\u011fi\u015ftirmek \u00fczere reklam firmas\u0131 taraf\u0131ndan vin\u00e7 \u00e7a\u011fr\u0131ld\u0131. Gelen vincin y\u00fcksekli\u011finin 30 metrelik branday\u0131 yeniden asmak i\u00e7in yeterli olmamas\u0131 nedeniyle ba\u015fka bir firmadan yeni bir vin\u00e7 istendi. Reklam firmas\u0131 \u00e7al\u0131\u015fan\u0131 Halis At\u0131\u015f ise yeni ara\u00e7 gelinceye kadar pankart\u0131n alt\u0131nda uykuya dald\u0131.<\/p>\n<p style=\"text-align: justify;\">Bu s\u0131rada, \u00e7al\u0131\u015fma alan\u0131na gelen Fatih Korkulu y\u00f6netimindeki vin\u00e7, uyuyan At\u0131\u015f&#8217;\u0131 fark etmeyerek pankart\u0131n \u00fczerinden ge\u00e7ti. Vincin ezdi\u011fi At\u0131\u015f, olay yerinde hayat\u0131n\u0131 kaybetti. At\u0131\u015f&#8217;\u0131n cesedi, olay yerindeki incelemelerin ard\u0131ndan Adli T\u0131p Kurumuna kald\u0131r\u0131ld\u0131.<\/p>\n<p style=\"text-align: justify;\"><strong>16 SAAT \u00c7ALI\u015eIYORDU<\/strong><\/p>\n<p style=\"text-align: justify;\">Ge\u00e7en ay i\u015fe ba\u015flad\u0131\u011f\u0131 \u00f6\u011frenilen At\u0131\u015f&#8217;\u0131n ailesinin ge\u00e7imini sa\u011flamak i\u00e7in 16 saat \u00e7al\u0131\u015ft\u0131\u011f\u0131 \u00f6\u011frenildi. G\u00fcnd\u00fcz de \u00e7al\u0131\u015ft\u0131\u011f\u0131 i\u00e7in yorulan At\u0131\u015f&#8217;\u0131n havan\u0131n da so\u011fuk olmas\u0131 nedeniyle uykusuna yenik d\u00fc\u015ft\u00fc\u011f\u00fc ve \u00fc\u015f\u00fcmemek i\u00e7in pankart\u0131n alt\u0131nda uyudu\u011fu \u00f6\u011frenildi.<\/p>\n<p style=\"text-align: justify;\">Evli ve 2 \u00e7ocu\u011fu olan At\u0131\u015f, i\u015fe ba\u015flar ba\u015flamaz anne, baba ve 2 karde\u015fini de yan\u0131na ald\u0131\u011f\u0131 ve 8 ki\u015finin ge\u00e7imini sa\u011flad\u0131\u011f\u0131 ifade edildi. Vin\u00e7 operat\u00f6r\u00fc Fatih K\u00f6pr\u00fcl\u00fc ve At\u0131\u015f&#8217;\u0131n 2 arkada\u015f\u0131 da g\u00f6zalt\u0131na al\u0131nd\u0131. Polis ekipleri de &#8220;Evet&#8221; yaz\u0131l\u0131 afi\u015fi toplad\u0131.<\/p>\n<p style=\"text-align: justify;\"><a href=\"http:\/\/www.gazeteport.com.tr\/GUNCEL\/NEWS\/GP_756144\" target=\"_blank\"><span style=\"color: #888888;\">Kaynak : GAZETEPORT<\/span><\/a><\/p>\n","protected":false},"excerpt":{"rendered":"<p style=\"text-align: center;\">\n<p style=\"text-align: justify;\">\u0130stanbul&#8217;da r\u00fczgardan y\u0131rt\u0131lan &#8220;Referanduma Evet&#8221; afi\u015fini de\u011fi\u015ftirmekle g\u00f6revli i\u015f\u00e7i, yorgunluktan afi\u015fin alt\u0131na girerek uyuyakal\u0131nca, vincin alt\u0131nda kalarak ya\u015fam\u0131n\u0131 yitirdi.<\/p>\n<p style=\"text-align: justify;\">\u0130STANBUL &#8211; Al\u0131nan bilgiye g\u00f6re, Anayasa de\u011fi\u015fikliklerine ili\u015fkin 12 Eyl\u00fclde yap\u0131lacak referandum konusunda Yunus Mahallesi Ankara Caddesi&#8217;nde bulunan bir \u00e7imento deposuna as\u0131lan &#8220;Evet&#8221; pankart\u0131 a\u015f\u0131r\u0131 r\u00fczgar nedeniyle koptu. <\/p>\n","protected":false},"author":1,"featured_media":0,"comment_status":"open","ping_status":"closed","sticky":false,"template":"","format":"standard","meta":{"footnotes":""},"categories":[105],"tags":[],"class_list":["post-25295","post","type-post","status-publish","format-standard","hentry","category-gundem","odd"],"_links":{"self":[{"href":"http:\/\/www.korhanyilmaz.com\/index.php?rest_route=\/wp\/v2\/posts\/25295","targetHints":{"allow":["GET"]}}],"collection":[{"href":"http:\/\/www.korhanyilmaz.com\/index.php?rest_route=\/wp\/v2\/posts"}],"about":[{"href":"http:\/\/www.korhanyilmaz.com\/index.php?rest_route=\/wp\/v2\/types\/post"}],"author":[{"embeddable":true,"href":"http:\/\/www.korhanyilmaz.com\/index.php?rest_route=\/wp\/v2\/users\/1"}],"replies":[{"embeddable":true,"href":"http:\/\/www.korhanyilmaz.com\/index.php?rest_route=%2Fwp%2Fv2%2Fcomments&post=25295"}],"version-history":[{"count":0,"href":"http:\/\/www.korhanyilmaz.com\/index.php?rest_route=\/wp\/v2\/posts\/25295\/revisions"}],"wp:attachment":[{"href":"http:\/\/www.korhanyilmaz.com\/index.php?rest_route=%2Fwp%2Fv2%2Fmedia&parent=25295"}],"wp:term":[{"taxonomy":"category","embeddable":true,"href":"http:\/\/www.korhanyilmaz.com\/index.php?rest_route=%2Fwp%2Fv2%2Fcategories&post=25295"},{"taxonomy":"post_tag","embeddable":true,"href":"http:\/\/www.korhanyilmaz.com\/index.php?rest_route=%2Fwp%2Fv2%2Ftags&post=25295"}],"curies":[{"name":"wp","href":"https:\/\/api.w.org\/{rel}","templated":true}]}}