{"id":25290,"date":"2010-09-01T14:29:31","date_gmt":"2010-09-01T11:29:31","guid":{"rendered":"http:\/\/www.korhanyilmaz.com\/?p=25290"},"modified":"2010-09-01T14:29:31","modified_gmt":"2010-09-01T11:29:31","slug":"dursun-cicek-olum-orucunda","status":"publish","type":"post","link":"http:\/\/www.korhanyilmaz.com\/?p=25290","title":{"rendered":"Dursun \u00c7i\u00e7ek \u00f6l\u00fcm orucunda"},"content":{"rendered":"<p style=\"text-align: center;\"><a href=\"http:\/\/www.korhanyilmaz.com\/wp-content\/uploads\/2010\/09\/049.jpg\"  class=\"lightview\"><img loading=\"lazy\" decoding=\"async\" class=\"aligncenter size-full wp-image-25291\" src=\"http:\/\/www.korhanyilmaz.com\/wp-content\/uploads\/2010\/09\/049.jpg\" alt=\"\" width=\"412\" height=\"218\" \/><\/a><\/p>\n<p style=\"text-align: justify;\">&#8216;\u0130rticayla m\u00fccadale eylem plan\u0131&#8217;n\u0131 yazd\u0131\u011f\u0131 iddias\u0131yla 4 ay \u00f6nce tutuklanarak cezaevine konan Kurmay Albay Dursun \u00c7i\u00e7ek \u00f6l\u00fcm orucuna ba\u015flad\u0131\u011f\u0131n\u0131 a\u00e7\u0131klad\u0131.<\/p>\n<p style=\"text-align: justify;\">\u0130STANBUL- \u0130rtica ile m\u00fccadele eylem plan\u0131 davas\u0131nda 15 y\u0131la kadar hapis cezas\u0131 istemiyle yarg\u0131lanan Kurmay Albay Dursun \u00c7i\u00e7ek, \u0130stanbul 13. A\u011f\u0131r Ceza Mahkemesi&#8217;nde g\u00f6r\u00fclen davan\u0131n 11&#8217;inci duru\u015fmas\u0131nda tahliye talebinde bulundu. <!--more--><\/p>\n<p style=\"text-align: justify;\">Habert\u00fcrk&#8217;\u00fcn haberine g\u00f6re, savunmas\u0131n\u0131 yapt\u0131ktan sonra tahliye talebinde bulunan Albay Dursun \u00c7i\u00e7ek, talebinin reddedilmesinin ard\u0131ndan &#8216;\u00f6l\u00fcm orucuna&#8217; ba\u015flad\u0131\u011f\u0131n\u0131 a\u00e7\u0131klad\u0131. Albay Dursun \u00c7i\u00e7ek&#8217;in avukat k\u0131z\u0131 \u0130rem \u00c7i\u00e7ek, babas\u0131n\u0131n kendi el yaz\u0131s\u0131yla g\u00f6nderdi\u011fi notu, g\u00f6zya\u015flar\u0131na bo\u011fularak okudu.<\/p>\n<p style=\"text-align: justify;\">\u0130rem \u00c7i\u00e7ek, babas\u0131n\u0131n \u00f6l\u00fcm orucuna ba\u015flad\u0131\u011f\u0131na dair notu okumakta zorland\u0131. &#8220;\u0130ftira, yarg\u0131s\u0131z infaz  ve tutsakl\u0131k bitinceye, hakimler, hukuk ve vicdanlar\u0131na g\u00f6re karar verinceye, hukuk ve adalet geri gelip hukuk cinayeti bitinceye kadar orucumu a\u00e7mayaca\u011f\u0131m. Evet, babam art\u0131k orucunu a\u00e7mayacak&#8221;<\/p>\n<p style=\"text-align: justify;\">Bu arada \u0130stanbul 13. A\u011f\u0131r Ceza Mahkemesi, su\u00e7 vasf\u0131n\u0131n de\u011fi\u015fme ihtimali ve dosyadaki mevcut delil durumunu dikkate alarak yakla\u015f\u0131k 10 ayd\u0131r tutuklu bulunan Ulusal Kanal \u0130stihbarat \u015eefi Ufuk Akkaya&#8217;n\u0131n tahliyesine karar verdi. Akkaya hakk\u0131nda yurt d\u0131\u015f\u0131na \u00e7\u0131k\u0131\u015f yasa\u011f\u0131 konuldu.<\/p>\n<p style=\"text-align: justify;\"><a href=\"http:\/\/www.gazeteport.com.tr\/GUNCEL\/NEWS\/GP_756314\" target=\"_blank\"><span style=\"color: #888888;\">Kaynak : GAZETEPORT<\/span><\/a><\/p>\n","protected":false},"excerpt":{"rendered":"<p style=\"text-align: center;\">\n<p style=\"text-align: justify;\">&#8216;\u0130rticayla m\u00fccadale eylem plan\u0131&#8217;n\u0131 yazd\u0131\u011f\u0131 iddias\u0131yla 4 ay \u00f6nce tutuklanarak cezaevine konan Kurmay Albay Dursun \u00c7i\u00e7ek \u00f6l\u00fcm orucuna ba\u015flad\u0131\u011f\u0131n\u0131 a\u00e7\u0131klad\u0131.<\/p>\n<p style=\"text-align: justify;\">\u0130STANBUL- \u0130rtica ile m\u00fccadele eylem plan\u0131 davas\u0131nda 15 y\u0131la kadar hapis cezas\u0131 istemiyle yarg\u0131lanan Kurmay Albay Dursun \u00c7i\u00e7ek, \u0130stanbul 13. A\u011f\u0131r Ceza Mahkemesi&#8217;nde g\u00f6r\u00fclen davan\u0131n 11&#8217;inci duru\u015fmas\u0131nda tahliye <\/p>\n","protected":false},"author":1,"featured_media":0,"comment_status":"open","ping_status":"closed","sticky":false,"template":"","format":"standard","meta":{"footnotes":""},"categories":[105],"tags":[],"class_list":["post-25290","post","type-post","status-publish","format-standard","hentry","category-gundem","odd"],"_links":{"self":[{"href":"http:\/\/www.korhanyilmaz.com\/index.php?rest_route=\/wp\/v2\/posts\/25290","targetHints":{"allow":["GET"]}}],"collection":[{"href":"http:\/\/www.korhanyilmaz.com\/index.php?rest_route=\/wp\/v2\/posts"}],"about":[{"href":"http:\/\/www.korhanyilmaz.com\/index.php?rest_route=\/wp\/v2\/types\/post"}],"author":[{"embeddable":true,"href":"http:\/\/www.korhanyilmaz.com\/index.php?rest_route=\/wp\/v2\/users\/1"}],"replies":[{"embeddable":true,"href":"http:\/\/www.korhanyilmaz.com\/index.php?rest_route=%2Fwp%2Fv2%2Fcomments&post=25290"}],"version-history":[{"count":0,"href":"http:\/\/www.korhanyilmaz.com\/index.php?rest_route=\/wp\/v2\/posts\/25290\/revisions"}],"wp:attachment":[{"href":"http:\/\/www.korhanyilmaz.com\/index.php?rest_route=%2Fwp%2Fv2%2Fmedia&parent=25290"}],"wp:term":[{"taxonomy":"category","embeddable":true,"href":"http:\/\/www.korhanyilmaz.com\/index.php?rest_route=%2Fwp%2Fv2%2Fcategories&post=25290"},{"taxonomy":"post_tag","embeddable":true,"href":"http:\/\/www.korhanyilmaz.com\/index.php?rest_route=%2Fwp%2Fv2%2Ftags&post=25290"}],"curies":[{"name":"wp","href":"https:\/\/api.w.org\/{rel}","templated":true}]}}