{"id":25280,"date":"2010-08-31T19:31:54","date_gmt":"2010-08-31T16:31:54","guid":{"rendered":"http:\/\/www.korhanyilmaz.com\/?p=25280"},"modified":"2010-08-31T19:31:54","modified_gmt":"2010-08-31T16:31:54","slug":"albay-dursun-cicekten-carpici-iddia","status":"publish","type":"post","link":"http:\/\/www.korhanyilmaz.com\/?p=25280","title":{"rendered":"Albay Dursun \u00c7i\u00e7ek&#8217;ten \u00e7arp\u0131c\u0131 iddia"},"content":{"rendered":"<p><a href=\"http:\/\/www.korhanyilmaz.com\/wp-content\/uploads\/2010\/08\/0441.jpg\"  class=\"lightview\"><img loading=\"lazy\" decoding=\"async\" class=\"aligncenter size-full wp-image-25281\" src=\"http:\/\/www.korhanyilmaz.com\/wp-content\/uploads\/2010\/08\/0441.jpg\" alt=\"\" width=\"292\" height=\"224\" \/><\/a><\/p>\n<p style=\"text-align: justify;\">&#8220;\u0130rtica  ile M\u00fccadele Eylem Plan\u0131&#8221; davas\u0131n\u0131n tutuklu san\u0131\u011f\u0131 Albay Dursun \u00c7i\u00e7ek, eski Eski\u015fehir Emniyet M\u00fcd\u00fcr\u00fc Hanefi Avc\u0131&#8217;n\u0131n kitab\u0131nda &#8220;\u0130rtica  ile M\u00fccadele Eylem Plan\u0131&#8221;n\u0131n kim taraf\u0131ndan haz\u0131rland\u0131\u011f\u0131 ve nereye konuldu\u011funun belirtildi\u011fini ileri s\u00fcrd\u00fc. Dava kapsam\u0131nda tutuklu bulunan Ulusal Kanal istihbarat \u015fefi Ufuk Akkaya ise tahliye edildi. <!--more--><\/p>\n<p style=\"text-align: justify;\">\u0130stanbul 13. A\u011f\u0131r Ceza Mahkemesi&#8217;ndeki duru\u015fmada tutuksuz san\u0131k \u0130lhami \u00dcmit Handan&#8217;\u0131n \u00e7apraz sorgusunun tamamlanmas\u0131n\u0131n ard\u0131ndan san\u0131klar\u0131n taleplerinin al\u0131nmas\u0131na ge\u00e7ildi.<\/p>\n<p style=\"text-align: justify;\">&#8220;Balyoz Plan\u0131&#8221; davas\u0131nda da san\u0131k olarak yarg\u0131lanan \u00c7i\u00e7ek, san\u0131klar hakk\u0131nda \u00e7\u0131kar\u0131lan yakalama emrinin kald\u0131r\u0131ld\u0131\u011f\u0131n\u0131 an\u0131msatarak, &#8220;Balyoz Davas\u0131 kapsam\u0131ndaki yakalama karar\u0131 ile bu dava kapsam\u0131nda \u00e7\u0131kar\u0131lan yakalama karar\u0131 kelimesi kelimesine ayn\u0131. &#8216;Ben 4 ayd\u0131r neden tutukluyum?&#8217; diye y\u00fcce heyete soruyorum. Balyoz&#8217;dan tutuksuzum, burada tutukluyum&#8221; dedi.<\/p>\n<p style=\"text-align: justify;\">Eski Eski\u015fehir Emniyet M\u00fcd\u00fcr\u00fc Hanefi Avc\u0131&#8217;n\u0131n kitab\u0131n\u0131 an\u0131msatan \u00c7i\u00e7ek, bu kitapta &#8220;\u0130rtica ile M\u00fccadele Eylem Plan\u0131&#8221;n\u0131n kim taraf\u0131ndan haz\u0131rland\u0131\u011f\u0131 ve nereye konuldu\u011funun belirtildi\u011fini ileri s\u00fcrd\u00fc.<\/p>\n<p style=\"text-align: justify;\">\u00c7i\u00e7ek, as\u0131l hedefin kendisi olmay\u0131p, YA\u015e, Genelkurmay Ba\u015fkanl\u0131\u011f\u0131 ve T\u00fcrk Silahl\u0131 Kuvvetleri oldu\u011funu savundu.<\/p>\n<p style=\"text-align: justify;\">&#8220;\u0130nternet And\u0131c\u0131&#8221; olarak ifade edilen soru\u015fturman\u0131n amac\u0131n\u0131n YA\u015e kararlar\u0131n\u0131 etkilemek oldu\u011funu iddia eden \u00c7i\u00e7ek, &#8220;Ordu bu \u015fekilde bask\u0131 alt\u0131na al\u0131nmak istenmi\u015ftir. Ne su\u00e7u vard\u0131 1. Ordu Komutan\u0131&#8217;n\u0131n?&#8221; diye sordu.<\/p>\n<p style=\"text-align: justify;\">&#8220;Tek ki\u015fi cuntac\u0131, tek ki\u015fi darbeci oldum, tek ki\u015filik ordu&#8221; diyen \u00c7i\u00e7ek, \u015f\u00f6yle devam etti: &#8220;Vicdanlar\u0131n\u0131za sesleniyorum. \u0130mzas\u0131z, isimsiz ihbar mektuplar\u0131n\u0131n yasal delil olmad\u0131\u011f\u0131na ili\u015fkin Yarg\u0131tay\u0131n karar\u0131 var. Parmak ve avu\u00e7 izi b\u0131rakmadan, bilgisayar ve yaz\u0131c\u0131larda iz b\u0131rakmadan, ger\u00e7ek tan\u0131k g\u00f6rmeden b\u00f6yle sa\u00e7ma sapan plan haz\u0131rlamak m\u00fcmk\u00fcn m\u00fc?.&#8221;<\/p>\n<p style=\"text-align: justify;\">\u00c7i\u00e7ek, internetin yay\u0131lmas\u0131 ve gen\u00e7leri etkilemesi nedeniyle 1999&#8217;dan itibaren Genelkurmay&#8217;\u0131n \u00e7e\u015fitli birimlerinde internet sitesi kuruldu\u011funu belirterek, &#8220;Benim birimimde Ermeni, Pontus, d\u0131\u015f \u00fclkelerle ili\u015fkiler konular\u0131ndayd\u0131. Bunlar\u0131 yaz\u0131p \u00e7izen yok. D\u00fc\u015fmanlar bayram ediyor. Savc\u0131 kime hizmet ediyor. Herhalde vatana de\u011fil&#8221; dedi.<\/p>\n<p style=\"text-align: justify;\">Hanefi Avc\u0131&#8217;n\u0131n kitab\u0131nda kendisi hakk\u0131nda iki sayfa bulundu\u011funu belirten \u00c7i\u00e7ek, &#8220;Bu kitab\u0131 yazan sokaktan bir serseri de\u011fil. Y\u0131llar\u0131n istihbarat\u00e7\u0131s\u0131. Anlatt\u0131klar\u0131yla senaryo uyu\u015fuyor. Buraya \u00e7a\u011fr\u0131larak kitapta yazmad\u0131klar\u0131n\u0131 da anlatmas\u0131n\u0131 istiyorum&#8221; \u015feklinde konu\u015ftu.<\/p>\n<p style=\"text-align: justify;\">\u00c7i\u00e7ek, bayram \u00f6ncesi tahliyesini istedi. Taleplerin al\u0131nmas\u0131n\u0131n ard\u0131ndan duru\u015fmaya ara verildi.<\/p>\n<p style=\"text-align: justify;\"><strong>Ufuk Akkaya&#8217;ya tahliye <\/strong><\/p>\n<p style=\"text-align: justify;\">\u0130stanbul 13. A\u011f\u0131r Ceza Mahkemesi&#8217;ndeki duru\u015fmada taleplere ili\u015fkin mahkeme heyetince al\u0131nan ara kararlar, heyete ba\u015fkanl\u0131k yapan \u00fcye hakim Hasan H\u00fcseyin \u00d6zese taraf\u0131ndan a\u00e7\u0131kland\u0131.<\/p>\n<p style=\"text-align: justify;\">Buna g\u00f6re mahkeme, su\u00e7 vasf\u0131n\u0131n de\u011fi\u015fme ihtimali ve dosyadaki mevcut delil durumunu dikkate alarak yakla\u015f\u0131k 10 ayd\u0131r tutuklu bulunan Ulusal Kanal \u0130stihbarat \u015eefi Ufuk Akkaya&#8217;n\u0131n tahliyesine karar verdi.<\/p>\n<p style=\"text-align: justify;\">Akkaya hakk\u0131nda yurt d\u0131\u015f\u0131na \u00e7\u0131k\u0131\u015f yasa\u011f\u0131 konuldu.<\/p>\n<p style=\"text-align: justify;\"><span style=\"color: #888888;\">CNN T\u00dcRK<\/span><\/p>\n","protected":false},"excerpt":{"rendered":"<\/p>\n<p style=\"text-align: justify;\">&#8220;\u0130rtica ile M\u00fccadele Eylem Plan\u0131&#8221; davas\u0131n\u0131n tutuklu san\u0131\u011f\u0131 Albay Dursun \u00c7i\u00e7ek, eski Eski\u015fehir Emniyet M\u00fcd\u00fcr\u00fc Hanefi Avc\u0131&#8217;n\u0131n kitab\u0131nda &#8220;\u0130rtica ile M\u00fccadele Eylem Plan\u0131&#8221;n\u0131n kim taraf\u0131ndan haz\u0131rland\u0131\u011f\u0131 ve nereye konuldu\u011funun belirtildi\u011fini ileri s\u00fcrd\u00fc. Dava kapsam\u0131nda tutuklu bulunan Ulusal Kanal istihbarat \u015fefi Ufuk Akkaya ise tahliye edildi. <\/p>\n","protected":false},"author":1,"featured_media":0,"comment_status":"open","ping_status":"closed","sticky":false,"template":"","format":"standard","meta":{"footnotes":""},"categories":[105],"tags":[],"class_list":["post-25280","post","type-post","status-publish","format-standard","hentry","category-gundem","odd"],"_links":{"self":[{"href":"http:\/\/www.korhanyilmaz.com\/index.php?rest_route=\/wp\/v2\/posts\/25280","targetHints":{"allow":["GET"]}}],"collection":[{"href":"http:\/\/www.korhanyilmaz.com\/index.php?rest_route=\/wp\/v2\/posts"}],"about":[{"href":"http:\/\/www.korhanyilmaz.com\/index.php?rest_route=\/wp\/v2\/types\/post"}],"author":[{"embeddable":true,"href":"http:\/\/www.korhanyilmaz.com\/index.php?rest_route=\/wp\/v2\/users\/1"}],"replies":[{"embeddable":true,"href":"http:\/\/www.korhanyilmaz.com\/index.php?rest_route=%2Fwp%2Fv2%2Fcomments&post=25280"}],"version-history":[{"count":0,"href":"http:\/\/www.korhanyilmaz.com\/index.php?rest_route=\/wp\/v2\/posts\/25280\/revisions"}],"wp:attachment":[{"href":"http:\/\/www.korhanyilmaz.com\/index.php?rest_route=%2Fwp%2Fv2%2Fmedia&parent=25280"}],"wp:term":[{"taxonomy":"category","embeddable":true,"href":"http:\/\/www.korhanyilmaz.com\/index.php?rest_route=%2Fwp%2Fv2%2Fcategories&post=25280"},{"taxonomy":"post_tag","embeddable":true,"href":"http:\/\/www.korhanyilmaz.com\/index.php?rest_route=%2Fwp%2Fv2%2Ftags&post=25280"}],"curies":[{"name":"wp","href":"https:\/\/api.w.org\/{rel}","templated":true}]}}