{"id":25275,"date":"2010-08-31T19:02:11","date_gmt":"2010-08-31T16:02:11","guid":{"rendered":"http:\/\/www.korhanyilmaz.com\/?p=25275"},"modified":"2010-08-31T19:02:11","modified_gmt":"2010-08-31T16:02:11","slug":"erdogandan-kilicdarogluna-turban-cagrisi","status":"publish","type":"post","link":"http:\/\/www.korhanyilmaz.com\/?p=25275","title":{"rendered":"Erdo\u011fan&#8217;dan K\u0131l\u0131\u00e7daro\u011flu&#8217;na t\u00fcrban \u00e7a\u011fr\u0131s\u0131"},"content":{"rendered":"<p><a href=\"http:\/\/www.korhanyilmaz.com\/wp-content\/uploads\/2010\/08\/0431.jpg\"  class=\"lightview\"><img loading=\"lazy\" decoding=\"async\" class=\"aligncenter size-full wp-image-25276\" src=\"http:\/\/www.korhanyilmaz.com\/wp-content\/uploads\/2010\/08\/0431.jpg\" alt=\"\" width=\"292\" height=\"193\" \/><\/a><\/p>\n<p style=\"text-align: justify;\">AK Parti Genel Ba\u015fkan\u0131 ve Ba\u015fbakan Recep Tayyip Erdo\u011fan, CHP Genel Ba\u015fkan\u0131 Kemal K\u0131l\u0131\u00e7daro\u011flu&#8217;nun &#8220;ba\u015f\u00f6rt\u00fc meselesini halledece\u011fi&#8221; s\u00f6z\u00fcn\u00fc verdi\u011fini an\u0131msatarak, &#8220;Seninle e\u011fitim, inan\u00e7 \u00f6zg\u00fcrl\u00fc\u011f\u00fcn\u00fc konu\u015fuyoruz. E\u011fer d\u00fcr\u00fcst ve samimiysen 13 Eyl\u00fcl g\u00fcn\u00fcnden daha erkeni yok, bug\u00fcnden tezi yok. Biz haz\u0131r\u0131z. Hemen birlikte otural\u0131m, karar\u0131 verelim, ad\u0131m\u0131 atal\u0131m&#8221; dedi.<!--more--><\/p>\n<p style=\"text-align: justify;\">Erdo\u011fan, partisince Tekirda\u011f Cengiz Topel Meydan\u0131&#8217;nda d\u00fczenlenen &#8220;Referanduma Evet&#8221; mitinginde yapt\u0131\u011f\u0131 konu\u015fmada, iktidara geldiklerinde y\u00fczde 30 olan enflasyonun bug\u00fcn y\u00fczde 7,6&#8217;ya indi\u011fini belirterek, bu aradaki fark\u0131n vatanda\u015f\u0131n cebinden \u00e7\u0131karken, \u015fimdi cebinde kald\u0131\u011f\u0131n\u0131 s\u00f6yledi.<\/p>\n<p style=\"text-align: justify;\">&#8220;Gittiler, IMF&#8217;den 30 milyar dolar bor\u00e7 ald\u0131lar. &#8216;Bittik, t\u00fckendik&#8217; dediler. Kim vard\u0131 iktidarda?&#8221; diye soran Erdo\u011fan, iktidarda MHP, DSP ve ANAP koalisyonu bulundu\u011funu an\u0131msatt\u0131.<\/p>\n<p style=\"text-align: justify;\">Ba\u015fbakan Erdo\u011fan, siyasette d\u00fcr\u00fcst, ilkeli, tutarl\u0131, sorumlu olunmas\u0131 gerekti\u011fini vurgulayarak, konu\u015fmas\u0131n\u0131 \u015f\u00f6yle s\u00fcrd\u00fcrd\u00fc: &#8220;Tekirda\u011fl\u0131lar\u0131n \u00e7ok g\u00fczel bir s\u00f6z\u00fc var: &#8216;Acem k\u0131l\u0131c\u0131 gibi iki taraf\u0131 keser&#8217;&#8230; Bunlara bak\u0131yorsun, Batman&#8217;a gidiyor &#8216;genel af&#8217; diyor. \u00d6yle mi? Ankara&#8217;ya geliyor, hemen \u00e7ark ediyor. Tunceli&#8217;ye gidiyor, orada &#8216;genel af&#8217; sat\u0131yor, Kayseri&#8217;ye gidiyor \u00e7ark ediyor. &#8216;Onu demek istemedim&#8217; diyor. \u0130stanbul&#8217;a gidiyor, ba\u015f\u00f6rt\u00fcs\u00fcn\u00fc, \u00e7ar\u015faf\u0131 tezgaha s\u00fcr\u00fcyor, \u00e7ar\u015fafl\u0131lara rozet tak\u0131yor. Sonra bir de bak\u0131yoruz ki \u00e7ar\u015fafl\u0131 vatanda\u015f\u0131m\u0131, karde\u015fimi otob\u00fcsten at\u0131yor. Bir de bunlar bu arada yeni bir \u015fey daha ba\u015flatt\u0131lar.<\/p>\n<p style=\"text-align: justify;\">\u015eimdi &#8216;Ba\u015f\u00f6rt\u00fc meselesini ben hallederim&#8217; diyor. \u0130nand\u0131n\u0131z m\u0131? Bu arada herkes ba\u015flad\u0131 vurmaya. &#8216;Nas\u0131l halledeceksin falan&#8217;. &#8216;Efendim tasar\u0131mc\u0131ya g\u00f6ndeririz&#8217; \u015eimdi olgunla\u015ft\u0131rma enstit\u00fcs\u00fcnde \u00e7al\u0131\u015fmalar yap\u0131l\u0131yor. Acaba bu ba\u015f\u00f6rt\u00fcs\u00fcn\u00fcn rengi nas\u0131l olsun, renkleri nas\u0131l olsun, alttan m\u0131 ba\u011flans\u0131n, bone t\u00fcr\u00fc m\u00fc olsun, \u015f\u00f6yle mi b\u00f6yle mi olsun. Bu nas\u0131l \u00f6zg\u00fcrl\u00fck? Sen bunu di\u011fer k\u0131zlar\u0131m\u0131z i\u00e7in de ayn\u0131 \u015fekilde belirliyor musun? Onlar i\u00e7in de stre\u00e7 pantolon mu olsun, \u015falvar m\u0131 olsun, ask\u0131l\u0131 m\u0131 ask\u0131s\u0131z m\u0131 olsun, bu t\u00fcr \u015feyler de s\u00f6yl\u00fcyor musun? Onun da sipari\u015fini verdin mi?<\/p>\n<p style=\"text-align: justify;\">Yani seninle e\u011fitim, inan\u00e7 \u00f6zg\u00fcrl\u00fc\u011f\u00fcn\u00fc konu\u015fuyoruz. E\u011fer d\u00fcr\u00fcst ve samimiysen 13 Eyl\u00fcl g\u00fcn\u00fcnden daha erkeni yok, bug\u00fcnden tezi yok. Biz haz\u0131r\u0131z. Hemen birlikte otural\u0131m, karar\u0131 verelim, ad\u0131m\u0131 atal\u0131m. D\u00fcr\u00fcst ol d\u00fcr\u00fcst. \u0130nsan\u0131n a\u011fz\u0131ndan s\u00f6z bir kere \u00e7\u0131kar, sonra patinaj yapmaya ba\u015flamaz, farkl\u0131 farkl\u0131 konu\u015fmaz. Siyasette karaya kara, aka ak diyeceksin. Karaya ak, aka kara denmez. Benim vatanda\u015f\u0131m da bunu yutmaz.&#8221;<\/p>\n<p style=\"text-align: justify;\"><span style=\"color: #888888;\">CNN T\u00dcRK<\/span><\/p>\n","protected":false},"excerpt":{"rendered":"<\/p>\n<p style=\"text-align: justify;\">AK Parti Genel Ba\u015fkan\u0131 ve Ba\u015fbakan Recep Tayyip Erdo\u011fan, CHP Genel Ba\u015fkan\u0131 Kemal K\u0131l\u0131\u00e7daro\u011flu&#8217;nun &#8220;ba\u015f\u00f6rt\u00fc meselesini halledece\u011fi&#8221; s\u00f6z\u00fcn\u00fc verdi\u011fini an\u0131msatarak, &#8220;Seninle e\u011fitim, inan\u00e7 \u00f6zg\u00fcrl\u00fc\u011f\u00fcn\u00fc konu\u015fuyoruz. E\u011fer d\u00fcr\u00fcst ve samimiysen 13 Eyl\u00fcl g\u00fcn\u00fcnden daha erkeni yok, bug\u00fcnden tezi yok. Biz haz\u0131r\u0131z. Hemen birlikte otural\u0131m, karar\u0131 verelim, ad\u0131m\u0131 atal\u0131m&#8221; dedi.<\/p>\n","protected":false},"author":1,"featured_media":0,"comment_status":"open","ping_status":"closed","sticky":false,"template":"","format":"standard","meta":{"footnotes":""},"categories":[105],"tags":[],"class_list":["post-25275","post","type-post","status-publish","format-standard","hentry","category-gundem","odd"],"_links":{"self":[{"href":"http:\/\/www.korhanyilmaz.com\/index.php?rest_route=\/wp\/v2\/posts\/25275","targetHints":{"allow":["GET"]}}],"collection":[{"href":"http:\/\/www.korhanyilmaz.com\/index.php?rest_route=\/wp\/v2\/posts"}],"about":[{"href":"http:\/\/www.korhanyilmaz.com\/index.php?rest_route=\/wp\/v2\/types\/post"}],"author":[{"embeddable":true,"href":"http:\/\/www.korhanyilmaz.com\/index.php?rest_route=\/wp\/v2\/users\/1"}],"replies":[{"embeddable":true,"href":"http:\/\/www.korhanyilmaz.com\/index.php?rest_route=%2Fwp%2Fv2%2Fcomments&post=25275"}],"version-history":[{"count":0,"href":"http:\/\/www.korhanyilmaz.com\/index.php?rest_route=\/wp\/v2\/posts\/25275\/revisions"}],"wp:attachment":[{"href":"http:\/\/www.korhanyilmaz.com\/index.php?rest_route=%2Fwp%2Fv2%2Fmedia&parent=25275"}],"wp:term":[{"taxonomy":"category","embeddable":true,"href":"http:\/\/www.korhanyilmaz.com\/index.php?rest_route=%2Fwp%2Fv2%2Fcategories&post=25275"},{"taxonomy":"post_tag","embeddable":true,"href":"http:\/\/www.korhanyilmaz.com\/index.php?rest_route=%2Fwp%2Fv2%2Ftags&post=25275"}],"curies":[{"name":"wp","href":"https:\/\/api.w.org\/{rel}","templated":true}]}}