{"id":25271,"date":"2010-08-31T14:11:33","date_gmt":"2010-08-31T11:11:33","guid":{"rendered":"http:\/\/www.korhanyilmaz.com\/?p=25271"},"modified":"2010-08-31T14:11:33","modified_gmt":"2010-08-31T11:11:33","slug":"asil-korsanligi-bakan-yapiyor","status":"publish","type":"post","link":"http:\/\/www.korhanyilmaz.com\/?p=25271","title":{"rendered":"As\u0131l korsanl\u0131\u011f\u0131 bakan yap\u0131yor"},"content":{"rendered":"<p style=\"text-align: center;\"><a href=\"http:\/\/www.korhanyilmaz.com\/wp-content\/uploads\/2010\/08\/0421.jpg\"  class=\"lightview\"><img loading=\"lazy\" decoding=\"async\" class=\"aligncenter size-full wp-image-25272\" src=\"http:\/\/www.korhanyilmaz.com\/wp-content\/uploads\/2010\/08\/0421.jpg\" alt=\"\" width=\"404\" height=\"208\" \/><\/a><\/p>\n<p style=\"text-align: justify;\">HSYK \u00dcyesi Ali Suat Ertosun, Adalet Bakan\u0131 Ergin&#8217;in korsan liste iddialar\u0131n\u0131 yalanlayarak, as\u0131l korsanl\u0131\u011f\u0131 kendisinin yapt\u0131\u011f\u0131n\u0131 s\u00f6yledi.<\/p>\n<p style=\"text-align: justify;\"><strong>ANKARA<\/strong> &#8211; Hakimler ve Savc\u0131lar Y\u00fcksek Kurulu (HSYK) \u00dcyesi Ali Suat Ertosun, &#8221;(Korsan) olarak nitelendirilebilecek bir davran\u0131\u015f varsa, bu korsanl\u0131k anayasal teminat alt\u0131ndaki HSYK \u00fcyelerinin anayasa ve kanunlar \u00e7er\u00e7evesinde g\u00f6r\u00fc\u015flerini toplant\u0131larda serbest\u00e7e ifade etmelerinde de\u011fil, tek elden ve organize \u015fekilde anayasal kurumlara ve bu kurumlarda g\u00f6rev yapanlara kar\u015f\u0131 bas\u0131n ve yay\u0131n yoluyla hedef g\u00f6sterilerek yap\u0131lan sald\u0131r\u0131larda aranmal\u0131d\u0131r&#8221; dedi. Ertosun, HSYK&#8217;da d\u00fczenledi\u011fi bas\u0131n toplant\u0131s\u0131nda, \u015fahs\u0131na ve Kurul&#8217;a y\u00f6nelik bas\u0131n-yay\u0131n organlar\u0131nda yer alan iddialara cevap verdi. <!--more--><\/p>\n<p style=\"text-align: justify;\">Konu\u015fmas\u0131na Pakistan&#8217;da ya\u015fanan sel felaketi nedeniyle Pakistan halk\u0131na ge\u00e7mi\u015f olsun ve ba\u015fsa\u011fl\u0131\u011f\u0131 dilekleriyle ba\u015flayan Ertosun, Pakistanl\u0131 \u015fair Muhammed \u0130kbal&#8217;in Kurtulu\u015f Sava\u015f\u0131&#8217;nda T\u00fcrk halk\u0131 i\u00e7in yapt\u0131\u011f\u0131 konu\u015fman\u0131n da bir b\u00f6l\u00fcm\u00fcn\u00fc okudu.<\/p>\n<p style=\"text-align: justify;\">Son aylarda \u015fahs\u0131na ve HSYK&#8217;ya y\u00f6nelik &#8221;ele\u015ftiri s\u0131n\u0131rlar\u0131n\u0131 a\u015facak \u015fekilde hakaret i\u00e7eren maksatl\u0131 yay\u0131nlar&#8221; yap\u0131ld\u0131\u011f\u0131n\u0131 belirten Ertosun, &#8221;ele\u015ftiri amac\u0131 ta\u015f\u0131mayan, sadece hakaret etme, k\u00fc\u00e7\u00fck d\u00fc\u015f\u00fcrme ve karalama d\u00fc\u015f\u00fcncesiyle yap\u0131lan yay\u0131nlarla&#8221; ilgili olarak yasal yollara ba\u015fvuraca\u011f\u0131n\u0131 s\u00f6yledi.<\/p>\n<p style=\"text-align: justify;\">Ertosun, ki\u015fisel ge\u00e7mi\u015fi ile inanc\u0131na ve mezhebine ili\u015fkin baz\u0131 yaz\u0131lar\u0131n da kaleme al\u0131nd\u0131\u011f\u0131n\u0131 belirterek, &#8221;Laik, demokratik, din ve vicdan h\u00fcrriyeti olan bir \u00fclkede bu t\u00fcr davran\u0131\u015f bi\u00e7imleri kabul edilemez. Bu durum her \u015feyden \u00f6nce temel insan haklar\u0131na ayk\u0131r\u0131d\u0131r&#8221; dedi.<\/p>\n<p style=\"text-align: justify;\">HSYK \u00fcyelerinin zaman zaman adliyeleri, b\u00f6lge idare ve idare mahkemelerini ziyaret ederek, buralardaki hakim ve savc\u0131larla adli sorunlara ili\u015fkin fikir al\u0131\u015fveri\u015finde bulunmalar\u0131yla ilgili de bas\u0131nda haberler yer ald\u0131\u011f\u0131na i\u015faret eden Ertosun, bu ziyaretlerin &#8221;mutad bir uygulama&#8221; oldu\u011funu, ancak kurul \u00fcyelerinin ziyaretlerinin referandumla ili\u015fkilendirilmesinin hi\u00e7bir insaf \u00f6l\u00e7\u00fcs\u00fcyle ba\u011fda\u015fmad\u0131\u011f\u0131n\u0131 ifade etti.<\/p>\n<p style=\"text-align: justify;\"><strong>ASIL KORSANLI\u011eI BAKAN YAPIYOR<\/strong><\/p>\n<p style=\"text-align: justify;\">Ertosun, HSYK \u00fcyelerinin se\u00e7ilmeleri, g\u00f6revleri, yetkileri ile \u00e7al\u0131\u015fma usul ve esaslar\u0131n\u0131n Anayasa&#8217;n\u0131n 159. Maddesi&#8217;ndeki ilkelere uygun \u015fekilde kanunlarla d\u00fczenlendi\u011fine dikkati \u00e7ekerek, \u015funlar\u0131 kaydetti:<\/p>\n<p style=\"text-align: justify;\">&#8221;(Korsan) olarak nitelendirilebilecek bir davran\u0131\u015f varsa, bu korsanl\u0131k anayasal teminat alt\u0131ndaki HSYK \u00fcyelerinin anayasa ve kanunlar \u00e7er\u00e7evesinde g\u00f6r\u00fc\u015flerini toplant\u0131larda serbest\u00e7e ifade etmelerinde de\u011fil, tek elden ve organize \u015fekilde anayasal kurumlara ve bu kurumlarda g\u00f6rev yapanlara kar\u015f\u0131 bas\u0131n ve yay\u0131n yoluyla hedef g\u00f6sterilerek yap\u0131lan sald\u0131r\u0131larda aranmal\u0131d\u0131r.<\/p>\n<p style=\"text-align: justify;\">\u015eahs\u0131m\u0131n ve \u015fahs\u0131m hedef g\u00f6sterilerek \u00fcyesi oldu\u011fum HSYK&#8217;n\u0131n anayasa ve hukuk kurallar\u0131 \u00e7er\u00e7evesinde ifa etti\u011fi g\u00f6revi ideolojik olarak nitelendirmek haks\u0131z bir sald\u0131r\u0131d\u0131r. As\u0131l ideolojik ve militanca tav\u0131r anayasa ve kanunlar\u0131 yok sayarak Kurulu \u00e7al\u0131\u015ft\u0131rmayanlarda ve bas\u0131n ahlak ilkelerini \u00e7i\u011fneyerek kampanya y\u00fcr\u00fcten odaklarda aranmal\u0131d\u0131r.<\/p>\n<p style=\"text-align: justify;\">Yine hedefinde bulundu\u011fum odaklar\u0131n \u015fahs\u0131mla ilgili ba\u015fvurduklar\u0131 di\u011fer bir y\u00f6ntem de do\u011frudan muhatap olmad\u0131\u011f\u0131m ki\u015filerin legal veya illegal yollarla tespit edilen konu\u015fmalar\u0131n\u0131n sanki taraf\u0131ym\u0131\u015f\u0131m gibi man\u015fetlere ta\u015f\u0131nmas\u0131d\u0131r. Hi\u00e7bir hukuki ve etik dayana\u011f\u0131 olmayan, d\u00fcr\u00fcst ve yans\u0131z habercilik anlay\u0131\u015f\u0131yla ba\u011fda\u015fmayan, iyi niyet ve bas\u0131n ahlak\u0131 \u00f6l\u00e7\u00fclerinin \u00e7ok uza\u011f\u0131nda bulunan bu eylemlere ili\u015fkin olarak da gerekli yasal yollara ba\u015fvuraca\u011f\u0131m.&#8221;<\/p>\n<p style=\"text-align: justify;\">Ertosun, kendisini ve HSYK&#8217;y\u0131 hedef alan &#8221;karalama kampanyas\u0131&#8221;na malzeme olan bir ba\u015fka konunun da HSYK Ba\u015fkanvekili Kadir \u00d6zbek&#8217;le birlikte haz\u0131rlad\u0131klar\u0131 &#8221;Hakimler ve Savc\u0131lar Y\u00fcksek Kurulu&#8217;na \u0130li\u015fkin Anayasa De\u011fi\u015fikli\u011fi Konusunda Analitik Bir \u0130nceleme&#8221; isimli kitab\u0131n oldu\u011funu anlatt\u0131. Bu kitapta HSYK konusunda yap\u0131lan anayasal de\u011fi\u015fikliklerin de\u011ferlendirildi\u011fini belirten Ertosun, kitap\u00e7\u0131kta ileri s\u00fcr\u00fclen g\u00f6r\u00fc\u015f ve fikirlerin \u00e7arp\u0131t\u0131l\u0131p de\u011fi\u015ftirilerek kendisinin ve HSYK&#8217;n\u0131n siyasalla\u015ft\u0131\u011f\u0131 y\u00f6n\u00fcnde yay\u0131nlar yap\u0131larak kamuoyunun yan\u0131lt\u0131lmaya \u00e7al\u0131\u015f\u0131ld\u0131\u011f\u0131n\u0131 kaydetti.<\/p>\n<p style=\"text-align: justify;\">Konu\u015fmas\u0131nda, HSYK&#8217;da ya\u015fanan sorunlara da de\u011finen Ertosun, unvanl\u0131 hakim ve savc\u0131lar\u0131n atamalar\u0131na ili\u015fkin kararnameyle ilgili de &#8221;Adalet Bakanl\u0131\u011f\u0131n\u0131n toplant\u0131y\u0131 terk etmesinin as\u0131l nedeni, referandumdan &#8216;evet&#8217; \u00e7\u0131kmas\u0131 halinde, hakim ve savc\u0131lar\u0131n kaderi adalet bakan\u0131n\u0131n iki duda\u011f\u0131 aras\u0131ndan \u00e7\u0131kacak talimatlar ile \u015fekillenecek olmas\u0131d\u0131r&#8221; dedi.<\/p>\n<p style=\"text-align: justify;\">Ertosun, &#8221;kararnamenin tamamlanamayan b\u00f6l\u00fcmlerinin, kurulun anayasal g\u00f6revlerini yapmas\u0131n\u0131 engellemek i\u00e7in anayasa ve yasa h\u00fck\u00fcmleri hi\u00e7e say\u0131l\u0131p \u00e7i\u011fnenerek geri \u00e7ekildi\u011fini, Adalet Bakanl\u0131\u011f\u0131n\u0131n toplant\u0131lar\u0131 terk etmeyi ayn\u0131 kas\u0131t ve kararl\u0131l\u0131kla ge\u00e7mi\u015ften beri s\u00fcrd\u00fcrd\u00fc\u011f\u00fcn\u00fc, kriz \u00e7\u0131kar\u0131larak da HSYK&#8217;n\u0131n y\u0131prat\u0131lmas\u0131 ve \u00e7al\u0131\u015famaz hale gelmesinin istendi\u011fini&#8221; iddia etti.<\/p>\n<p style=\"text-align: justify;\">Ertosun, bir soru \u00fczerine HSYK \u00fcyelerince halk oyuna sunulacak Anayasa de\u011fi\u015fikli\u011fine ili\u015fkin, hakim ve savc\u0131lara da\u011f\u0131t\u0131m\u0131 yap\u0131lan kitap\u00e7\u0131\u011f\u0131n toplam maliyetinin yakla\u015f\u0131k 7-8 bin TL oldu\u011funu ve da\u011f\u0131t\u0131m\u0131n\u0131n posta yoluyla yap\u0131ld\u0131\u011f\u0131n\u0131 s\u00f6yledi.<\/p>\n<p style=\"text-align: justify;\"><strong>&#8221;AVCI \u0130LE ARAMIZDA B\u0130RB\u0130R\u0130N\u0130 TEY\u0130T EDEN B\u0130R DURUM VAR&#8221;<\/strong><\/p>\n<p style=\"text-align: justify;\">Eski Eski\u015fehir Emniyet M\u00fcd\u00fcr\u00fc Hanefi Avc\u0131&#8217;n\u0131n kitab\u0131yla ilgili sorular\u0131 da yan\u0131tlayan Ertosun, kitab\u0131 okumad\u0131\u011f\u0131n\u0131, Avc\u0131&#8217;y\u0131 tan\u0131mad\u0131\u011f\u0131n\u0131 belirtti. Ertosun, &#8221;Avc\u0131&#8217;y\u0131 tan\u0131mam, ama bende d\u00fcr\u00fcst bir imaj b\u0131rakt\u0131. Yazd\u0131klar\u0131n\u0131n \u00fczerinde durulmas\u0131 gerekti\u011fini d\u00fc\u015f\u00fcn\u00fcyorum. Bizim eskiden bu yana s\u00f6ylediklerimizi yazd\u0131. Avc\u0131 ile aram\u0131zda \u00e7eli\u015fki de\u011fil, tam tersine birbirini teyit eden bir durum var&#8221; diye konu\u015ftu.<\/p>\n<p style=\"text-align: justify;\">Bir gazetecinin &#8221;atamalar\u0131n de\u011fi\u015fik kriterlerle yap\u0131ld\u0131\u011f\u0131&#8221; y\u00f6n\u00fcnde iddialar bulundu\u011funu an\u0131msatmas\u0131 \u00fczerine Ertosun, bu t\u00fcr iddialar\u0131n her zaman oldu\u011funu, fakat bunlar\u0131n ger\u00e7e\u011fi yans\u0131tmad\u0131\u011f\u0131n\u0131 savundu. Ertosun, &#8221;Bu kurumun kap\u0131s\u0131ndan girmeyen baz\u0131 arkada\u015flar Yarg\u0131tay \u00fcyesi olmu\u015ftur. Biz objektif kald\u0131\u011f\u0131m\u0131za inan\u0131yoruz. \u0130ddia sahiplerini iddialar\u0131n\u0131 kan\u0131tlamaya davet ediyorum&#8221; dedi.<\/p>\n<p style=\"text-align: justify;\">HSYK toplant\u0131lar\u0131nda baz\u0131 davalara ili\u015fkin soru\u015fturmalar\u0131 y\u00fcr\u00fcten savc\u0131 ve hakimlerin yerlerinin de\u011fi\u015ftirilmesi i\u00e7in \u00f6nerilerde bulunup bulunmad\u0131\u011f\u0131n\u0131n sorulmas\u0131 \u00fczerine de Ertosun, kamuoyuna yans\u0131t\u0131ld\u0131\u011f\u0131 gibi sadece baz\u0131 davalarla ilgili \u00f6nerilerde bulunmad\u0131klar\u0131n\u0131, bas\u0131nda yer alan her t\u00fcrl\u00fc davaya ili\u015fkin de \u00f6nerilerde bulunduklar\u0131n\u0131 anlatt\u0131.<\/p>\n<p style=\"text-align: justify;\">Kurul olarak hakim ve savc\u0131lar\u0131n hatalar\u0131n\u0131 d\u00fczeltmek, sorunlar\u0131n\u0131 \u00e7\u00f6zmek gibi bir g\u00f6revleri bulundu\u011funu an\u0131msatan Ertosun, kamuoyunu me\u015fgul eden davalarda T\u00fcrkiye&#8217;nin daha sonra Avrupa \u0130nsan Haklar\u0131 Mahkemesi&#8217;nde tazminat \u00f6demeye mahkum olma durumuyla kar\u015f\u0131 kar\u015f\u0131ya kalabilece\u011fini ve bu durumu engellemeye \u00e7al\u0131\u015ft\u0131klar\u0131n\u0131 ifade etti.<\/p>\n<p style=\"text-align: justify;\">HSYK&#8217;n\u0131n 1982 y\u0131l\u0131nda kuruldu\u011funu ve bug\u00fcne kadar sorunsuz bir \u015fekilde \u00e7al\u0131\u015fmalar\u0131n\u0131 s\u00fcrd\u00fcrd\u00fc\u011f\u00fcn\u00fc hat\u0131rlatan Ertosun, &#8221;Kurul, Anayasa&#8217;n\u0131n 15. maddesinde yaz\u0131l\u0131 yetkilerini kullanmak istedi\u011finde sorunlar ortaya \u00e7\u0131kt\u0131&#8221; diye konu\u015ftu.<\/p>\n<p style=\"text-align: justify;\"><strong>&#8221;HSYK, HAK\u0130M VE SAVCILARI KORUMAKLA G\u00d6REVL\u0130 B\u0130R MEKAN\u0130ZMA DE\u011e\u0130L&#8221;<\/strong><\/p>\n<p style=\"text-align: justify;\">Son d\u00f6nemlerde yarg\u0131 alan\u0131nda ya\u015fananlar\u0131n \u00fcniversitelerde doktora ve master tezleri olarak ara\u015ft\u0131r\u0131lmas\u0131 gerekti\u011fini belirten Ertosun, \u015f\u00f6yle konu\u015ftu:<\/p>\n<p style=\"text-align: justify;\">&#8221;Kurul&#8217;un giri\u015fimleriyle yarg\u0131ya dair baz\u0131 konularda iyile\u015ftirmeler oldu. Ancak baz\u0131 davalarda hukuk ihlal ediliyor, bunlarla biz ilgileniyoruz, ama bizim ilgilenmemiz yetmiyor \u00e7\u00fcnk\u00fc bize g\u00f6rev yapt\u0131rm\u0131yorlar. HSYK, hakim ve savc\u0131lar\u0131 korumakla g\u00f6revli bir mekanizma de\u011fil. HSYK, T\u00fcrk yarg\u0131s\u0131n\u0131n daha iyi \u00e7al\u0131\u015fmas\u0131n\u0131 hedefleyen bir kurul. Biz, meslekta\u015flar\u0131m\u0131za kar\u015f\u0131 daha ha\u015fin davran\u0131yoruz, adalet duygusunun zarar g\u00f6rmemesi i\u00e7in.<\/p>\n<p style=\"text-align: justify;\">Adalet Bakanl\u0131\u011f\u0131 M\u00fcste\u015far\u0131 hakk\u0131nda ge\u00e7en y\u0131l su\u00e7 duyurusunda bulunuldu, ancak Yarg\u0131tay&#8217;dan bize d\u00f6n\u00fc\u015f olmad\u0131. Gayriresmi edindi\u011fim bilgiye g\u00f6re, ba\u015fvurumuz Bakanl\u0131kta bekletilmekte. Bakan, M\u00fcste\u015far hakk\u0131nda yarg\u0131lama izni vermezse, durumu Kurul olarak de\u011ferlendiririz.&#8221;<\/p>\n<p style=\"text-align: justify;\">Ertosun, bir soru \u00fczerine de Ankara Cumhuriyet Ba\u015fsavc\u0131l\u0131\u011f\u0131na uzun zamand\u0131r atama yap\u0131lmamas\u0131n\u0131n sebebinin Kurul&#8217;un Dan\u0131\u015ftay ve Yarg\u0131tay&#8217;dan se\u00e7ilen \u00fcyeleri olmad\u0131\u011f\u0131n\u0131 belirtti. HSYK&#8217;n\u0131n tarihinde ilk defa adli tatilde \u00e7al\u0131\u015fma karar\u0131 ald\u0131\u011f\u0131na dikkati \u00e7eken Ertosun, Kurul toplant\u0131s\u0131nda &#8221;bunal\u0131m \u00e7\u0131kartan taraf\u0131n Adalet Bakan\u0131 ve M\u00fcste\u015far\u0131 oldu\u011funu&#8221; savundu.<\/p>\n<p style=\"text-align: justify;\">HSYK&#8217;n\u0131n se\u00e7ilmi\u015f \u00fcyelerinin \u00f6nerilerini kararname toplant\u0131lar\u0131n\u0131n ba\u015f\u0131nda veya \u00f6ncesinde vermesi halinde hi\u00e7bir kararnamenin tamamlanamayaca\u011f\u0131na ve atamalar\u0131n yap\u0131lamayaca\u011f\u0131na i\u015faret eden Ertosun, baz\u0131 mahkeme ba\u015fkanlar\u0131n\u0131n heyetlerine hakim \u00fcye takviyesi yap\u0131lmas\u0131 y\u00f6n\u00fcnde talepleri bulundu\u011funu ve bu konular\u0131n da Kurul toplant\u0131s\u0131nda g\u00fcndeme getirildi\u011fini an\u0131msatt\u0131.<\/p>\n<p style=\"text-align: justify;\">Ertosun, &#8221;Hakim ilavesi yap\u0131l\u0131rken neden mevcut hakimleri oradan almaya \u00e7al\u0131\u015ft\u0131n\u0131z, bu \u00e7eli\u015fki de\u011fil mi diye soruluyor. Bu \u00e7eli\u015fki de\u011fildir. Ald\u0131\u011f\u0131n\u0131z kadar hakim verirsiniz, \u00fczerine ilave yapars\u0131n\u0131z. B\u00fct\u00fcn hakim ya da savc\u0131lar elindeki dosyay\u0131 bitirmeden atama yap\u0131l\u0131yor, zaman\u0131 gelen elindeki dosyay\u0131 b\u0131rak\u0131p yeni yerinde g\u00f6revine ba\u015fl\u0131yor. Gidenin yerine gelen hakim ya da savc\u0131 oradaki dosyalara bakmaya devam ediyor&#8221; diye konu\u015ftu.<\/p>\n<p style=\"text-align: justify;\">Ba\u015fbakan Recep Tayyip Erdo\u011fan&#8217;\u0131n, d\u00fcn bir konu\u015fmas\u0131nda &#8221;dedelerin talimat verdi\u011fi d\u00f6nemler bitiyor&#8221; dedi\u011fi hat\u0131rlat\u0131larak, bu konuda de\u011ferlendirmesi istenen Ertosun, Ba\u015fbakan Erdo\u011fan&#8217;\u0131n bu s\u00f6zlerini &#8221;se\u00e7im atmosferinde s\u00f6ylenmi\u015f s\u00f6zler&#8221; olarak nitelendirdi.<\/p>\n<p style=\"text-align: justify;\"><strong>ADALET AKADEM\u0130S\u0130NDEN KURUL&#8217;A \u00dcYE SE\u00c7\u0130M\u0130<\/strong><\/p>\n<p style=\"text-align: justify;\">Halk oyuna sunulan Anayasa de\u011fi\u015fikli\u011fi paketiyle Adalet Akademisi&#8217;nin HSYK&#8217;ya \u00fcye se\u00e7ece\u011finin ve durumun Kurul&#8217;u nas\u0131l etkileyece\u011finin sorulmas\u0131 \u00fczerine Ertosun, kendisinin de Adalet Akademisi Ola\u011fan Genel Kurul \u00fcyesi oldu\u011funu s\u00f6yledi.<\/p>\n<p style=\"text-align: justify;\">HSYK \u00fcyesi olarak Adalet Akademisi Y\u00f6netim Kurulu&#8217;na aday oldu\u011funu ancak se\u00e7ilemedi\u011fini anlatan Ertosun, \u015f\u00f6yle devam etti:<\/p>\n<p style=\"text-align: justify;\">&#8221;Ma\u00e7a 13-0 geriden ba\u015fl\u0131yorsunuz. Se\u00e7imlere 29 \u00fcye girdi, orada Bakanl\u0131\u011f\u0131n iradesi d\u0131\u015f\u0131nda kimsenin se\u00e7im kazanmas\u0131 m\u00fcmk\u00fcn de\u011fil. B\u00f6yle bir akademiden nas\u0131l bir \u00fcye gelir. Bir Kurul \u00fcyesinin bile m\u00fclakat heyetine girmesi istenmiyor. M\u00fclakatlarla ilgili konu Dan\u0131\u015ftay&#8217;a kadar geldi, m\u00fclakatlara kamera konulmas\u0131 g\u00fcndeme geldi. Kamera koyal\u0131m, biz bunu savunuyoruz. S\u0131nav\u0131 Kurul yaps\u0131n diyoruz, olmaz diyorlar. Kurul&#8217;dan bir ki\u015finin s\u0131nav komisyonuna girmesini istiyoruz ona da olmaz diyorlar. Son y\u0131llarda al\u0131nan hakim ve savc\u0131lar, yak\u0131nda Kurul \u00fcyelerini se\u00e7ecekler. Bunlar hatal\u0131 i\u015flemdir. Akademide Bakanl\u0131\u011f\u0131n iradesi d\u0131\u015f\u0131nda Ola\u011fan Genel Kurul \u00fcyeli\u011fine kimse se\u00e7ilemez.<\/p>\n<p style=\"text-align: justify;\">Adalet ger\u00e7ekten \u00e7ok zor durumda. Adalet, yarg\u0131 savunma halinde. Bu kadar sald\u0131r\u0131lan bir yarg\u0131 nerede var? Yarg\u0131, g\u00f6z\u00fcm\u00fcz gibidir. Korunmas\u0131 gereken en \u00f6nemli organd\u0131r, ama bug\u00fcn yarg\u0131, ayaklar alt\u0131na al\u0131nmak isteniyor. Ama\u00e7 ne, neyi de\u011fi\u015ftirmek isteniyor? HSYK de\u011fi\u015fince b\u00fct\u00fcn sorunlar bitecek mi? HSYK&#8217;n\u0131n kararlar\u0131n\u0131n \u015feffaf olmas\u0131n\u0131, incelenmesini en fazla isteyen benim. Bug\u00fcne kadar Bakanl\u0131k, Kurul \u00fcyeleri ne yapm\u0131\u015f, her \u015fey ortaya \u00e7\u0131ks\u0131n. Kim hangi olayda nas\u0131l oy vermi\u015f, g\u00f6r\u00fcls\u00fcn.&#8221;<\/p>\n<p style=\"text-align: justify;\">Anayasa Mahkemesi&#8217;nin mevcut Anayasa \u00e7er\u00e7evesinde, anayasa de\u011fi\u015fikliklerine ili\u015fkin karar verdi\u011fini anlatan Ertosun, kitap\u00e7\u0131klar\u0131nda olmas\u0131 gerekenleri anlatt\u0131klar\u0131n\u0131, Kurul&#8217;un t\u00fcm disiplin kararlar\u0131n\u0131n da yarg\u0131 yoluna a\u00e7\u0131lmas\u0131 gerekti\u011fini ifade ettiklerini belirtti.<\/p>\n<p style=\"text-align: justify;\"><strong>&#8221;KURUL SE\u00c7\u0130MLER\u0130 S\u0130YAS\u0130 B\u0130R ARENAYA D\u00d6NECEKT\u0130R&#8221;<\/strong><\/p>\n<p style=\"text-align: justify;\">HSYK \u00fcyelerinin de HSYK&#8217;n\u0131n de\u011fi\u015ftirilmesinden yana olduklar\u0131n\u0131 kaydeden Ertosun, &#8221;Biz bu \u015fekilde de\u011fi\u015fsin istemiyoruz. T\u00fcrk halk\u0131n\u0131n ger\u00e7ek beklentilerine uygun bir Kurul haline getirelim istiyoruz. \u0130leriki y\u0131llarda Kurul se\u00e7imleri siyasi bir arenaya d\u00f6necektir. Bundan T\u00fcrk halk\u0131 \u00e7ok b\u00fcy\u00fck s\u0131k\u0131nt\u0131 \u00e7ekecektir ve k\u0131sa bir s\u00fcre sonra bunun tekrar de\u011fi\u015ftirilmesi g\u00fcndeme gelecektir&#8221; diye konu\u015ftu.<\/p>\n<p style=\"text-align: justify;\">Kendisine ve di\u011fer yarg\u0131 mensuplar\u0131na ait baz\u0131 davalar\u0131n san\u0131klar\u0131yla yapt\u0131klar\u0131 konu\u015fmalar ili\u015fkin ses kay\u0131tlar\u0131n\u0131n ve foto\u011fraflar\u0131n bas\u0131nda yer ald\u0131\u011f\u0131n\u0131n hat\u0131rlat\u0131lmas\u0131 \u00fczerine de Ertosun, &#8221;Bunlar\u0131 e\u011fer devlet yap\u0131yorsa ortada \u00e7ok vahim bir durum vard\u0131r ve bunlar\u0131n devletten ay\u0131klanmas\u0131 gerekir. Devlet de\u011fil, ba\u015fka g\u00fc\u00e7ler izliyorsa da bunlar\u0131n devlet taraf\u0131ndan ara\u015ft\u0131r\u0131lmas\u0131, ortaya \u00e7\u0131kart\u0131lmas\u0131 gerekir&#8221; dedi.<\/p>\n<p style=\"text-align: justify;\">Ertosun, bas\u0131n toplant\u0131s\u0131n\u0131 Roma Hukuku&#8217;nda &#8221;torba kanun&#8221; olarak nitelendirilen kavram\u0131 a\u00e7\u0131klayarak bitirdi. Birbiri ile ilgisi olmayan maddelerin bir arada oylanmas\u0131n\u0131n &#8221;torba kanun&#8221; oldu\u011funu anlatan Ertosun, Romal\u0131lar\u0131n buna &#8221;siyasi r\u00fc\u015fvet veya muaza&#8221; dediklerini ve Milattan \u00d6nce 98 y\u0131l\u0131nda bunu yasaklad\u0131klar\u0131n\u0131 ifade etti. Ertosun, &#8221;Bug\u00fcn ise 2108 y\u0131l sonra T\u00fcrk halk\u0131n\u0131n \u00f6n\u00fcne torba bir kanun getiriliyor, evet veya hay\u0131r denilmesi isteniyor. Biz bunun do\u011fru olmad\u0131\u011f\u0131n\u0131, kriterlere ayk\u0131r\u0131 oldu\u011funu s\u00f6yledik ve Romal\u0131lar\u0131n 2108 y\u0131l \u00f6nce yasaklad\u0131klar\u0131 bir uygulaman\u0131n do\u011fru olmad\u0131\u011f\u0131n\u0131 belirttik. Bug\u00fcn fak\u00fcltelerimizde Roma Hukuku kald\u0131r\u0131l\u0131yor&#8221; diye konu\u015ftu.(AA)<\/p>\n<p style=\"text-align: justify;\"><a href=\"http:\/\/www.gazeteport.com.tr\/GUNCEL\/NEWS\/GP_755735\" target=\"_blank\"><span style=\"color: #888888;\">Kaynak : GAZETEPORT<\/span><\/a><\/p>\n","protected":false},"excerpt":{"rendered":"<p style=\"text-align: center;\">\n<p style=\"text-align: justify;\">HSYK \u00dcyesi Ali Suat Ertosun, Adalet Bakan\u0131 Ergin&#8217;in korsan liste iddialar\u0131n\u0131 yalanlayarak, as\u0131l korsanl\u0131\u011f\u0131 kendisinin yapt\u0131\u011f\u0131n\u0131 s\u00f6yledi.<\/p>\n<p style=\"text-align: justify;\">ANKARA &#8211; Hakimler ve Savc\u0131lar Y\u00fcksek Kurulu (HSYK) \u00dcyesi Ali Suat Ertosun, &#8221;(Korsan) olarak nitelendirilebilecek bir davran\u0131\u015f varsa, bu korsanl\u0131k anayasal teminat alt\u0131ndaki HSYK \u00fcyelerinin anayasa ve kanunlar \u00e7er\u00e7evesinde g\u00f6r\u00fc\u015flerini toplant\u0131larda <\/p>\n","protected":false},"author":1,"featured_media":0,"comment_status":"open","ping_status":"closed","sticky":false,"template":"","format":"standard","meta":{"footnotes":""},"categories":[105],"tags":[],"class_list":["post-25271","post","type-post","status-publish","format-standard","hentry","category-gundem","odd"],"_links":{"self":[{"href":"http:\/\/www.korhanyilmaz.com\/index.php?rest_route=\/wp\/v2\/posts\/25271","targetHints":{"allow":["GET"]}}],"collection":[{"href":"http:\/\/www.korhanyilmaz.com\/index.php?rest_route=\/wp\/v2\/posts"}],"about":[{"href":"http:\/\/www.korhanyilmaz.com\/index.php?rest_route=\/wp\/v2\/types\/post"}],"author":[{"embeddable":true,"href":"http:\/\/www.korhanyilmaz.com\/index.php?rest_route=\/wp\/v2\/users\/1"}],"replies":[{"embeddable":true,"href":"http:\/\/www.korhanyilmaz.com\/index.php?rest_route=%2Fwp%2Fv2%2Fcomments&post=25271"}],"version-history":[{"count":0,"href":"http:\/\/www.korhanyilmaz.com\/index.php?rest_route=\/wp\/v2\/posts\/25271\/revisions"}],"wp:attachment":[{"href":"http:\/\/www.korhanyilmaz.com\/index.php?rest_route=%2Fwp%2Fv2%2Fmedia&parent=25271"}],"wp:term":[{"taxonomy":"category","embeddable":true,"href":"http:\/\/www.korhanyilmaz.com\/index.php?rest_route=%2Fwp%2Fv2%2Fcategories&post=25271"},{"taxonomy":"post_tag","embeddable":true,"href":"http:\/\/www.korhanyilmaz.com\/index.php?rest_route=%2Fwp%2Fv2%2Ftags&post=25271"}],"curies":[{"name":"wp","href":"https:\/\/api.w.org\/{rel}","templated":true}]}}