{"id":25263,"date":"2010-08-30T11:23:16","date_gmt":"2010-08-30T08:23:16","guid":{"rendered":"http:\/\/www.korhanyilmaz.com\/?p=25263"},"modified":"2010-08-30T11:23:16","modified_gmt":"2010-08-30T08:23:16","slug":"israil-ile-gizli-gorusmede-neler-konusuldu","status":"publish","type":"post","link":"http:\/\/www.korhanyilmaz.com\/?p=25263","title":{"rendered":"\u0130srail ile gizli g\u00f6r\u00fc\u015fmede neler konu\u015fuldu?"},"content":{"rendered":"<p style=\"text-align: center;\"><a href=\"http:\/\/www.korhanyilmaz.com\/wp-content\/uploads\/2010\/08\/0401.jpg\"  class=\"lightview\"><img loading=\"lazy\" decoding=\"async\" class=\"aligncenter size-full wp-image-25264\" src=\"http:\/\/www.korhanyilmaz.com\/wp-content\/uploads\/2010\/08\/0401.jpg\" alt=\"\" width=\"307\" height=\"236\" \/><\/a><\/p>\n<p style=\"text-align: justify;\">D\u0131\u015fi\u015fleri Bakan\u0131 Ahmet Davuto\u011flu, \u0130srail Sanayi Bakan\u0131 Ben Eliezer&#8217;le gizli Br\u00fcksel bulu\u015fmas\u0131nda ne konu\u015ftu? \u00d6nemli bir ayr\u0131nt\u0131, \u0130srail  gazetesi Yedioth Ahronoth&#8217;ta yer ald\u0131. Ad\u0131 a\u00e7\u0131klanmayan \u00fcst d\u00fczey bir T\u00fcrk diplomata g\u00f6re, iki bakan Mavi Marmara bask\u0131n\u0131 i\u00e7in bir \u00f6z\u00fcr kaleme ald\u0131. Ama o metin, \u0130srailli ba\u015fka bir bakan\u0131n vetosuna tak\u0131ld\u0131. <!--more--><\/p>\n<p style=\"text-align: justify;\">\u0130srail&#8217;in Mavi Marmara bask\u0131n\u0131, ortado\u011fu&#8217;da bir d\u00f6nemin m\u00fcttefikleri aras\u0131nda ba\u011flar\u0131 koparan hamle olmu\u015ftu.<\/p>\n<p style=\"text-align: justify;\">Bask\u0131n\u0131n \u00fczerinden 3 ay ge\u00e7ti, T\u00fcrkiye&#8217;nin taleplerinin bir b\u00f6l\u00fcm\u00fc kar\u015f\u0131land\u0131.<\/p>\n<p style=\"text-align: justify;\">Ama en \u00f6nemlileri hala masada. Kurbanlar\u0131n ailelerinden \u00f6z\u00fcr ve tazminat.<\/p>\n<p style=\"text-align: justify;\">\u0130srail&#8217;in en etkili gazetelerinden Yedioth Ahronoth&#8217;a g\u00f6re, bu iki ba\u015fl\u0131k konusunda da asl\u0131nda ilerleme sa\u011fland\u0131.<\/p>\n<p style=\"text-align: justify;\">D\u0131\u015fi\u015fleri Bakan\u0131 Ahmet Davuto\u011flu&#8217;yla \u0130srail Sanayi Bakan\u0131 Binyamin Ben Eliezer aras\u0131nda Br\u00fcksel&#8217;de yap\u0131lan gizli toplant\u0131da.<\/p>\n<p style=\"text-align: justify;\">Gazetenin \u00fcst d\u00fczey bir T\u00fcrk D\u0131\u015fi\u015fleri yetkilisine dayand\u0131rd\u0131\u011f\u0131 haberine g\u00f6re, iki bakan o toplant\u0131da bir \u00f6z\u00fcr metni haz\u0131rlad\u0131.<\/p>\n<p style=\"text-align: justify;\">Ama o metin, ba\u015fka bir \u0130srailli bakan\u0131n vetosuna tak\u0131ld\u0131.<\/p>\n<p style=\"text-align: justify;\">Ak\u0131llardaki soru, o bakan\u0131n, gizli g\u00f6r\u00fc\u015fmeyi tepkisiyle if\u015fa eden, \u0130srail D\u0131\u015fi\u015fleri Bakan\u0131 Avigdor Liebermann olup olmad\u0131\u011f\u0131.<\/p>\n<p style=\"text-align: justify;\">Yedioth Ahronoth&#8217;un haberinde ba\u015fka \u00f6nemli ayr\u0131nt\u0131lar da var.<\/p>\n<p style=\"text-align: justify;\">Yetkili, \u0130HH&#8217;n\u0131n gemiyi Gazze&#8217;den farkl\u0131 bir limana y\u00f6nlendirmek \u00fczere ikna edildi\u011fini s\u00f6yl\u00fcyor.<\/p>\n<p style=\"text-align: justify;\">Buna g\u00f6re gemi ya \u0130srail&#8217;in A\u015fdod Liman\u0131&#8217;na ya da M\u0131s\u0131r&#8217;\u0131n El Ari\u015f Liman\u0131&#8217;na gidecekti.<\/p>\n<p style=\"text-align: justify;\">Bundan \u0130srail de haberdar edildi. Ama bask\u0131n yine de yap\u0131ld\u0131.<\/p>\n<p style=\"text-align: justify;\">Ankara, hala \u00f6z\u00fcr ve tazminat bekliyor. Yedioth Ahronoth&#8217;a verilen r\u00f6portajda da o beklentinin alt\u0131 \u00e7iziliyor.<\/p>\n<p style=\"text-align: justify;\">Ama ayn\u0131 zamanda, \u0130srail kamuoyuna ilk defa, &#8220;ili\u015fkiler d\u00fczelebilir&#8221; mesaj\u0131 da verildi.<\/p>\n<p style=\"text-align: justify;\">T\u00fcrk diplomat T\u00fcrkiye&#8217;nin \u0130srail&#8217;i d\u00fc\u015fman olarak g\u00f6rmedi\u011fini vurgulad\u0131, &#8220;Amac\u0131m\u0131z \u0130srail ile ba\u011flar\u0131 koparmak olsayd\u0131, bunu daha \u00f6nce yapard\u0131k. \u0130li\u015fkileri onarmak i\u00e7in elimizden geleni yap\u0131yoruz&#8221; dedi.<\/p>\n<p style=\"text-align: justify;\">\u0130srail Ba\u015fbakan\u0131 Binyamin Netanyahu&#8217;nun T\u00fcrkiye ziyaretine de kap\u0131y\u0131 a\u00e7\u0131k b\u0131rakt\u0131, &#8220;Zaman\u0131 gelir ve kriz biterse, netanyahu \u00fclkemize gelebilir&#8221; dedi.<\/p>\n<p style=\"text-align: justify;\"><a href=\"http:\/\/www.cnnturk.com\/2010\/dunya\/08\/30\/israil.ile.gizli.gorusmede.neler.konusuldu\/588224.0\/index.html\" target=\"_blank\"><span style=\"color: #888888;\">CNN T\u00dcRK<\/span><\/a><\/p>\n","protected":false},"excerpt":{"rendered":"<p style=\"text-align: center;\">\n<p style=\"text-align: justify;\">D\u0131\u015fi\u015fleri Bakan\u0131 Ahmet Davuto\u011flu, \u0130srail Sanayi Bakan\u0131 Ben Eliezer&#8217;le gizli Br\u00fcksel bulu\u015fmas\u0131nda ne konu\u015ftu? \u00d6nemli bir ayr\u0131nt\u0131, \u0130srail gazetesi Yedioth Ahronoth&#8217;ta yer ald\u0131. Ad\u0131 a\u00e7\u0131klanmayan \u00fcst d\u00fczey bir T\u00fcrk diplomata g\u00f6re, iki bakan Mavi Marmara bask\u0131n\u0131 i\u00e7in bir \u00f6z\u00fcr kaleme ald\u0131. Ama o metin, \u0130srailli ba\u015fka bir bakan\u0131n vetosuna tak\u0131ld\u0131. <\/p>\n","protected":false},"author":1,"featured_media":0,"comment_status":"open","ping_status":"closed","sticky":false,"template":"","format":"standard","meta":{"footnotes":""},"categories":[105],"tags":[],"class_list":["post-25263","post","type-post","status-publish","format-standard","hentry","category-gundem","odd"],"_links":{"self":[{"href":"http:\/\/www.korhanyilmaz.com\/index.php?rest_route=\/wp\/v2\/posts\/25263","targetHints":{"allow":["GET"]}}],"collection":[{"href":"http:\/\/www.korhanyilmaz.com\/index.php?rest_route=\/wp\/v2\/posts"}],"about":[{"href":"http:\/\/www.korhanyilmaz.com\/index.php?rest_route=\/wp\/v2\/types\/post"}],"author":[{"embeddable":true,"href":"http:\/\/www.korhanyilmaz.com\/index.php?rest_route=\/wp\/v2\/users\/1"}],"replies":[{"embeddable":true,"href":"http:\/\/www.korhanyilmaz.com\/index.php?rest_route=%2Fwp%2Fv2%2Fcomments&post=25263"}],"version-history":[{"count":0,"href":"http:\/\/www.korhanyilmaz.com\/index.php?rest_route=\/wp\/v2\/posts\/25263\/revisions"}],"wp:attachment":[{"href":"http:\/\/www.korhanyilmaz.com\/index.php?rest_route=%2Fwp%2Fv2%2Fmedia&parent=25263"}],"wp:term":[{"taxonomy":"category","embeddable":true,"href":"http:\/\/www.korhanyilmaz.com\/index.php?rest_route=%2Fwp%2Fv2%2Fcategories&post=25263"},{"taxonomy":"post_tag","embeddable":true,"href":"http:\/\/www.korhanyilmaz.com\/index.php?rest_route=%2Fwp%2Fv2%2Ftags&post=25263"}],"curies":[{"name":"wp","href":"https:\/\/api.w.org\/{rel}","templated":true}]}}