{"id":25254,"date":"2010-08-30T11:39:58","date_gmt":"2010-08-30T08:39:58","guid":{"rendered":"http:\/\/www.korhanyilmaz.com\/?p=25254"},"modified":"2010-08-30T11:39:58","modified_gmt":"2010-08-30T08:39:58","slug":"yasadisi-dinleme-tsk-sorusturma-baslatti","status":"publish","type":"post","link":"http:\/\/www.korhanyilmaz.com\/?p=25254","title":{"rendered":"Yasad\u0131\u015f\u0131 dinleme: TSK soru\u015fturma ba\u015flatt\u0131"},"content":{"rendered":"<p><a href=\"http:\/\/www.korhanyilmaz.com\/wp-content\/uploads\/2010\/08\/0371.jpg\"  class=\"lightview\"><img loading=\"lazy\" decoding=\"async\" class=\"aligncenter size-full wp-image-25255\" src=\"http:\/\/www.korhanyilmaz.com\/wp-content\/uploads\/2010\/08\/0371.jpg\" alt=\"\" width=\"292\" height=\"224\" \/><\/a><\/p>\n<p style=\"text-align: justify;\">Genelkurmay  Ba\u015fkanl\u0131\u011f\u0131, b\u00f6l\u00fcc\u00fc ter\u00f6r \u00f6rg\u00fct\u00fcne y\u00f6nelik olarak temin edilen bir teknik cihaz\u0131n ba\u015fka maksatlarla da kullan\u0131ld\u0131\u011f\u0131 iddialar\u0131na ili\u015fkin idari soru\u015fturma ba\u015flatt\u0131. <!--more--><\/p>\n<p style=\"text-align: justify;\">Genelkurmay Ba\u015fkanl\u0131\u011f\u0131, ikinci ba\u015fkan Orgeneral Aslan G\u00fcner&#8217;in \u00fc\u00e7 y\u0131l \u00f6nce ter\u00f6r \u00f6rg\u00fct\u00fcn\u00fc dinlemek amac\u0131yla al\u0131nan cihazlarla 2 bin ki\u015fiyi dinletti\u011fi iddialar\u0131 ile ilgili soru\u015fturma ba\u015flatt\u0131.<\/p>\n<p style=\"text-align: justify;\">Taraf gazetesinde yay\u0131nlanan haberin ard\u0131ndan ba\u015flat\u0131lan idari soru\u015fturma Genelkurmay&#8217;\u0131n internet sitesi arac\u0131l\u0131\u011f\u0131yla duyuruldu.<\/p>\n<p style=\"text-align: justify;\">Genelkurmay Ba\u015fkanl\u0131\u011f\u0131&#8217;n\u0131n internet sitesinde yer alan bilgi notunda, &#8220;Bug\u00fcnk\u00fc bir gazetede b\u00f6l\u00fcc\u00fc ter\u00f6r \u00f6rg\u00fct\u00fcne y\u00f6nelik olarak temin edilen bir teknik cihaz\u0131n ba\u015fka maksatlarla da kullan\u0131ld\u0131\u011f\u0131 \u015feklinde bir haber yer alm\u0131\u015ft\u0131r. Konu ile ilgili idari soru\u015fturma ba\u015flat\u0131lm\u0131\u015ft\u0131r&#8221; denildi.<\/p>\n<p style=\"text-align: justify;\">Taraf gazetesindeki habere g\u00f6re, G\u00fcner, 3 y\u0131l \u00f6nce istihbarat ba\u015fkanl\u0131\u011f\u0131 g\u00f6revi s\u0131ras\u0131nda \u0130srail&#8217;den PKK&#8217;l\u0131lar\u0131n dinlenmesi amac\u0131yla bir sistem sat\u0131n ald\u0131.<\/p>\n<p style=\"text-align: justify;\">Ve iddiaya g\u00f6re, al\u0131nan bu sistemle aralar\u0131nda BDP milletvekilleri Sabahat Tuncer, S\u0131rr\u0131 Sak\u0131k, eski milletvekilleri LEyla Zana, Fikri Sa\u011flar, akademisyenler Do\u011fu Ergil, Bask\u0131n Oran gibi isimlerin bulundu\u011fu 2 bin ki\u015fi yasa d\u0131\u015f\u0131 dinlendi.<\/p>\n<p style=\"text-align: justify;\"><a href=\"http:\/\/www.cnnturk.com\/2010\/turkiye\/08\/30\/yasadisi.dinleme.tsk.sorusturma.baslatti\/588222.0\/index.html\" target=\"_blank\"><span style=\"color: #888888;\">CNN T\u00dcRK<\/span><\/a><\/p>\n","protected":false},"excerpt":{"rendered":"<\/p>\n<p style=\"text-align: justify;\">Genelkurmay Ba\u015fkanl\u0131\u011f\u0131, b\u00f6l\u00fcc\u00fc ter\u00f6r \u00f6rg\u00fct\u00fcne y\u00f6nelik olarak temin edilen bir teknik cihaz\u0131n ba\u015fka maksatlarla da kullan\u0131ld\u0131\u011f\u0131 iddialar\u0131na ili\u015fkin idari soru\u015fturma ba\u015flatt\u0131. <\/p>\n","protected":false},"author":1,"featured_media":0,"comment_status":"open","ping_status":"closed","sticky":false,"template":"","format":"standard","meta":{"footnotes":""},"categories":[105],"tags":[],"class_list":["post-25254","post","type-post","status-publish","format-standard","hentry","category-gundem","odd"],"_links":{"self":[{"href":"http:\/\/www.korhanyilmaz.com\/index.php?rest_route=\/wp\/v2\/posts\/25254","targetHints":{"allow":["GET"]}}],"collection":[{"href":"http:\/\/www.korhanyilmaz.com\/index.php?rest_route=\/wp\/v2\/posts"}],"about":[{"href":"http:\/\/www.korhanyilmaz.com\/index.php?rest_route=\/wp\/v2\/types\/post"}],"author":[{"embeddable":true,"href":"http:\/\/www.korhanyilmaz.com\/index.php?rest_route=\/wp\/v2\/users\/1"}],"replies":[{"embeddable":true,"href":"http:\/\/www.korhanyilmaz.com\/index.php?rest_route=%2Fwp%2Fv2%2Fcomments&post=25254"}],"version-history":[{"count":0,"href":"http:\/\/www.korhanyilmaz.com\/index.php?rest_route=\/wp\/v2\/posts\/25254\/revisions"}],"wp:attachment":[{"href":"http:\/\/www.korhanyilmaz.com\/index.php?rest_route=%2Fwp%2Fv2%2Fmedia&parent=25254"}],"wp:term":[{"taxonomy":"category","embeddable":true,"href":"http:\/\/www.korhanyilmaz.com\/index.php?rest_route=%2Fwp%2Fv2%2Fcategories&post=25254"},{"taxonomy":"post_tag","embeddable":true,"href":"http:\/\/www.korhanyilmaz.com\/index.php?rest_route=%2Fwp%2Fv2%2Ftags&post=25254"}],"curies":[{"name":"wp","href":"https:\/\/api.w.org\/{rel}","templated":true}]}}