{"id":25251,"date":"2010-08-30T22:13:32","date_gmt":"2010-08-30T19:13:32","guid":{"rendered":"http:\/\/www.korhanyilmaz.com\/?p=25251"},"modified":"2011-07-30T10:24:25","modified_gmt":"2011-07-30T07:24:25","slug":"30-agustos-coskusu","status":"publish","type":"post","link":"http:\/\/www.korhanyilmaz.com\/?p=25251","title":{"rendered":"30 A\u011fustos co\u015fkusu&#8230;"},"content":{"rendered":"<p style=\"text-align: center;\"><a href=\"http:\/\/www.korhanyilmaz.com\/wp-content\/uploads\/2010\/08\/2131.jpg\"  class=\"lightview\"><img loading=\"lazy\" decoding=\"async\" class=\"aligncenter size-full wp-image-37465\" src=\"http:\/\/www.korhanyilmaz.com\/wp-content\/uploads\/2010\/08\/2131.jpg\" alt=\"\" width=\"462\" height=\"248\" \/><\/a><\/p>\n<p style=\"text-align: justify;\">30 A\u011fustos Zafer Bayram\u0131&#8217;n\u0131n 88&#8217;inci y\u0131ld\u00f6n\u00fcm\u00fc kutlamalar\u0131nda, Ankara&#8217;da ilk durak An\u0131tkabir&#8217;di. Orgeneral I\u015f\u0131k Ko\u015faner ilk kez Genelkurmay Ba\u015fkan\u0131 olarak t\u00f6rene kat\u0131ld\u0131&#8230;<\/p>\n<p style=\"text-align: justify;\">B\u00fcy\u00fck Zafer&#8217;in \u00fczerinden tam 88 y\u0131l ge\u00e7ti. Ve her y\u0131l oldugu gibi 30 A\u011fustos t\u00fcm yurtta yine t\u00f6renlerle kutlan\u0131yor.<!--more--><\/p>\n<p style=\"text-align: justify;\"><strong><span style=\"background-color: #ffcc99;\">ANKARA<\/span><\/strong><\/p>\n<p style=\"text-align: justify;\"><strong>An\u0131tkabir&#8217;e ziyaret<\/strong><\/p>\n<p style=\"text-align: justify;\">\u0130lk t\u00f6ren saat 08.45 te Genelkurmay Ba\u015fkan\u0131 Orgeneral I\u015f\u0131k Ko\u015faner&#8217;in ba\u015fkanl\u0131\u011f\u0131ndaki heyetin, An\u0131tkabir&#8217;i ziyaret etmesiyle ba\u015flad\u0131.<\/p>\n<p style=\"text-align: justify;\">T\u00f6ren, Genelkurmay Ba\u015fkan\u0131 Orgeneral I\u015f\u0131k Ko\u015faner, Kara Kuvvetleri Komutan\u0131 Orgeneral Erdal Ceylano\u011flu, Deniz Kuvvetleri Komutan\u0131 Oramiral E\u015fref U\u011fur Yi\u011fit, Hava Kuvvetleri Komutan\u0131 Orgeneral Hasan Aksay, Jandarma Genel Komutan\u0131 Orgeneral Necdet \u00d6zel, Genelkurmay \u0130kinci Ba\u015fkan\u0131 Orgeneral Aslan G\u00fcner, Kara Kuvvetleri E\u011fitim ve Doktrin Komutan\u0131 Orgeneral Sald\u0131ray Berk, Kara Kuvvetleri Kurmay Ba\u015fkan\u0131 Orgeneral Bekir Kalyoncu ve di\u011fer askeri erkan\u0131n Aslanl\u0131 Yol&#8217;dan y\u00fcr\u00fcy\u00fc\u015f\u00fcyle ba\u015flad\u0131.<\/p>\n<p style=\"text-align: justify;\">Orgeneral Ko\u015faner, Atat\u00fcrk&#8217;\u00fcn mozolesine, \u00fczerinde &#8220;T\u00fcrk Silahl\u0131 Kuvvetleri&#8221; yaz\u0131l\u0131 k\u0131rm\u0131z\u0131 ve beyaz karanfillerden olu\u015fan \u00e7elenk koydu. Sayg\u0131 duru\u015funda bulunulmas\u0131n\u0131n ard\u0131ndan \u0130stiklal Mar\u015f\u0131 okundu.<\/p>\n<p style=\"text-align: justify;\">Orgeneral Ko\u015faner ile T\u00fcrk Silahl\u0131 Kuvvetleri&#8217;nin yeni komuta kademesi An\u0131tkabir merdivenlerinde hat\u0131ra foto\u011fraf\u0131 \u00e7ektirdi.<\/p>\n<p style=\"text-align: justify;\">Daha sonra Misak-\u0131 Milli kulesine ge\u00e7en Orgeneral Ko\u015faner, An\u0131tkabir \u00d6zel Defteri&#8217;ni imzalad\u0131. Ko\u015faner, daha sonra deftere yazd\u0131\u011f\u0131 metni y\u00fcksek sesle okudu. Orgeneral Ko\u015faner metinde \u015funlar\u0131 kaydetti:<\/p>\n<p style=\"text-align: justify;\">&#8220;B\u00fcy\u00fck \u00d6nder, Ebedi Ba\u015fkomutan, Y\u00fcce Atat\u00fcrk; Ulusumuzun ba\u011f\u0131ms\u0131zl\u0131k \u00fclk\u00fcs\u00fc etraf\u0131nda toplay\u0131p kazand\u0131\u011f\u0131n b\u00fcy\u00fck zaferin 88. y\u0131l d\u00f6n\u00fcm\u00fcn\u00fc kutlaman\u0131n co\u015fkusunu ya\u015f\u0131yoruz. Kazan\u0131lan bu b\u00fcy\u00fck zafer, T\u00fcrk tarihi i\u00e7in bir d\u00f6n\u00fcm noktas\u0131 olmas\u0131 bak\u0131m\u0131ndan ta\u015f\u0131d\u0131\u011f\u0131 de\u011ferin yan\u0131nda ulusumuzun sonsuza kadar birlik ve b\u00fct\u00fcnl\u00fck i\u00e7inde, \u00e7a\u011fda\u015f uygarl\u0131klar aras\u0131nda yerini almas\u0131n\u0131n teminat\u0131 olan Cumhuriyete kavu\u015fman\u0131n yolunu da a\u00e7m\u0131\u015ft\u0131r.<\/p>\n<p style=\"text-align: justify;\"><a href=\"http:\/\/www.korhanyilmaz.com\/wp-content\/uploads\/2010\/08\/2129.jpg\"  class=\"lightview\"><img loading=\"lazy\" decoding=\"async\" class=\"aligncenter size-full wp-image-37463\" src=\"http:\/\/www.korhanyilmaz.com\/wp-content\/uploads\/2010\/08\/2129.jpg\" alt=\"\" width=\"406\" height=\"196\" \/><\/a><\/p>\n<p style=\"text-align: justify;\">G\u00fcn\u00fcm\u00fcz muharebelerinin gerektirdi\u011fi \u00e7a\u011fda\u015f teknoloji \u00fcr\u00fcn\u00fc harp silah ara\u00e7lar\u0131, \u00fcst\u00fcn e\u011fitim ve bilgi birikimine sahip kahraman personeli ile T\u00fcrk Silahl\u0131 Kuvvetleri, g\u00fcc\u00fcn\u00fc ald\u0131\u011f\u0131 y\u00fcce T\u00fcrk milletinin gurur kayna\u011f\u0131 olmaya devam edecektir.<\/p>\n<p style=\"text-align: justify;\">Y\u00fcce Atat\u00fcrk; sars\u0131lmaz bir kararl\u0131l\u0131kla ba\u011fl\u0131 oldu\u011fumuz Atat\u00fcrk\u00e7\u00fc d\u00fc\u015f\u00fcnce sisteminin ulusumuz i\u00e7in ta\u015f\u0131d\u0131\u011f\u0131 \u00f6nemin fark\u0131nda olarak aziz hat\u0131ran \u00f6n\u00fcnde sayg\u0131yla e\u011filiyoruz. Ruhun \u015fad olsun.&#8221;<\/p>\n<p style=\"text-align: justify;\"><strong>Resmi ge\u00e7it t\u00f6reni<\/strong><\/p>\n<p style=\"text-align: justify;\">30 A\u011fustos Zafer Bayram\u0131 ve T\u00fcrk Silahl\u0131 Kuvvetleri G\u00fcn\u00fc dolay\u0131s\u0131yla, Atat\u00fcrk K\u00fclt\u00fcr Merkezi (AKM) t\u00f6ren alan\u0131nda da resmi ge\u00e7it t\u00f6reni d\u00fczenlendi.<\/p>\n<p style=\"text-align: justify;\">T\u00f6rene, TBMM Ba\u015fkan\u0131 Mehmet Ali \u015eahin, Genelkurmay Ba\u015fkan\u0131 Orgeneral I\u015f\u0131k Ko\u015faner, CHP Genel Ba\u015fkan\u0131 Kemal K\u0131l\u0131\u00e7daro\u011flu, Anayasa Mahkemesi Ba\u015fkan\u0131 Ha\u015fim K\u0131l\u0131\u00e7, Yarg\u0131tay Ba\u015fkan\u0131 Hasan Ger\u00e7eker, Dan\u0131\u015ftay Ba\u015fkan\u0131 Mustafa Birden, Devlet Bakan\u0131 ve Ba\u015fbakan Yard\u0131mc\u0131lar\u0131 Cemil \u00c7i\u00e7ek ile B\u00fclent Ar\u0131n\u00e7, Devlet Bakan\u0131 Egemen Ba\u011f\u0131\u015f, D\u0131\u015fi\u015fleri Bakan\u0131 Ahmet Davuto\u011flu, Milli Savunma Bakan\u0131 Vecdi G\u00f6n\u00fcl, Kara Kuvvetleri Komutan\u0131 Orgeneral Erdal Ceylano\u011flu, Deniz Kuvvetleri Komutan\u0131 Oramiral E\u015fref U\u011fur Yi\u011fit, Hava Kuvvetleri Komutan\u0131 Orgeneral Hasan Aksay, Jandarma Genel Komutan\u0131 Orgeneral Necdet \u00d6zel ve di\u011fer yetkililer kat\u0131ld\u0131.<\/p>\n<p style=\"text-align: justify;\">T\u00f6reni, ayr\u0131ca yabanc\u0131 misyon \u015fefleri, subay ve astsubaylar ile \u00e7ok say\u0131da vatanda\u015f izledi.<\/p>\n<p style=\"text-align: justify;\"><a href=\"http:\/\/www.korhanyilmaz.com\/wp-content\/uploads\/2010\/08\/2130.jpg\"  class=\"lightview\"><img loading=\"lazy\" decoding=\"async\" class=\"aligncenter size-full wp-image-37464\" src=\"http:\/\/www.korhanyilmaz.com\/wp-content\/uploads\/2010\/08\/2130.jpg\" alt=\"\" width=\"464\" height=\"224\" \/><\/a><\/p>\n<p style=\"text-align: justify;\"><strong>TSK para\u015f\u00fct timinin g\u00f6sterisi<\/strong><\/p>\n<p style=\"text-align: justify;\">Ge\u00e7it t\u00f6reni, TSK Armoni M\u0131z\u0131kas\u0131 ve sancaklar ile Onur K\u0131tas\u0131&#8217;n\u0131n pisti bo\u015faltmas\u0131 ve bu s\u0131rada Hava Kuvvetleri Komutanl\u0131\u011f\u0131 ile Genelkurmay Ba\u015fkanl\u0131\u011f\u0131 \u00d6zel Kuvvetler Komutanl\u0131\u011f\u0131&#8217;na mensup subay ve astsubaylardan olu\u015fan TSK Para\u015f\u00fct Timi&#8217;nin 3 bin metreden yapt\u0131\u011f\u0131 atlay\u0131\u015fla ba\u015flad\u0131.<\/p>\n<p style=\"text-align: justify;\">Para\u015f\u00fct\u00e7\u00fcler atlay\u0131\u015flar\u0131nda T\u00fcrk Bayra\u011f\u0131, Atat\u00fcrk posteri ile kuvvet komutanl\u0131klar\u0131n\u0131n flamalar\u0131n\u0131 ta\u015f\u0131d\u0131. Atlay\u0131\u015flar\u0131n tamamlanmas\u0131n\u0131n ard\u0131ndan para\u015f\u00fct\u00e7\u00fcler, T\u00fcrk Bayra\u011f\u0131 ile Atat\u00fcrk posterini \u015feref trib\u00fcn\u00fcn\u00fcn \u00f6n\u00fcne gelerek a\u00e7t\u0131.<\/p>\n<p style=\"text-align: justify;\">T\u00f6ren, TSK Armoni M\u0131z\u0131kas\u0131 ve karma bandonun ge\u00e7i\u015f i\u00e7in pistte yerini almas\u0131yla devam etti.<\/p>\n<p style=\"text-align: justify;\">Bandonun hemen ard\u0131ndan T\u00f6ren K\u0131ta Komutan\u0131 ve karargah askerleri, gaziler ile kuvvet komutanl\u0131klar\u0131 ve Jandarma Genel Komutanl\u0131\u011f\u0131&#8217;n\u0131n olu\u015fturdu\u011fu Silahl\u0131 Kuvvetler Onur Taburu, \u015feref trib\u00fcn\u00fc \u00f6n\u00fcnden resmi ge\u00e7i\u015f yapt\u0131. Poster Grubu sancaklar\u0131, Atat\u00fcrk&#8217;\u00fcn posterini ta\u015f\u0131d\u0131.<\/p>\n<p style=\"text-align: justify;\">Ge\u00e7it resmi, Kara Harp Okulu Boru Trompet Tak\u0131m\u0131 ile Kara, Deniz, Hava Harp okullar\u0131 \u00f6\u011frenci taburlar\u0131n\u0131n ge\u00e7i\u015fiyle devam etti.<\/p>\n<p style=\"text-align: justify;\">T\u00f6rende, Cumhurba\u015fkanl\u0131\u011f\u0131 Muhaf\u0131z Alay\u0131 ve Bar\u0131\u015f G\u00fcc\u00fc askerlerinin olu\u015fturdu\u011fu taburu, Kurtulu\u015f Sava\u015f\u0131, Kore Sava\u015f\u0131 ve K\u0131br\u0131s Bar\u0131\u015f Harekat\u0131 gazilerini temsil eden askerlerin yer ald\u0131\u011f\u0131 &#8220;Tarihi B\u00f6l\u00fck&#8221;\u00fcn ge\u00e7i\u015fi izledi.<\/p>\n<p style=\"text-align: justify;\">Cumhurba\u015fkan\u0131 G\u00fcl ile Genelkurmay Ba\u015fkan\u0131 Ko\u015faner, sancaklar\u0131n T\u00fcrk bayra\u011f\u0131 ge\u00e7i\u015fini ayakta izledi.<\/p>\n<p style=\"text-align: justify;\">Atl\u0131 T\u00f6ren K\u0131tas\u0131&#8217;n\u0131n ge\u00e7i\u015fi ile devam eden ge\u00e7it t\u00f6reni, Genelkurmay Askeri Tarih ve Stratejik Et\u00fct Ba\u015fkanl\u0131\u011f\u0131na ba\u011fl\u0131 Mehteran B\u00f6l\u00fc\u011f\u00fcn\u00fcn ge\u00e7i\u015fiyle s\u00fcrd\u00fc. Mehteran B\u00f6l\u00fc\u011f\u00fc, izleyicilerden b\u00fcy\u00fck alk\u0131\u015f ald\u0131.<\/p>\n<p style=\"text-align: justify;\"><strong>Helikopter ve u\u00e7ak g\u00f6sterileri<\/strong><\/p>\n<p style=\"text-align: justify;\">T\u00f6rende, Genelkurmay Ba\u015fkanl\u0131\u011f\u0131 \u00d6zel Kuvvetler Komutanl\u0131\u011f\u0131na ba\u011fl\u0131 Do\u011fal Afet Arama Kurtarma Birli\u011fi ile Jandarma Komutanl\u0131\u011f\u0131 Operasyon ve Arama Kurtarma Taburu da ge\u00e7i\u015f yapt\u0131. Bu s\u0131rada, \u00d6zel Kuvvetler Komutanl\u0131\u011f\u0131na ait helikopterler de e\u015f zamanl\u0131 olarak Hipodrom \u00fczerinde u\u00e7tu.<\/p>\n<p style=\"text-align: justify;\">T\u00f6ren, Top\u00e7u Taburu ile Tank Taburu G\u00f6rev Kuvveti ve Mekanize Piyade B\u00f6l\u00fc\u011f\u00fcn\u00fcn ge\u00e7i\u015fleriyle devam ederken, Kara Kuvvetleri Komutanl\u0131\u011f\u0131na ba\u011fl\u0131 helikopterlerle T\u00fcrk Hava Kuvvetlerine ba\u011fl\u0131 F-16 ve F-4 u\u00e7aklar\u0131 g\u00f6steri u\u00e7u\u015fu yapt\u0131.<\/p>\n<p style=\"text-align: justify;\"><strong>T\u00fcrk y\u0131ld\u0131zlar\u0131<\/strong><\/p>\n<p style=\"text-align: justify;\">Resmi ge\u00e7it, devlet erkan\u0131 ve vatanda\u015flar taraf\u0131ndan be\u011feniyle izlenen T\u00fcrk Hava Kuvvetleri Akrobasi Timi &#8220;T\u00fcrk Y\u0131ld\u0131zlar\u0131&#8221;n\u0131n g\u00f6sterisiyle sona erdi.<\/p>\n<p style=\"text-align: justify;\">Yurt i\u00e7i ve yurt d\u0131\u015f\u0131 g\u00f6sterilerinde ba\u015far\u0131s\u0131n\u0131 kan\u0131tlayan T\u00fcrk Y\u0131ld\u0131zlar\u0131, 8 u\u00e7akla g\u00f6steri yapt\u0131.<\/p>\n<p style=\"text-align: justify;\">T\u00fcrk Y\u0131ld\u0131zlar\u0131&#8217;n\u0131n g\u00f6sterileri, \u015eeref Trib\u00fcn\u00fc ve vatanda\u015flarca uzun s\u00fcre alk\u0131\u015fland\u0131.<\/p>\n<p style=\"text-align: justify;\">Bu arada T\u00fcrkiye&#8217;de \u00fcretilen al\u00e7ak irtifa hava savunma sistemi tan\u0131t\u0131larak, ge\u00e7i\u015fte yerini ald\u0131.<\/p>\n<p style=\"text-align: justify;\"><strong><span style=\"background-color: #ffcc99;\">\u0130STANBUL<\/span><\/strong><\/p>\n<p style=\"text-align: justify;\">\u00a030 A\u011fustos Zafer Bayram\u0131 ve T\u00fcrk Silahl\u0131 Kuvvetleri G\u00fcn\u00fc dolay\u0131s\u0131yla, Taksim Cumhuriyet An\u0131t\u0131&#8217;nda t\u00f6ren d\u00fczenlendi.<\/p>\n<p style=\"text-align: justify;\">T\u00f6ren, \u0130stanbul Valisi H\u00fcseyin Avni Mutlu, 1. Ordu Komutan\u0131 Orgeneral Hayri K\u0131vr\u0131ko\u011flu, B\u00fcy\u00fck\u015fehir Belediye Ba\u015fkan\u0131 Kadir Topba\u015f, \u00fcniversiteler, siyasi partiler, yarg\u0131 organlar\u0131 ve \u00e7e\u015fitli sivil toplum \u00f6rg\u00fctlerinin Taksim Cumhuriyet An\u0131t\u0131&#8217;na \u00e7elenk koymalar\u0131yla ba\u015flad\u0131.<\/p>\n<p style=\"text-align: justify;\">Sayg\u0131 duru\u015fu ve \u0130stiklal Mar\u015f\u0131&#8217;n\u0131n okunmas\u0131n\u0131n ard\u0131ndan, 1. Ordu Komutan\u0131 Orgeneral K\u0131vr\u0131ko\u011flu, An\u0131t \u015eeref Defteri&#8217;ne \u015funlar\u0131 yazd\u0131:<\/p>\n<p style=\"text-align: justify;\">&#8220;Huzurunda olman\u0131n gurur ve heyecan\u0131n ya\u015f\u0131yoruz. Silah arkada\u015flar\u0131n\u0131zla birlikte kurarak, bizlere emanet etti\u011finiz laik, demokratik T\u00fcrkiye Cumhuriyeti&#8217;ni, sonsuza kadar ya\u015fatma azim ve kararl\u0131l\u0131\u011f\u0131 ile ilke ve devrimlerinizin yol g\u00f6stermesiyle, g\u00f6revimizin ba\u015f\u0131nda olman\u0131n mutlulu\u011funu ya\u015f\u0131yoruz. T\u00fcrkiye Cumhuriyeti ve T\u00fcrk ulusunun hizmetinde g\u00f6rev yapmakta olan T\u00fcrk Silahl\u0131 Kuvvetleri olarak, huzurunda sayg\u0131 ile e\u011filiyor, \u015fehitlerimizi rahmetle, gazilerimizi sayg\u0131 ve h\u00fcrmetle an\u0131yoruz. Ruhun \u015fad olsun.&#8221;<\/p>\n<p style=\"text-align: justify;\">Taksim Cumhuriyet An\u0131t\u0131&#8217;ndaki t\u00f6renin ard\u0131ndan, 1. Ordu Komutan\u0131 Orgeneral Hayri K\u0131vr\u0131ko\u011flu, Harbiye Orduevi&#8217;nde tebrikleri kabul etti.<\/p>\n<p style=\"text-align: justify;\">\u0130stanbul Valisi H\u00fcseyin Avni Mutlu, B\u00fcy\u00fck\u015fehir Belediye Ba\u015fkan\u0131 Kadir Topba\u015f ve \u00f6teki ilgililerin kat\u0131ld\u0131\u011f\u0131 t\u00f6ren, bas\u0131na kapal\u0131 olarak ger\u00e7ekle\u015ftirildi.<\/p>\n<p style=\"text-align: justify;\">T\u00f6ren dolay\u0131s\u0131yla Vatan Caddesi&#8217;nde de resmi ge\u00e7it t\u00f6reni yap\u0131ld\u0131.<\/p>\n<p style=\"text-align: center;\"><a href=\"http:\/\/www.korhanyilmaz.com\/wp-content\/uploads\/2010\/08\/2132.jpg\"  class=\"lightview\"><img loading=\"lazy\" decoding=\"async\" class=\"aligncenter size-full wp-image-37466\" src=\"http:\/\/www.korhanyilmaz.com\/wp-content\/uploads\/2010\/08\/2132.jpg\" alt=\"\" width=\"464\" height=\"224\" \/><\/a><\/p>\n<p style=\"text-align: justify;\"><span style=\"background-color: #ffcc99;\"><strong>\u0130ZM\u0130R<\/strong><\/span><\/p>\n<p style=\"text-align: justify;\">30 A\u011fustos Zafer Bayram\u0131 dolay\u0131s\u0131yla \u0130zmir Cumhuriyet Meydan\u0131&#8217;nda da bir t\u00f6ren d\u00fczenlendi.<\/p>\n<p style=\"text-align: justify;\">T\u00f6ren, \u0130zmir Valisi Cahit K\u0131ra\u00e7, Ege Ordusu ve Garnizon Komutan\u0131 Orgeneral Nusret Ta\u015fdeler, B\u00fcy\u00fck\u015fehir Belediye Ba\u015fkan\u0131 Aziz Kocao\u011flu, \u0130zmir Cumhuriyet Savc\u0131l\u0131\u011f\u0131, \u00fcniversiteler, siyasi partiler ve \u00e7e\u015fitli sivil toplum \u00f6rg\u00fctlerinin Atat\u00fcrk An\u0131t\u0131&#8217;na \u00e7elenk koymas\u0131yla ba\u015flad\u0131.<\/p>\n<p style=\"text-align: justify;\">Sayg\u0131 duru\u015funda bulunulmas\u0131 ve \u0130stiklal Mar\u015f\u0131&#8217;n\u0131n okunmas\u0131n\u0131n ard\u0131ndan Ege Ordusu ve Garnizon Komutan\u0131 Orgeneral Ta\u015fdeler, An\u0131t \u015eeref Defteri&#8217;ni imzalad\u0131.<\/p>\n<p style=\"text-align: justify;\">Ta\u015fdeler, &#8220;G\u00f6nl\u00fcm\u00fcz, sana ba\u011fl\u0131l\u0131k duygular\u0131yla dolu olarak, en b\u00fcy\u00fck eserin olan T\u00fcrkiye Cumhuriyeti&#8217;ni t\u00fcm tehditlere kar\u015f\u0131 koruma, ilke ve devrimlerinin ayd\u0131nlatt\u0131\u011f\u0131 yolda y\u00fckseltmektir&#8221; dedi.<\/p>\n<p style=\"text-align: justify;\">Daha sonra Orgeneral Ta\u015fdeler, Kordon Subay Orduevi&#8217;nde kutlamalar\u0131 kabul etti. Bas\u0131n mensuplar\u0131 t\u00f6renin bu b\u00f6l\u00fcm\u00fcne al\u0131nmad\u0131.<\/p>\n<p style=\"text-align: justify;\"><a href=\"http:\/\/www.cnnturk.com\/2010\/turkiye\/08\/30\/30.agustos.coskusu\/588206.0\/index.html\" target=\"_blank\">Kaynak : CNN T\u00dcRK<\/a><\/p>\n","protected":false},"excerpt":{"rendered":"<p style=\"text-align: center;\">\n<p style=\"text-align: justify;\">30 A\u011fustos Zafer Bayram\u0131&#8217;n\u0131n 88&#8217;inci y\u0131ld\u00f6n\u00fcm\u00fc kutlamalar\u0131nda, Ankara&#8217;da ilk durak An\u0131tkabir&#8217;di. Orgeneral I\u015f\u0131k Ko\u015faner ilk kez Genelkurmay Ba\u015fkan\u0131 olarak t\u00f6rene kat\u0131ld\u0131&#8230;<\/p>\n<p style=\"text-align: justify;\">B\u00fcy\u00fck Zafer&#8217;in \u00fczerinden tam 88 y\u0131l ge\u00e7ti. Ve her y\u0131l oldugu gibi 30 A\u011fustos t\u00fcm yurtta yine t\u00f6renlerle kutlan\u0131yor.<\/p>\n","protected":false},"author":1,"featured_media":0,"comment_status":"open","ping_status":"closed","sticky":false,"template":"","format":"standard","meta":{"footnotes":""},"categories":[105],"tags":[],"class_list":["post-25251","post","type-post","status-publish","format-standard","hentry","category-gundem","odd"],"_links":{"self":[{"href":"http:\/\/www.korhanyilmaz.com\/index.php?rest_route=\/wp\/v2\/posts\/25251","targetHints":{"allow":["GET"]}}],"collection":[{"href":"http:\/\/www.korhanyilmaz.com\/index.php?rest_route=\/wp\/v2\/posts"}],"about":[{"href":"http:\/\/www.korhanyilmaz.com\/index.php?rest_route=\/wp\/v2\/types\/post"}],"author":[{"embeddable":true,"href":"http:\/\/www.korhanyilmaz.com\/index.php?rest_route=\/wp\/v2\/users\/1"}],"replies":[{"embeddable":true,"href":"http:\/\/www.korhanyilmaz.com\/index.php?rest_route=%2Fwp%2Fv2%2Fcomments&post=25251"}],"version-history":[{"count":0,"href":"http:\/\/www.korhanyilmaz.com\/index.php?rest_route=\/wp\/v2\/posts\/25251\/revisions"}],"wp:attachment":[{"href":"http:\/\/www.korhanyilmaz.com\/index.php?rest_route=%2Fwp%2Fv2%2Fmedia&parent=25251"}],"wp:term":[{"taxonomy":"category","embeddable":true,"href":"http:\/\/www.korhanyilmaz.com\/index.php?rest_route=%2Fwp%2Fv2%2Fcategories&post=25251"},{"taxonomy":"post_tag","embeddable":true,"href":"http:\/\/www.korhanyilmaz.com\/index.php?rest_route=%2Fwp%2Fv2%2Ftags&post=25251"}],"curies":[{"name":"wp","href":"https:\/\/api.w.org\/{rel}","templated":true}]}}