{"id":25248,"date":"2010-08-29T19:34:35","date_gmt":"2010-08-29T16:34:35","guid":{"rendered":"http:\/\/www.korhanyilmaz.com\/?p=25248"},"modified":"2010-08-29T19:34:35","modified_gmt":"2010-08-29T16:34:35","slug":"erdogan-aftan-vurmaya-devam-ediyor","status":"publish","type":"post","link":"http:\/\/www.korhanyilmaz.com\/?p=25248","title":{"rendered":"Erdo\u011fan, aftan vurmaya devam ediyor!"},"content":{"rendered":"<p style=\"text-align: justify;\"><a href=\"http:\/\/www.korhanyilmaz.com\/wp-content\/uploads\/2010\/08\/0351.jpg\"  class=\"lightview\"><img loading=\"lazy\" decoding=\"async\" class=\"aligncenter size-full wp-image-25249\" src=\"http:\/\/www.korhanyilmaz.com\/wp-content\/uploads\/2010\/08\/0351.jpg\" alt=\"\" width=\"298\" height=\"216\" \/><\/a><\/p>\n<p style=\"text-align: justify;\">&#8220;Af hakk\u0131n\u0131 nereden al\u0131yorsun? Bildiklerinizi a\u00e7\u0131klay\u0131n!&#8221;<\/p>\n<p style=\"text-align: justify;\">ANKARA  &#8211; AK Parti Genel Ba\u015fkan\u0131 ve Ba\u015fbakan Recep Tayyip Erdo\u011fan, &#8221;Bir genel affa biz y\u00f6neticilerin hakk\u0131 var m\u0131? Soruyorum, herhangi birimizin babas\u0131, karde\u015fi, evlad\u0131 \u00f6ld\u00fcr\u00fclse devlet kalksa bunu bizim m\u00fcsaademiz, iznimiz olmadan affetse buna &#8216;evet&#8217; der misiniz?&#8221; diye sordu. <!--more--><\/p>\n<p style=\"text-align: justify;\">Erdo\u011fan, partisince Sincan&#8217;da d\u00fczenlenen a\u00e7\u0131k hava toplant\u0131s\u0131nda halka hitap etti. Konu\u015fmas\u0131nda genel af tart\u0131\u015fmalar\u0131na de\u011finen Erdo\u011fan, CHP Genel Ba\u015fkan\u0131 Kemal K\u0131l\u0131\u00e7daro\u011flu&#8217;nu ele\u015ftirdi.<\/p>\n<p style=\"text-align: justify;\">CHP, MHP ve BDP&#8217;ye oy verenlere seslenmek istedi\u011fini kaydeden Erdo\u011fan, yap\u0131lacak halk oylamas\u0131n\u0131n, genel se\u00e7im ya da g\u00fcven oylamas\u0131 olmad\u0131\u011f\u0131n\u0131 belirterek, &#8221;Bu bir Recep Tayyip Erdo\u011fan projesi de\u011fildir, bu bir millet projesidir&#8221; dedi.<\/p>\n<p style=\"text-align: justify;\">Erdo\u011fan, \u015f\u00f6yle konu\u015ftu:<\/p>\n<p style=\"text-align: justify;\">&#8221;Say\u0131n K\u0131l\u0131\u00e7daro\u011flu, Tunceli&#8217;de ne dedi? Genel af&#8230; Ama geldi Kayseri&#8217;ye ne dedi? &#8216;Ben \u00f6yle demek istemedim, b\u00f6yle demek istedim&#8217;. Yani 24 saatte ne oldu? Ama bunlar hep b\u00f6yle, ak\u015fam ba\u015fka konu\u015furlar, sabah ba\u015fka konu\u015furlar. Bunlar\u0131n genlerinde var. \u00d6yleyse ben CHP&#8217;ye g\u00f6n\u00fcl vermi\u015f karde\u015fime de MHP&#8217;ye g\u00f6n\u00fcl vermi\u015f karde\u015fime de sesleniyorum, bir genel affa biz y\u00f6neticilerin hakk\u0131 var m\u0131? Soruyorum, herhangi birimizin babas\u0131, karde\u015fi, evlad\u0131 \u00f6ld\u00fcr\u00fclse devlet kalksa bunu bizim m\u00fcsaademiz, iznimiz olmadan affetse buna &#8216;evet&#8217; der misiniz? \u0130\u015fte ger\u00e7ek hay\u0131r budur. Ve parlamentoda y\u00fczde 60, y\u00fczde 64 \u015fu anda oy \u00e7oklu\u011funa sahip olan AK Parti Grubu, b\u00f6yle bir genel af talebinde orada g\u0131d\u0131m vermez, g\u0131d\u0131m&#8230; Asla, asla&#8230; Say\u0131n K\u0131l\u0131\u00e7daro\u011flu yanl\u0131\u015f kap\u0131 \u00e7ald\u0131n. Tunceli&#8217;de bunu s\u00f6yleyerek &#8216;oralardan oy toplar\u0131m&#8217; diye r\u00fc\u015fveti kelam ettin. Kimse yutmaz bunu. Siz r\u00fc\u015fvet vermeye al\u0131\u015fm\u0131\u015fs\u0131n\u0131z. Biz r\u00fc\u015fvet vermeye al\u0131\u015fmad\u0131k. Ger\u00e7ekler ne ise onu konu\u015ftuk. Ve hala da onu konu\u015fuyoruz.&#8221;<\/p>\n<p style=\"text-align: justify;\">Ankara&#8217;n\u0131n t\u00fcm il\u00e7elerini sayarak, vatanda\u015f\u0131 selamlayan Ba\u015fbakan Erdo\u011fan ayr\u0131ca Ramazan ay\u0131n\u0131 da tebrik etti. Ramazan ay\u0131n\u0131n, Ankara i\u00e7in t\u00fcm T\u00fcrkiye i\u00e7in, insanl\u0131k i\u00e7in bar\u0131\u015fa, refaha, karde\u015fli\u011fe vesile olmas\u0131n\u0131 dileyen Ba\u015fbakan Erdo\u011fan, &#8221;Ankara AK PArti iktidar\u0131 ile T\u00fcrkiye&#8217;nin kalbi oldu. Ankara, AK Parti iktidar\u0131yla birlikte art\u0131k sadece T\u00fcrkiye&#8217;nin de\u011fil, Ortado\u011fu&#8217;nun kalbi oldu, Balkanlar\u0131n kalbi oldu, Afrika&#8217;n\u0131n, Asya&#8217;n\u0131n, Kafkasya&#8217;n\u0131n kalbi oldu&#8221; dedi.<\/p>\n<p style=\"text-align: justify;\">AK Parti iktidar\u0131na kadar Ankara&#8217;n\u0131n, &#8221;yan\u0131 ba\u015f\u0131ndaki K\u0131r\u0131kkale&#8217;ye, Konya&#8217;ya, Eski\u015fehir&#8217;e bile binlerce kilometre uzakta&#8221; oldu\u011funu ifade eden Ba\u015fbakan Erdo\u011fan, \u015f\u00f6yle konu\u015ftu:<\/p>\n<p style=\"text-align: justify;\">&#8221;Edirne&#8217;nin sesi Ankara&#8217;da duyulmuyordu. Ardahan&#8217;\u0131n sesi Ankara&#8217;ya ula\u015fam\u0131yordu. Hakkari&#8217;nin derdi, Trabzon&#8217;un tasas\u0131, Mersin&#8217;in talepleri, Mu\u011fla&#8217;n\u0131n istekleri Ankara&#8217;ya yeti\u015femiyordu. B\u0131rak\u0131n\u0131z uzak vilayetleri, Ankara, yan\u0131 ba\u015f\u0131ndaki \u015fu Sincan&#8217;a, Mamak&#8217;a, merkezindeki Alt\u0131nda\u011f&#8217;a bile eri\u015femiyordu. \u015euradan 30 kilometre uzaktaki, G\u00fcd\u00fcl&#8217;\u00fcn \u00c7ukur\u00f6ren K\u00f6y\u00fc&#8217;n\u00fcn yolu yoktu. Merkeze sadece 5 kilometre uzaktaki, Ke\u00e7i\u00f6ren&#8217;in, Ku\u015fca\u011f\u0131z Mahallesinin, Atapark Mahallesi&#8217;nin suyu yoktu, suyu&#8230; Ankara&#8217;n\u0131n tam merkezindeki Alt\u0131nda\u011f&#8217;\u0131n, Mamak&#8217;\u0131n asfalt\u0131 yoktu. Oradaki vatanda\u015flar\u0131n, ba\u015flar\u0131n\u0131 sokabilecekleri sa\u011fl\u0131kl\u0131 evleri, yuvalar\u0131 yoktu. Hamdolsun, sizin deste\u011finizle, sizin itimad\u0131n\u0131zla, sizlerin hay\u0131r dualar\u0131yla, 8 y\u0131lda Ankara bir d\u00fcnya ba\u015fkenti oldu. Alt\u0131nda\u011f&#8217;a da ula\u015ft\u0131k, Ke\u00e7i\u00f6ren&#8217;e, Mamak&#8217;a, Bala&#8217;ya da ula\u015ft\u0131k. \u015eerefliko\u00e7hisar&#8217;a, Nall\u0131han&#8217;a, Polatl\u0131&#8217;ya da ula\u015ft\u0131k. Ankara art\u0131k K\u0131r\u0131kkale&#8217;ye ne kadar yak\u0131nsa, Van&#8217;a da o kadar yak\u0131n. Ankara art\u0131k Konya&#8217;ya ne kadar yak\u0131nsa, Tekirda\u011f&#8217;a da o kadar yak\u0131n.<\/p>\n<p style=\"text-align: justify;\">H\u0131zl\u0131 tren hatlar\u0131 d\u00f6\u015fedik, Eski\u015fehir&#8217;e ula\u015ft\u0131k. \u015eimdi Konya&#8217;ya, Sivas&#8217;a ula\u015f\u0131yoruz. B\u00f6l\u00fcnm\u00fc\u015f yollar in\u015fa ettik, Samsun&#8217;a, Artvin&#8217;e, Diyarbak\u0131r&#8217;a, \u0130zmir&#8217;e ula\u015ft\u0131k. Sadece yollar yapmakla kalmad\u0131k, g\u00f6n\u00fcl yollar\u0131 tesis ettik. Ankara art\u0131k \u015eam&#8217;a yak\u0131n, Amman&#8217;a yak\u0131n, Beyrut&#8217;a, Saraybosna&#8217;ya, \u00dcsk\u00fcp&#8217;e, Br\u00fcksel&#8217;e yak\u0131n.<\/p>\n<p style=\"text-align: justify;\">Ankara art\u0131k i\u00e7ine kapanm\u0131\u015f bir \u015fehir de\u011fil. Ankara art\u0131k siyaset \u00fcretiyor. Ankara art\u0131k \u00e7\u00f6z\u00fcm \u00fcretiyor. Ankara d\u00fcnyaya art\u0131k bar\u0131\u015f \u00e7a\u011fr\u0131lar\u0131 yap\u0131yor.<\/p>\n<p style=\"text-align: justify;\">Ankara, Kabil i\u00e7in, Ba\u011fdat i\u00e7in, Saraybosna i\u00e7in, Tiflis, Bak\u00fc, Piri\u015ftine i\u00e7in, Ankara Gazze i\u00e7in, Kud\u00fcs i\u00e7in art\u0131k y\u00fcre\u011fini ortaya koyuyor, bar\u0131\u015f diyor, hak diyor, adalet diyor. Allah&#8217;\u0131n izniyle art\u0131k hi\u00e7bir yerde ba\u015f\u0131m\u0131z \u00f6ne e\u011fik de\u011fil.<\/p>\n<p style=\"text-align: justify;\">T\u00fcrkiye art\u0131k \u00fclkelerden bir \u00fclke de\u011fil. Ankara art\u0131k \u015fehirlerden bir \u015fehir de\u011fil. Bug\u00fcn g\u00fcndemi belirlenen bir T\u00fcrkiye de\u011fil, g\u00fcndem belirleyen bir T\u00fcrkiye var.<\/p>\n<p style=\"text-align: justify;\">Bug\u00fcn, takip eden bir Ankara de\u011fil, takip edilen bir Ankara var. D\u0131\u015f politikada inisiyatif al\u0131yoruz, i\u015fbirliklerini geli\u015ftiriyoruz. Yard\u0131ma muhta\u00e7 bir T\u00fcrkiye devrald\u0131k, \u015fimdi Haiti&#8217;ye, \u015eili&#8217;ye, Pakistan&#8217;daki karde\u015flerine elini uzatan bir T\u00fcrkiye var.&#8221;<\/p>\n<p style=\"text-align: justify;\">&#8216;<strong>&#8216;B\u0130Z B\u00dcY\u00dcK D\u00dc\u015e\u00dcND\u00dcK&#8221; <\/strong><\/p>\n<p style=\"text-align: justify;\">\u0130zledikleri d\u0131\u015f politika ile ekonomik g\u00fc\u00e7 ile d\u00fcnyaya, &#8221;art\u0131k biz de var\u0131z&#8221; dediklerini anlatan BA\u015fbakan Erdo\u011fan, &#8221;\u015fimdi bize geliyorlar, &#8216;bu i\u015fi nas\u0131l ba\u015fard\u0131n\u0131z&#8217; diyorlar. &#8216;2010&#8217;un ilk \u00e7eyre\u011finde 11.7 b\u00fcy\u00fcmeyi nas\u0131l yapt\u0131n\u0131z&#8217; diyorlar. Bak\u0131n d\u00fcnyada, b\u00fcy\u00fcme h\u0131z\u0131nda 4. olduk. Avrupa&#8217;da 1. olduk. Bunlar durup durukken mi oldu?&#8221;dedi.<\/p>\n<p style=\"text-align: justify;\">\u0130ktidara geldiklerinde, &#8221;3 Y&#8221; diyerek, &#8221;yasaklar\u0131n, yoksullu\u011fun yolsuzlu\u011fun kalkaca\u011f\u0131n\u0131&#8221; s\u00f6ylediklerini anlatan Ba\u015fbakan Erdo\u011fan, \u015f\u00f6ylye konu\u015ftu:<\/p>\n<p style=\"text-align: justify;\">&#8221;Bunlar durup dururken mi oldu? Yasaklar, yolsuzluk, yoksulluk kalkacak dedik. \u0130\u015fte, bunlar\u0131n \u00fc\u00e7\u00fc de ayaklar\u0131m\u0131z\u0131n altd\u0131nda. Evvel Allah \u00e7etelerle beraber olanlar meydana \u00e7\u0131kt\u0131 m\u0131? Kim beraber? CHP. \u00c7etelerin avukat\u0131.<\/p>\n<p style=\"text-align: justify;\">&#8216;Yolsuzluklar\u0131 ayaklar\u0131m\u0131z\u0131n alt\u0131na alaca\u011f\u0131z&#8217; dedik. Ald\u0131k m\u0131? Hesap ortada. Biz kimden ald\u0131k bu iktidar\u0131? MHP, DSP, ANAP bunlardan ald\u0131k. Bunlar bu \u00fclkeyi y\u00f6netemediler. 3.5 y\u0131l iktidarda kald\u0131lar, b\u0131rak\u0131p ka\u00e7t\u0131lar. Halbuki 1.5 y\u0131l daha s\u00fcreleri vard\u0131, b\u0131rak\u0131p ka\u00e7t\u0131lar. Y\u00f6netemiyoruz&#8217; dediler. Ni\u00e7in? 100 liran\u0131n 74 liras\u0131 bor\u00e7 olmu\u015ftu. IMF&#8217;den 30 milyar dolar para bor\u00e7 ald\u0131lar, \u00fclkeyi kurtaraca\u011f\u0131z diye, 23 milyar borcu bize b\u0131rakt\u0131lar.<\/p>\n<p style=\"text-align: justify;\">Merkez Bankas\u0131, maalesef k\u0131rm\u0131z\u0131 sinyal vermeye ba\u015flad\u0131. \u00c7\u00fcnk\u00fc kasada 26.5 milyar dolar kalm\u0131\u015ft\u0131. Devlet bor\u00e7lan\u0131yordu. Faiz neydi? y\u00fczde 63 ile devlet bor\u00e7lan\u0131yordu. Ey Bah\u00e7eli kime ne anlat\u0131yorsun? Bu faizler kimin cebinden \u00e7\u0131kt\u0131? Benim memur karde\u015fimin, i\u015f\u00e7i, k\u00f6yl\u00fc, \u00e7ift\u00e7i karde\u015fimin, vatanda\u015f\u0131m\u0131n cebinden \u00e7\u0131kt\u0131 Ama ne yaz\u0131k ki hala d\u00fcr\u00fcst davranm\u0131yorlar.<\/p>\n<p style=\"text-align: justify;\">Enflasyon neydi y\u00fczde 30. \u015eimdi nereye geldik? Yolsuzlukla m\u00fccadele ettik. Yolsuzlukla m\u00fccadelenin neticesinde bak\u0131n nereye geldik. Y\u00fczde 74 olan devletin borcu, \u015fu anda y\u00fczde 45&#8230; Nereden nereye&#8230; 63 olan devletin bor\u00e7lanma faizi y\u00fczde 8&#8230; Bak\u0131n 63&#8217;ten 8&#8217;e&#8230; Bu halk\u0131m\u0131n cebinde kald\u0131, Hazine&#8217;nin kasas\u0131nda kald\u0131. Enflasyon ne oldu? 30&#8217;dan 7&#8217;ye indi. Art\u0131k vatanda\u015f\u0131n cebindeki paran\u0131n de\u011feri artt\u0131. IMF&#8217;den 30 milyar bor\u00e7 ald\u0131lar. \u015eimdi ne kadar var biliyor musunuz? 6.6 milyar dolar var. Halep oradaysa ar\u015f\u0131n Sincan&#8217;da&#8230;&#8221;<\/p>\n<p style=\"text-align: justify;\"><strong>&#8221;SABIRLI OLUN&#8221; <\/strong><\/p>\n<p style=\"text-align: justify;\">Ba\u015fbakan Erdo\u011fan, MB&#8217;nin kasas\u0131nda bug\u00fcnk\u00fc rakamlara g\u00f6re 75 milyar dolar bulundu\u011funu belirterek, devlet memurlar\u0131n\u0131n nemalar\u0131n\u0131 da iktidara geldiklerinde \u00f6dediklerin an\u0131msatt\u0131.<\/p>\n<p style=\"text-align: justify;\">Erdo\u011fan, &#8221;T\u00fcrkiye b\u00f6yle g\u00fc\u00e7leniyor. Utanmadan, s\u0131k\u0131lmadan konu\u015fuyorlar: diyorlar ki &#8216;yolsuz ald\u0131 ba\u015f\u0131n\u0131 gitti&#8217;. Nas\u0131l yolsuzluk var ki bu kasalar bu kadar art\u0131yor. MB g\u00fc\u00e7leniyor, bu yat\u0131r\u0131mlar yap\u0131l\u0131yor. Bor\u00e7lar \u00f6deniyor. \u0130nsaf insaf&#8230;&#8221; dedi.<\/p>\n<p style=\"text-align: justify;\">Vatanda\u015ftan t\u00fcm bu icraat\u0131n kap\u0131 kap\u0131 anlat\u0131lmas\u0131n\u0131 isteyen Ba\u015fbakan Erdo\u011fan, \u00e7\u00fcnk\u00fc oylanacak bu anayasa de\u011fi\u015fikli\u011fi ile kad\u0131nlar\u0131n, \u00e7ocuklar\u0131m\u0131z\u0131n, engellilerin haklar\u0131n\u0131n anayasal teminat alt\u0131na al\u0131nd\u0131\u011f\u0131n\u0131 belirterek, \u015f\u00f6yle konu\u015ftu:<\/p>\n<p style=\"text-align: justify;\">&#8221;Bak\u0131n 2 hafta kald\u0131. Bu T\u00fcrkiye&#8217;nin \u00f6n\u00fcndeki en b\u00fcy\u00fck imkan. Bu demokrasi m\u00fccadelesinin, \u00f6zg\u00fcrl\u00fckler m\u00fccadelesinin, hak ve hukuk m\u00fccadelesinin en \u00f6nemli f\u0131rsat\u0131d\u0131r. Bunu beraber de\u011ferlendirece\u011fiz. onun i\u00e7in kap\u0131 kap\u0131 dola\u015facaks\u0131n\u0131z. Apartmanlarda girilmedik, \u00e7al\u0131nmad\u0131k kap\u0131 b\u0131rakmamal\u0131s\u0131n\u0131z. Sizi baz\u0131lar\u0131 kap\u0131lardan kovabilir, malum tipler var. Kovsalar da kap\u0131y\u0131 \u00e7alacaks\u0131n\u0131z, Sab\u0131rl\u0131 olacaks\u0131n\u0131z. Ben bazen sab\u0131rs\u0131z oluyorum ama siz sab\u0131rl\u0131 olun&#8230;&#8221;<\/p>\n<p style=\"text-align: justify;\">HSYK ile ilgili \u00f6ng\u00f6r\u00fclen d\u00fczenleme hakk\u0131nda vatanda\u015fa bilgiler veren Ba\u015fbakan Erdo\u011fan, birilerini d\u00fczenlemeden rahats\u0131z oldu\u011funu belirterek, &#8221;birilerinin arka bah\u00e7esi milletin \u00f6n bah\u00e7esi olacak&#8221; dedi. AK PArti&#8217;nin milletin hizmetkar\u0131 oldu\u011funu belirterek, T\u00fcrkiye&#8217;yi Gazi Mustafa Kemal Atat\u00fcrk&#8217;\u00fcn ifade etti\u011fi muas\u0131r medeniyetler seviyesinin \u00fcst\u00fcne \u00e7\u0131karacaklar\u0131n\u0131 s\u00f6yledi.<\/p>\n<p style=\"text-align: justify;\">\u015eu anda o yolda olduklar\u0131n\u0131 ama &#8221;i\u00e7erde birilerinin buna tahamm\u00fcl edemedi\u011fini, dayanamad\u0131\u011f\u0131n\u0131, bunun (nas\u0131l olur da AK Parti yap\u0131yor) diye \u00e7\u0131ld\u0131rd\u0131\u011f\u0131&#8217; g\u00f6r\u00fc\u015f\u00fcn\u00fc ifade eden Erdo\u011fan, \u015f\u00f6yle devam etti:<\/p>\n<p style=\"text-align: justify;\">&#8221;Bunlardan siz hiz\u00e7 \u015fu anayasa de\u011fi\u015fikli\u011fini dinlediniz mi? Anamuhalefet liderinden, di\u011fer muhalefet liderlerinden b\u00f6yle bir\u015fey duydunuz mu? \u015eu anda Anayasa paketini konu\u015fuyoruz. Biz halk oylamas\u0131 yap\u0131yoruz. Bu genel se\u00e7im de\u011fil. Genel se\u00e7imi 10 ay sonra yapaca\u011f\u0131z o zaman bunlar\u0131 konu\u015furuz. Siz nesiniz, biz neyiz o zaman onlar\u0131 ortaya koyar\u0131z&#8230;<\/p>\n<p style=\"text-align: justify;\">Bu Anayasa de\u011fi\u015fikli\u011fi ile ilgili ne diyeceksin onu s\u00f6yle, anamuhalefet lideri onu s\u00f6yle. \u015eu 26 madde i\u00e7inde neye hay\u0131r diyorsun onu s\u00f6yle. MHP&#8217;nin Genel Ba\u015fkan\u0131 sen hangisine &#8216;hay\u0131r&#8217; diyorsun onu s\u00f6yle. Hay\u0131r diyebilece\u011fi bir madde yok ki. Bunu dese kendisiyle \u00e7eli\u015fecek. \u00d6rnek vereyim mi? Bu paket bir \u00f6zg\u00fcrl\u00fckler paketi. \u00c7\u00fcnk\u00fc Anayasa Mahkemesi&#8217;nin de\u011fi\u015fimi bir \u00e7ok \u015feylerin \u00f6n\u00fcn\u00fc a\u00e7\u0131yor. HSYK&#8217;n\u0131n de\u011fi\u015fimi bir \u00e7ok \u015feylerin \u00f6n\u00fcn\u00fc a\u00e7\u0131yor. Art\u0131k telefonla, &#8216;filancay\u0131 filanca yere at\u0131yal\u0131m m\u0131&#8217; deme s\u00fcreci bitiyor. Bunlar okuyorsunuz de\u011fil mi gazetelerde? Dedelerden talimat alarak atamalar yapma d\u00f6nemi bitiyor. S\u0131k\u0131nt\u0131 burada.<\/p>\n<p style=\"text-align: justify;\">\u015eimdi ne ba\u015fl\u0131yor? HSYK&#8217;da benim atamam yok, Parlamentonun atamas\u0131 yok. Sadece Adalet Bakan\u0131 ne zamandan beri var&#8230; Bizim yapt\u0131\u011f\u0131m\u0131z bir \u015fey de\u011fil. Kald\u0131 ki yetkileri de ciddi manada k\u0131s\u0131tland\u0131. Adalet Bakanl\u0131\u011f\u0131 M\u00fcste\u015far\u0131 zaten olay\u0131n i\u00e7inde, do\u011fal olarak olacak. Bu da bizim d\u00f6nemimizde de\u011fil . Bizden \u00f6nce de vard\u0131. Bundan sonra da hangi iktidar gelirse orada yerini alacak. Yani bir siyasi partiye m\u00fcnhas\u0131r bir olay de\u011fil ama bunlar\u0131 rahats\u0131z eden ne biliyor musunmuz? Van&#8217;daki hakim savc\u0131 oy kullanacak. Hakkari&#8217;deki, Erzurum&#8217;daki Edirne&#8217;deki. Sinop&#8217;taki, Hatay&#8217;ki hakim savc\u0131 oy kullanacak, 10 tane Hakimler Savc\u0131lar Y\u00fcksek Kurulu&#8217;na \u00fcye se\u00e7ecek. Bunlar\u0131 \u00e7\u0131ld\u0131rtan bu. Bunlar diyorlar ki &#8216;bunlar \u00e7ocuk, bunlar se\u00e7emez&#8217;. Niye sen de oradan geldin. ilk derece mahkeme&#8230; Niye \u015fimdi bunlar\u0131 hazmedemiyorsun. \u0130\u015fte biz, kat\u0131l\u0131mc\u0131 demokrasi diyoruz ve bunun gere\u011fi olarak da biz ilk derece mahkemelerdeki hakim ve savc\u0131lara, bu yolu a\u00e7\u0131yoruz. Yetki sizde, s\u00f6z sizde, karar sizde, m\u00fch\u00fcr sizde&#8230;&#8221;<\/p>\n<p style=\"text-align: justify;\"><strong>&#8221;MENDERES&#8217;\u0130N SU\u00c7U NEYD\u0130?&#8221; <\/strong><\/p>\n<p style=\"text-align: justify;\">Anayasa Mahkemesinin yap\u0131s\u0131yla ilgili d\u00fczenleme hakk\u0131nda da bilgi veren Ba\u015fbakan Erdo\u011fan, Barolar Birli\u011fi&#8217;nin 1 \u00fcye i\u00e7in \u00fc\u00e7, Say\u0131\u015ftay&#8217;\u0131n da iki \u00fcye i\u00e7in 3&#8217;er ismi Parlamentoya g\u00f6nderece\u011fini belirterek, &#8221;olay bu, Bundan dolay\u0131 diyorlar ki bunlar, Y\u00fcce Divan\u0131 kendilere g\u00f6re olu\u015fturuyorlar. Ee&#8230; Tayyip Erdo\u011fan, oraya gitmekten kurtulmak i\u00e7in&#8230;&#8221; dedi.<\/p>\n<p style=\"text-align: justify;\">Erdo\u011fan, \u015f\u00f6yle devam etti:<\/p>\n<p style=\"text-align: justify;\">&#8221;Say\u0131n Bah\u00e7eli, bunu sen s\u00f6yl\u00fcyorsun, bunu anamuhalefetin lideri de s\u00f6yl\u00fcyor. Bak, d\u00fcn bana Konya&#8217;da bir ya\u015fl\u0131 teyze T\u00fcrk Bayra\u011f\u0131&#8217;n\u0131 bir Hayat Mecmuas\u0131 hediye etti. Eliyle de onu dikmi\u015f. Hayat Mecmuas\u0131 neredeyse eriyip d\u00f6k\u00fclecek, o hale gelmi\u015f. 50 y\u0131ll\u0131k bir dergiyi saklam\u0131\u015f. Orada ben de \u00e7ocuklu\u011fumda hat\u0131rl\u0131yorum, 6-7 ya\u015f\u0131ndayd\u0131m. Babam, o zaman ki Hayat Mecmuas\u0131&#8217;ndaki merhum Menderes&#8217;in idam sehpas\u0131na y\u00fcr\u00fcrken o beyaz g\u00f6mle\u011fi i\u00e7indeki resmini bana g\u00f6stermi\u015fti.<\/p>\n<p style=\"text-align: justify;\">\u015eimdi de o teyze bana o Hayat Mecmuas\u0131n\u0131 getirdi ve duyguland\u0131m, 50 y\u0131l geriye gittim. Ve o an\u0131 hat\u0131rlad\u0131m.<\/p>\n<p style=\"text-align: justify;\">\u015eimdi, Menderesin su\u00e7u neydi? Bu \u00fclkeye hizmet. Peki idam karar\u0131n\u0131 verirken ne demi\u015fti, ismini vermeyece\u011fim o hakimin, \u00e7\u00fcnk\u00fc benim milletim o hakimi unuttu hat\u0131rlam\u0131yor bile. Niye? Bu t\u00fcr insanlar hat\u0131rlanmaz. Bunlar unutulur. Ne dedi? &#8216;Beni buraya getiren irade b\u00f6yle istedi\u011fi i\u00e7in bu karar\u0131 verdim&#8217; dedi. Neydi onu oraya getiren irade? Darbeydi. Bir \u00fclkenin ba\u015fbakan\u0131, iki tane arkada\u015f\u0131 bu \u015fekilde idam ediliyor. Asl\u0131nda 15 ki\u015fi idama mahkum oldu da Konsey 12&#8217;sini b\u0131rakt\u0131, m\u00fcebbete mahkum etti. 3 tanesini idama mahkum etti. Biz \u015fimdi i\u015fte bunun hesab\u0131n\u0131 soruyoruz. 12 Eyl\u00fcl 2010&#8217;da. Bu yahu bu.. Bunun i\u00e7in \u00e7ok \u00e7al\u0131\u015fmam\u0131z gerekmez mi?  Ben Allah&#8217;tan rahmet diliyorum onlara ama inan\u0131yorum ki onu yapanlar da onun hesab\u0131n\u0131 ebedi d\u00fcnyada verecekler.&#8221;<\/p>\n<p style=\"text-align: justify;\"><strong>B\u00d6\u015e\u00d6RT\u00dcS\u00dc <\/strong><\/p>\n<p style=\"text-align: justify;\">Meclis&#8217;te ba\u015f\u00f6rt\u00fcl\u00fc \u00f6\u011frencilerin \u00fcniversiteye gitmesindeki engelli kald\u0131rmak i\u00e7in 411 oyla yasa \u00e7\u0131kar\u0131ld\u0131\u011f\u0131n\u0131, buna MHP&#8217;nin destek verdi\u011fini anlatan Ba\u015fbakan Erdo\u011fan, buna DSP&#8217;yi de yan\u0131na alarak CHP&#8217;nin Anayasa Mahkemesine ba\u015fvurarak engel \u00e7\u0131kard\u0131\u011f\u0131n\u0131 s\u00f6yledi.<\/p>\n<p style=\"text-align: justify;\">Erdo\u011fan, \u015f\u00f6yle devam etti:<\/p>\n<p style=\"text-align: justify;\">&#8221;\u015eimdi anamuhalefet partisinin lideri \u00e7\u0131km\u0131\u015f yerine g\u00f6re ne diyor? &#8216;Ba\u015f\u00f6rt\u00fcs\u00fc sorununu ben \u00e7\u00f6zerim&#8217; diyor. Bu i\u015fin i\u00e7eri\u011fini iyi kavrayaca\u011f\u0131z. Peki bu gitti, CHP ne yapt\u0131? Yan\u0131na DSP&#8217;yi alarak bunu Anayasa Mahkemesine g\u00f6t\u00fcrd\u00fcler. Ve Anayasa Mahkemesine g\u00f6t\u00fcren imzalar\u0131n i\u00e7erisinde Say\u0131n K\u0131l\u0131\u00e7daro\u011flu senin imzan yok muydu? Sende zerre kadar ilke olsa, d\u00fcr\u00fcst olsan derdin ki &#8216;bu bir \u00f6zg\u00fcrl\u00fck m\u00fccadelesidir, e\u011fitim \u00f6zg\u00fcrl\u00fc\u011f\u00fcd\u00fcr, inan\u00e7 \u00f6zg\u00fcrl\u00fc\u011f\u00fcd\u00fcr, ben buna imza koyamam&#8217; derdin.<\/p>\n<p style=\"text-align: justify;\">B\u00f6yle Van&#8217;da ba\u015fka, \u0130stanbul&#8217;da, ANkara&#8217;da, Tunceli&#8217;de ba\u015fka, siyasette b\u00f6yle liderlik olmaz. Emrolundu\u011fun gibi, dosdo\u011fru olacaks\u0131n. Bat\u0131da ne konu\u015fuyorsan, git Do\u011fu&#8217;da da ayn\u0131s\u0131n\u0131 konu\u015f. Kuzeyde ne konu\u015fuyorsan gel g\u00fcneyde de ayn\u0131s\u0131n\u0131 konu\u015f. \u0130lkeli insan bu demektir, d\u00fcr\u00fcst insan bu demektir. T\u00fcrk Milleti&#8217;nin i\u00e7erisinde do\u011frulu\u011fun tan\u0131m\u0131 budur. Bunu b\u00f6yle bilece\u011fiz.<\/p>\n<p style=\"text-align: justify;\">MHP&#8217;ye oy veren karde\u015flerime sesleniyorum. CHP&#8217;ye oy veren karde\u015flerime sesleniyorum, BDP&#8217;ye oy veren karde\u015flerime sesleniyorum. Y\u00f6netici kadrolarla i\u015fim yok. oy verenlere, g\u00f6n\u00fcl verenlere sesleniyorum. Bu se\u00e7im genel se\u00e7im de\u011fildir. Bu bir g\u00fcven oylamas\u0131 de\u011fildir. Bu bir AK Parti projesi de\u011fildir. Bu bir Recep Tayyip Erdo\u011fan projesi de\u011fildir, bu bir millet projesidir. Dolay\u0131s\u0131yla benim MHP&#8217;ye g\u00f6n\u00fcl vermi\u015f, oy vermi\u015f karde\u015fim \u015fu ba\u015f\u00f6rt\u00fc meselesinde bile Meclis&#8217;ten bunu ge\u00e7irmek suretiyle hay\u0131rl\u0131 bir i\u015f yapan MHP y\u00f6netimi, \u015fimdi ne oldu da bunu Anayasa Mahkemesine g\u00f6t\u00fcren CHP&#8217;nin arkas\u0131na vagon oluyor?&#8221;<\/p>\n<p style=\"text-align: justify;\"><strong>&#8220;B\u0130LD\u0130KLER\u0130N\u0130Z\u0130 A\u00c7IKLAYIN&#8221; <\/strong><\/p>\n<p style=\"text-align: justify;\">AK Parti Genel Ba\u015fkan\u0131 ve Ba\u015fbakan Recep Tayyip Erdo\u011fan, MHP Genel Ba\u015fkan\u0131 Devlet Bah\u00e7eli&#8217;ye seslenerek, &#8221;Sen, \u00d6calan&#8217;\u0131 idamdan kurtaranlar\u0131n i\u00e7indesin&#8230; Sen, \u00fc\u00e7 taneden birisin. Onda senin imzan var. As\u0131l s\u00f6z\u00fc veren sizsiniz. \u0130mzay\u0131 \u00e7akt\u0131n\u0131z, idamdan kurtard\u0131n\u0131z&#8221; dedi.<\/p>\n<p style=\"text-align: justify;\">Partisince Sincan&#8217;da d\u00fczenlenen a\u00e7\u0131k hava toplant\u0131s\u0131nda halka hitap eden Erdo\u011fan, MHP Genel Ba\u015fkan\u0131 Devlet Bah\u00e7eli&#8217;yi ele\u015ftirdi.<\/p>\n<p style=\"text-align: justify;\">MHP Genel Ba\u015fkan\u0131 Devlet Bah\u00e7eli&#8217;ye &#8221;Sen, \u00d6calan&#8217;\u0131 idamdan kurtaranlar\u0131n i\u00e7indesin&#8221; diye seslenen Ba\u015fbakan Erdo\u011fan, &#8221;Sen, \u00fc\u00e7 taneden birisin. Onda senin imzan var. As\u0131l s\u00f6z\u00fc veren sizsiniz. \u0130mzay\u0131 \u00e7akt\u0131n\u0131z, idamdan kurtard\u0131n\u0131z&#8221; diye konu\u015ftu.<\/p>\n<p style=\"text-align: justify;\">Bir s\u00fcre \u00f6nce MHP Genel Ba\u015fkan\u0131 Bah\u00e7eli&#8217;nin kat\u0131ld\u0131\u011f\u0131 televizyondan canl\u0131 yay\u0131n\u0131 izledi\u011fini ifade eden Ba\u015fbakan Erdo\u011fan, \u015funlar\u0131 kaydetti:<\/p>\n<p style=\"text-align: justify;\">&#8221;Merhum Ecevit, &#8216;A\u0130HM&#8217;e verilen s\u00f6zler, \u015funlar bunlar nedeniyle idam edemeyece\u011fiz&#8217; dedi. Arkas\u0131ndan medya geldi ve Say\u0131n Bah\u00e7eli&#8217;ye soruyor ve &#8216;ne d\u00fc\u015f\u00fcn\u00fcyorsunuz?&#8217; diyor. Say\u0131n Bah\u00e7eli&#8217;nin verdi\u011fi cevap \u00e7ok enteresand\u0131r. Diyor ki &#8216;Say\u0131n Ba\u015fbakan gerekli a\u00e7\u0131klamay\u0131 yapt\u0131. Benim, s\u00f6yleyecek hi\u00e7 bir \u015feyim yok&#8217;. Bu s\u00f6zler Say\u0131n Bah\u00e7eli, busun. \u0130\u015fin ger\u00e7e\u011fi de bu karde\u015flerim.<\/p>\n<p style=\"text-align: justify;\">Bize gelince Say\u0131n Bah\u00e7eli e\u011fer d\u00fcr\u00fcstsen&#8230; Bak, mecburum bunu s\u00f6ylemeye. E\u011fer mertse o zaman ben kiminle g\u00f6r\u00fc\u015fme yapt\u0131m, kime s\u00f6z verdim? \u0130ddia sahibi, iddias\u0131n\u0131 ispatla m\u00fckelleftir. \u00c7\u0131k, bunu a\u00e7\u0131kla. Bug\u00fcnden tezi yok, bu i\u015fi sallama, 12 Eyl\u00fcl\u00fc bekleme, hemen a\u00e7\u0131kla. A\u00e7\u0131klamazsan namertsin, bu kadar a\u00e7\u0131k s\u00f6yl\u00fcyorum. \u00c7\u00fcnk\u00fc, bizim kitab\u0131m\u0131zda aldatmak yok. D\u00fcr\u00fcstsen, samimiysen, \u00e7\u0131k bunu a\u00e7\u0131kla.<\/p>\n<p style=\"text-align: justify;\">E\u011fer Tayyip Erdo\u011fan, arkada\u015flar\u0131, ter\u00f6r \u00f6rg\u00fct\u00fcyle b\u00f6yle bir pazarl\u0131k yapm\u0131\u015fsa, \u00e7\u0131k bunu a\u00e7\u0131kla. E\u011fer arkada\u015flar\u0131m\u0131n i\u00e7inde b\u00f6yle bir pazarl\u0131k yapm\u0131\u015f olan varsa -ki asla bug\u00fcne kadar b\u00f6yle bir \u015fey olmam\u0131\u015ft\u0131r, \u00e7\u00fcnk\u00fc, bana gelen, bana ula\u015fan, benim bilgim dahilinde b\u00f6yle bir \u015fey yoktur- partimde bir saniye ya\u015fatmam. Ama bunu ispat etmek sana aittir.&#8221;<\/p>\n<p style=\"text-align: justify;\">MHP Genel Ba\u015fkan\u0131 Bah\u00e7eli&#8217;nin d\u00fcn Sivas&#8217;ta yapt\u0131\u011f\u0131 konu\u015fmada da &#8221;ayn\u0131 \u015feyi&#8221; s\u00f6yledi\u011fini ifade eden Erdo\u011fan, &#8221;Bundan prim yapaca\u011f\u0131n\u0131 zannediyor. Do\u011frular\u0131 konu\u015faca\u011f\u0131z, d\u00fcr\u00fcst siyaset yapaca\u011f\u0131z. Aldatan siyaset de\u011fil, yalan siyaset de\u011fil, bunu ba\u015faraca\u011f\u0131z&#8221; diye konu\u015ftu.<\/p>\n<p style=\"text-align: justify;\">Erdo\u011fan, &#8221;S\u00f6z namludan \u00e7\u0131kan kur\u015fun gibidir. S\u00f6z, yay\u0131ndan f\u0131rlayan ok gibidir&#8221; diyerek, &#8221;Ana muhalefet partisi de muhalefet partisinin liderleri de bu kadar sorumsuz, bu kadar d\u00fc\u015f\u00fcncesiz davranma l\u00fcks\u00fcne sahip olamazlar. S\u00f6yledikleri s\u00f6zlerin, nereye gitti\u011fini \u00e7ok iyi d\u00fc\u015f\u00fcnmeleri gerekir. Bunu bilmeyen siyaset\u00e7i, kendisine de partisine de \u00fclkesine de zarar verir. B\u00f6yle konular, rastgele konu\u015fulamaz. D\u00fcr\u00fcstsen, samimiysen ispat et. Biz, ispat ediyoruz. Biz, b\u00f6l\u00fcc\u00fc ter\u00f6r \u00f6rg\u00fct\u00fcn\u00fcn liderini nas\u0131l idamdan kurtard\u0131\u011f\u0131n\u0131z\u0131 belgelerle a\u00e7\u0131klad\u0131k&#8221; diye konu\u015ftu.<\/p>\n<p style=\"text-align: justify;\"><strong>&#8221;ANAYASA DE\u011e\u0130\u015e\u0130KL\u0130\u011e\u0130, B\u0130R AK PART\u0130 PROJES\u0130 DE\u011e\u0130LD\u0130R&#8221; <\/strong><\/p>\n<p style=\"text-align: justify;\">Siyasi parti liderlerinin &#8221;nas\u0131l olsa iktidara gelemeyece\u011fiz anlay\u0131\u015f\u0131yla meydanlarda ak\u0131llar\u0131na geleni s\u00f6yledi\u011fini ve istedikleri gibi vaatte bulunduklar\u0131n\u0131&#8221; ifade eden Erdo\u011fan, alanda toplananlara \u015f\u00f6yle seslendi:<\/p>\n<p style=\"text-align: justify;\">&#8221;Biz, bunlar\u0131 s\u00fcratle a\u015f\u0131yoruz. \u00c7\u00fcnk\u00fc, bunlara art\u0131k \u00e7ok al\u0131\u015ft\u0131k. Millet de art\u0131k de\u011fi\u015fsin diyor. Ama CHP, her zaman de\u011fi\u015fime ayak uyduruyor. \u0130\u015fte 12 Eyl\u00fclde milletin de\u011ferleriyle sava\u015fanlara &#8216;yeter&#8217; diyeceksiniz. 12 Eyl\u00fclde se\u00e7kinlerin iktidar\u0131na &#8216;yeter&#8217; diyeceksiniz. 12 Eyl\u00fcl&#8217;de \u00e7etelerin bu \u00fclkeye rota \u00e7izmesine siz son vereceksiniz. 12 Eyl\u00fclde demokrasiye, \u00f6zg\u00fcrl\u00fcklere ve yeniden b\u00fcy\u00fck T\u00fcrkiye&#8217;ye &#8216;evet&#8217; diyeceksiniz. Ankara, anayasa de\u011fi\u015fikli\u011fine &#8216;evet&#8217; diyor mu? Ankara, se\u00e7kinlerin iktidar\u0131na de\u011fil, se\u00e7ilmi\u015flerin iktidar\u0131na &#8216;evet&#8217; diyor mu? Ankara \u00fcst\u00fcnlerin hukukuna de\u011fil, hukukun \u00fcst\u00fcnl\u00fc\u011f\u00fcne &#8216;evet&#8217; diyor mu? Soruyorum, demokrasi m\u00fccadelemizde yan\u0131m\u0131zda m\u0131s\u0131n\u0131z?, \u00c7etelerle m\u00fccadelemizde arkam\u0131zda m\u0131s\u0131n\u0131z? \u0130leri demokrasiye &#8216;evet&#8217; mi? \u00d6yleyse sevdam\u0131z millet, karar\u0131m\u0131z, tercihimiz, oyumuz &#8216;evet&#8217;.<\/p>\n<p style=\"text-align: justify;\">Sevgili Ankaral\u0131lar, bu Anayasa de\u011fi\u015fikli\u011fi, bir AK Parti projesi de\u011fildir. Aynen bunu hat\u0131rlat\u0131yorum. Dikkat ederseniz iktidar, s\u00fcrekli olarak hedef sapt\u0131rmak istiyor ve bunu bir parti projesiymi\u015f gibi g\u00f6stermek istiyor. Oy kullanmaya gideceksiniz. \u00f6n\u00fcn\u00fczde &#8216;evet&#8217; ve &#8216;hay\u0131r&#8217; yazan bir oy pusulas\u0131 olacak. O oy pusulas\u0131nda partilerin amblemi yok. Orada sadece anan\u0131z\u0131n ak s\u00fct\u00fc gibi bir bembeyaz &#8216;evet&#8217; var. 12 Eyl\u00fclde ne AK Parti&#8217;ye ne Recep Tayyip Erdo\u011fan&#8217;a de\u011fil, kendinize, gelece\u011finize &#8216;evet&#8217; diyeceksiniz.<\/p>\n<p style=\"text-align: justify;\">Anayasa de\u011fi\u015fikli\u011fi y\u00fczde 60, y\u00fczde 70, y\u00fczde 80&#8217;le bile kabul edilse 73 milyonun anayasas\u0131d\u0131r. Kazanan AK Parti olmayacak, kazanan Recep Tayyip Erdo\u011fan olmayacak. Kazanan, milletim olacak. Onun i\u00e7in MHP&#8217;ye, CHP&#8217;ye, BDP&#8217;ye oy vermi\u015f karde\u015flerimi, hangi partiye olursa olsun g\u00f6n\u00fcl vermi\u015f karde\u015flerimi &#8216;evet&#8217; demeye \u00e7a\u011f\u0131r\u0131yorum.&#8221;<\/p>\n<p style=\"text-align: justify;\"><strong>&#8221;CHP&#8217;N\u0130N \u00dcST Y\u00d6NET\u0130M\u0130NDE BA\u015eKA B\u0130R KAVGA BA\u015eLAYACAK&#8221; <\/strong><\/p>\n<p style=\"text-align: justify;\">&#8221;\u015eunu unutmay\u0131n. Sand\u0131ktan \u00e7\u0131kan her &#8216;hay\u0131r&#8217; oyu, CHP \u00fcst y\u00f6netiminin \u015fahsi beklentilerine cevap verecektir&#8221; iddias\u0131nda bulanan Erdo\u011fan, &#8221;Yani 13 Eyl\u00fcle y\u00f6neliktir. \u00c7\u00fcnk\u00fc, 13 Eyl\u00fclden itibaren CHP&#8217;nin \u00fcst y\u00f6netiminde ba\u015fka bir kavga ba\u015flayacak. Onun i\u00e7in \u00f6nem arz ediyor. Sizin, gen\u00e7lerin, \u00e7ocuklar\u0131n, gelece\u011fimizin oylanmas\u0131d\u0131r bu oylanma. Onun i\u00e7in &#8216;evet&#8217;e haz\u0131r m\u0131y\u0131z?&#8221; diye sordu.<\/p>\n<p style=\"text-align: justify;\"><a href=\"http:\/\/www.gazeteport.com.tr\/SIYASET\/NEWS\/GP_754524\" target=\"_blank\"><span style=\"color: #888888;\">Kaynak : GAZETEPORT<\/span><\/a><\/p>\n","protected":false},"excerpt":{"rendered":"<p style=\"text-align: justify;\">\n<p style=\"text-align: justify;\">&#8220;Af hakk\u0131n\u0131 nereden al\u0131yorsun? Bildiklerinizi a\u00e7\u0131klay\u0131n!&#8221;<\/p>\n<p style=\"text-align: justify;\">ANKARA &#8211; AK Parti Genel Ba\u015fkan\u0131 ve Ba\u015fbakan Recep Tayyip Erdo\u011fan, &#8221;Bir genel affa biz y\u00f6neticilerin hakk\u0131 var m\u0131? Soruyorum, herhangi birimizin babas\u0131, karde\u015fi, evlad\u0131 \u00f6ld\u00fcr\u00fclse devlet kalksa bunu bizim m\u00fcsaademiz, iznimiz olmadan affetse buna &#8216;evet&#8217; der misiniz?&#8221; diye sordu. <\/p>\n","protected":false},"author":1,"featured_media":0,"comment_status":"open","ping_status":"closed","sticky":false,"template":"","format":"standard","meta":{"footnotes":""},"categories":[105],"tags":[],"class_list":["post-25248","post","type-post","status-publish","format-standard","hentry","category-gundem","odd"],"_links":{"self":[{"href":"http:\/\/www.korhanyilmaz.com\/index.php?rest_route=\/wp\/v2\/posts\/25248","targetHints":{"allow":["GET"]}}],"collection":[{"href":"http:\/\/www.korhanyilmaz.com\/index.php?rest_route=\/wp\/v2\/posts"}],"about":[{"href":"http:\/\/www.korhanyilmaz.com\/index.php?rest_route=\/wp\/v2\/types\/post"}],"author":[{"embeddable":true,"href":"http:\/\/www.korhanyilmaz.com\/index.php?rest_route=\/wp\/v2\/users\/1"}],"replies":[{"embeddable":true,"href":"http:\/\/www.korhanyilmaz.com\/index.php?rest_route=%2Fwp%2Fv2%2Fcomments&post=25248"}],"version-history":[{"count":0,"href":"http:\/\/www.korhanyilmaz.com\/index.php?rest_route=\/wp\/v2\/posts\/25248\/revisions"}],"wp:attachment":[{"href":"http:\/\/www.korhanyilmaz.com\/index.php?rest_route=%2Fwp%2Fv2%2Fmedia&parent=25248"}],"wp:term":[{"taxonomy":"category","embeddable":true,"href":"http:\/\/www.korhanyilmaz.com\/index.php?rest_route=%2Fwp%2Fv2%2Fcategories&post=25248"},{"taxonomy":"post_tag","embeddable":true,"href":"http:\/\/www.korhanyilmaz.com\/index.php?rest_route=%2Fwp%2Fv2%2Ftags&post=25248"}],"curies":[{"name":"wp","href":"https:\/\/api.w.org\/{rel}","templated":true}]}}