{"id":25243,"date":"2010-08-29T19:32:30","date_gmt":"2010-08-29T16:32:30","guid":{"rendered":"http:\/\/www.korhanyilmaz.com\/?p=25243"},"modified":"2010-08-29T19:32:30","modified_gmt":"2010-08-29T16:32:30","slug":"kadinlar-chpde-bulusuyor","status":"publish","type":"post","link":"http:\/\/www.korhanyilmaz.com\/?p=25243","title":{"rendered":"&#8221;Kad\u0131nlar CHP&#8217;de bulu\u015fuyor&#8221;"},"content":{"rendered":"<p><a href=\"http:\/\/www.korhanyilmaz.com\/wp-content\/uploads\/2010\/08\/0341.jpg\"  class=\"lightview\"><img loading=\"lazy\" decoding=\"async\" class=\"aligncenter size-full wp-image-25244\" src=\"http:\/\/www.korhanyilmaz.com\/wp-content\/uploads\/2010\/08\/0341.jpg\" alt=\"\" width=\"322\" height=\"241\" \/><\/a><\/p>\n<p style=\"text-align: justify;\">CHP \u0130stanbul \u0130l Ba\u015fkan\u0131 Berhan \u015eim\u015fek, d\u00fcnyay\u0131 kad\u0131nlar ve gen\u00e7lerin de\u011fi\u015ftirece\u011fini belirterek, &#8221;Cumhuriyet, her noktada kad\u0131n\u0131n ad\u0131d\u0131r ve Cumhuriyet, \u0130slam cumhuriyeti de\u011fil Mustafa Kemal Atat\u00fcrk Cumhuriyetidir&#8221; dedi.<!--more--><\/p>\n<p style=\"text-align: justify;\">\u0130stanbul- CHP \u0130stanbul \u0130l Ba\u015fkanl\u0131\u011f\u0131n\u0131n &#8221;Kad\u0131nlar CHP&#8217;de bulu\u015fuyor&#8221; etkinli\u011fi \u00e7e\u015fitli partilerden 1500 kad\u0131n\u0131n kat\u0131l\u0131m\u0131yla Be\u015fikta\u015f Mustafa Kemal K\u00fclt\u00fcr Merkezi&#8217;nde ger\u00e7ekle\u015fti.<\/p>\n<p style=\"text-align: justify;\">Etkinlikte konu\u015fan Berhan \u015eim\u015fek, bu \u00fclkenin temelini kad\u0131nlar\u0131n olu\u015fturdu\u011funu vurgulad\u0131.<\/p>\n<p style=\"text-align: justify;\">En b\u00fcy\u00fck a\u00e7\u0131l\u0131m\u0131 Do\u011fu&#8217;daki kad\u0131nlara yap\u0131lmas\u0131 gerekti\u011fini s\u00f6yleyen \u015eim\u015fek,&#8221;T\u00fcrk ve K\u00fcrt analar\u0131 en b\u00fcy\u00fck bedduay\u0131 Abdullah \u00d6calan&#8217;a yap\u0131yordur. G\u00fcneydo\u011fuda&#8217;ki kan\u0131 durduracak olan K\u00fcrt ve T\u00fcrk analar\u0131d\u0131r. B\u00fct\u00fcn a\u00e7\u0131l\u0131mlar\u0131 getirmek yerine Do\u011fu&#8217;daki kad\u0131nlara y\u00f6nelik i\u00e7i dolu haklar getirseler ter\u00f6r de \u00e7\u00f6z\u00fclecekti&#8221; diye konu\u015ftu.<\/p>\n<p style=\"text-align: justify;\">12 Eyl\u00fcl&#8217;deki halk oylamas\u0131nda kad\u0131nlar\u0131n do\u011fru karar\u0131 &#8221;hay\u0131r&#8221; diyerek verece\u011fini ifade eden \u015eim\u015fek, Anayasa paketindeki de\u011fi\u015fikliklerin hak ve \u00f6zg\u00fcrl\u00fckler getirmedi\u011fini, daha da darbeci bir anayasa getirerek \u00f6zg\u00fcrl\u00fckleri ve demokrasiyi yok etti\u011fini \u00f6ne s\u00fcrd\u00fc.<\/p>\n<p style=\"text-align: justify;\">\u015eim\u015fek, konu\u015fmas\u0131n\u0131 \u015f\u00f6yle s\u00fcrd\u00fcrd\u00fc:<\/p>\n<p style=\"text-align: justify;\">&#8221;\u015eiddet g\u00f6ren kad\u0131n istemiyoruz. A\u015fs\u0131z, i\u015fsiz ve e\u011fitimsiz diye nitelendirilen kad\u0131nlara haklar sa\u011flayaca\u011f\u0131z. \u0130ktidar partisinin Anayasa&#8217;da yapt\u0131\u011f\u0131 de\u011fi\u015fiklikte kad\u0131nlara pozitif haklar verilece\u011finden s\u00f6z ediliyor. Biz bu de\u011fi\u015fikliklerin i\u00e7inin bo\u015f oldu\u011funu biliyoruz. Biz Cumhuriyet Halk Partililer olarak kad\u0131n haklar\u0131ndan \u00fclkenin b\u00fct\u00fcn sorunlar\u0131na t\u00fcm aksakl\u0131klar\u0131 \u00e7\u00f6zece\u011fiz. D\u00fcnyay\u0131 de\u011fi\u015ftirecek kad\u0131nlar ve gen\u00e7lerdir. Cumhuriyet her noktada kad\u0131n\u0131n ad\u0131d\u0131r ve cumhuriyet, \u0130slam cumhuriyeti de\u011fil Mustafa Kemal Atat\u00fcrk cumhuriyetidir&#8217;<\/p>\n<p style=\"text-align: justify;\">CHP PM \u00dcyesi Necla Arat, \u0130stanbul Milletvekili Bihlun Tamayl\u0131gil, CHP Kad\u0131n Kollar\u0131 Merkez Y\u00f6netim Kurulu Sekreteri Seniye Nazik I\u015f\u0131k&#8217;\u0131n da aralar\u0131nda bulundu\u011fu pek \u00e7ok partili kad\u0131n\u0131n kat\u0131ld\u0131\u011f\u0131 etkinlikte, CHP&#8217;ye yeni kat\u0131lanlara rozetleri de tak\u0131ld\u0131.<\/p>\n<p style=\"text-align: justify;\">Etkinlik, &#8221;Kuklan\u0131n Kuklalar\u0131&#8221; ald\u0131 tiyatro oyunuyla son buldu.<\/p>\n<p style=\"text-align: justify;\"><a href=\"http:\/\/www.cumhuriyet.com.tr\/?hn=169006\" target=\"_blank\"><span style=\"color: #888888;\">Kaynak : Cumhuriyet Haber Portal\u0131<\/span><\/a><\/p>\n","protected":false},"excerpt":{"rendered":"<\/p>\n<p style=\"text-align: justify;\">CHP \u0130stanbul \u0130l Ba\u015fkan\u0131 Berhan \u015eim\u015fek, d\u00fcnyay\u0131 kad\u0131nlar ve gen\u00e7lerin de\u011fi\u015ftirece\u011fini belirterek, &#8221;Cumhuriyet, her noktada kad\u0131n\u0131n ad\u0131d\u0131r ve Cumhuriyet, \u0130slam cumhuriyeti de\u011fil Mustafa Kemal Atat\u00fcrk Cumhuriyetidir&#8221; dedi.<\/p>\n","protected":false},"author":1,"featured_media":0,"comment_status":"open","ping_status":"closed","sticky":false,"template":"","format":"standard","meta":{"footnotes":""},"categories":[105],"tags":[],"class_list":["post-25243","post","type-post","status-publish","format-standard","hentry","category-gundem","odd"],"_links":{"self":[{"href":"http:\/\/www.korhanyilmaz.com\/index.php?rest_route=\/wp\/v2\/posts\/25243","targetHints":{"allow":["GET"]}}],"collection":[{"href":"http:\/\/www.korhanyilmaz.com\/index.php?rest_route=\/wp\/v2\/posts"}],"about":[{"href":"http:\/\/www.korhanyilmaz.com\/index.php?rest_route=\/wp\/v2\/types\/post"}],"author":[{"embeddable":true,"href":"http:\/\/www.korhanyilmaz.com\/index.php?rest_route=\/wp\/v2\/users\/1"}],"replies":[{"embeddable":true,"href":"http:\/\/www.korhanyilmaz.com\/index.php?rest_route=%2Fwp%2Fv2%2Fcomments&post=25243"}],"version-history":[{"count":0,"href":"http:\/\/www.korhanyilmaz.com\/index.php?rest_route=\/wp\/v2\/posts\/25243\/revisions"}],"wp:attachment":[{"href":"http:\/\/www.korhanyilmaz.com\/index.php?rest_route=%2Fwp%2Fv2%2Fmedia&parent=25243"}],"wp:term":[{"taxonomy":"category","embeddable":true,"href":"http:\/\/www.korhanyilmaz.com\/index.php?rest_route=%2Fwp%2Fv2%2Fcategories&post=25243"},{"taxonomy":"post_tag","embeddable":true,"href":"http:\/\/www.korhanyilmaz.com\/index.php?rest_route=%2Fwp%2Fv2%2Ftags&post=25243"}],"curies":[{"name":"wp","href":"https:\/\/api.w.org\/{rel}","templated":true}]}}