{"id":2524,"date":"2009-01-05T20:06:08","date_gmt":"2009-01-05T18:06:08","guid":{"rendered":"http:\/\/www.korhanyilmaz.com\/?p=2524"},"modified":"2009-01-05T20:06:08","modified_gmt":"2009-01-05T18:06:08","slug":"anma-toreninde-aglatan-mektup","status":"publish","type":"post","link":"http:\/\/www.korhanyilmaz.com\/?p=2524","title":{"rendered":"Anma T\u00f6reninde A\u011flatan Mektup"},"content":{"rendered":"<p style=\"text-align: center;\"><img loading=\"lazy\" decoding=\"async\" class=\"size-full wp-image-2525 aligncenter\" title=\"Ula\u015ft\u0131rma Bakan\u0131 Binali Y\u0131ld\u0131r\u0131m\" src=\"http:\/\/www.korhanyilmaz.com\/wp-content\/uploads\/2009\/01\/c9d4b6bb9fb57645bf4c5e44x.jpg\" alt=\"Ula\u015ft\u0131rma Bakan\u0131 Binali Y\u0131ld\u0131r\u0131m\" width=\"380\" height=\"200\" \/><\/p>\n<p style=\"text-align: justify;\">Ankara&#8217;daki &#8220;do\u011falgaz facias\u0131&#8221;nda hayat\u0131n\u0131 kaybeden 7 Bilkentli, t\u00f6renle an\u0131ld\u0131. Tar\u0131k Y\u0131lmaz&#8217;\u0131n karde\u015fi 16 ya\u015f\u0131ndaki Tilbe&#8217;nin a\u011fabeyine yazd\u0131\u011f\u0131 mektup, t\u00f6rene kat\u0131lanlar\u0131 g\u00f6zya\u015f\u0131na bo\u011fdu..<\/p>\n<p style=\"text-align: justify;\">Bilkent \u00dcniversitesi, do\u011falgaz facias\u0131na kurban verdi\u011fi 7 \u00f6\u011frencisini unutmad\u0131&#8230; \u00dcniversitede d\u00fczelenen t\u00f6rende, ya\u015fam\u0131n\u0131 yitiren gen\u00e7lerden Tar\u0131k Y\u0131lmaz&#8217;\u0131n karde\u015fi Tilbe Y\u0131lmaz, k\u00fcrs\u00fcden a\u011fabeyine seslenince, gen\u00e7lerin okul arkada\u015flar\u0131 h\u0131\u00e7k\u0131r\u0131klara bo\u011fuldu. Bilkent \u00dcniversitesi M\u00fczik ve Sahne Sanatlar\u0131 Fak\u00fcltesi&#8217;nde d\u00fczenlenen t\u00f6rene y\u00fczlerce \u00f6\u011frenciyle birlikte Y\u00d6K Ba\u015fkan\u0131 \u00d6zcan da kat\u0131ld\u0131. <!--more--><\/p>\n<p style=\"text-align: justify;\">&#8216;\u015e\u0130MD\u0130 KARA TOPRAKTASIN&#8217;<br \/>\nYa\u015fam\u0131n\u0131 yitiren 7 gencin yak\u0131nlar\u0131n\u0131n da kat\u0131ld\u0131\u011f\u0131 t\u00f6rende en duygusal konu\u015fmay\u0131 Tar\u0131k Y\u0131lmaz&#8217;\u0131n 16 ya\u015f\u0131ndaki karde\u015fi Tilbe Y\u0131lmaz yapt\u0131. K\u00fcrs\u00fcden a\u011fabeyine seslenen Tilbe Y\u0131lmaz, &#8220;\u015eu an beni g\u00f6rd\u00fc\u011f\u00fcn\u00fc, duydu\u011funu biliyorum. Seni son defa g\u00f6rd\u00fc\u011f\u00fcmde beyaz kefene sarm\u0131\u015flard\u0131. Abim diye hayk\u0131rd\u0131m. Ses vermedin. \u00d6pt\u00fcm buz gibiydin. Bu nas\u0131l bir ac\u0131&#8230; Tar\u0131k \u00f6ld\u00fc diyorlar, ama kimse i\u00e7imdeki yang\u0131n\u0131 bilmiyor. S\u0131rda\u015f\u0131m, dert orta\u011f\u0131m. Sen gittin, derdimi kime anlatay\u0131m. Kime ko\u015fulsuz g\u00fcveneyim. Kim sever beni senin sevdi\u011fin gibi. Kim g\u00f6z\u00fcn\u00fc k\u0131rpmadan can\u0131n\u0131 ortaya koyar benim i\u00e7in. \u015eimdi kara topraktas\u0131n, yaln\u0131z de\u011filsin. Dedem \u0131s\u0131tacak seni. Ke\u015fke elimde olsayd\u0131, nefesimi sana verseydim. Hayat doluydun abim. Benim iyi kalpli sevecen babayi\u011fit, karag\u00f6zl\u00fc abim. Allah kimseye ama kimseye karde\u015f ac\u0131s\u0131 ya\u015fatmas\u0131n&#8221; diye konu\u015ftu.<\/p>\n<p style=\"text-align: justify;\">&#8216;\u00dcLKEN\u0130N UMUDUYDUNUZ&#8217;<br \/>\nBilkent \u00dcniversitesi Hukuk Fak\u00fcltesi Dekan\u0131 Prof. Dr. Osman Berat G\u00fcrzumar da, &#8220;Tertemizdiniz. Her gen\u00e7 insan gibi bu \u00fclkenin umuduydunuz. \u00c7ocuklar\u0131m\u0131zd\u0131n\u0131z. Yok olmad\u0131n\u0131z, h\u00fczn\u00fcm\u00fcz oldunuz. Sizi hep masumiyetinizle, iyilik ve sevgiyle hat\u0131rlayaca\u011f\u0131z&#8221; dedi. Bu arada yurtd\u0131\u015f\u0131nda bulunan Bilkent \u00dcniversitesi Rekt\u00f6r\u00fc Prof. Dr. Ali Do\u011framac\u0131&#8217;n\u0131n mesaj\u0131 okundu.<\/p>\n<p style=\"text-align: justify;\">VAK\u0130T VE DEM\u0130R&#8217;E TEPK\u0130<br \/>\nT\u00f6ren Adli T\u0131p Morgu&#8217;nda cenazeleri kar\u0131\u015fan Erol Can \u00d6zdokumac\u0131 ile Tar\u0131k Y\u0131lmaz&#8217;\u0131n ailelerini de bulu\u015fturdu. Tar\u0131k Y\u0131lmaz&#8217;\u0131n bir yak\u0131n\u0131, kar\u0131\u015f\u0131kl\u0131k s\u0131ras\u0131nda ald\u0131klar\u0131 malzemeler aras\u0131nda buldu\u011fu ve Erol Can&#8217;a ait olan tespihi annesine iade etti. Ac\u0131l\u0131 aileler, t\u00f6renden sonra birbirlerine ba\u015fsa\u011fl\u0131\u011f\u0131 diledi. T\u00f6rende konu\u015fan \u00d6\u011frenci Konseyi Ba\u015fkan Yard\u0131mc\u0131s\u0131 Fatih Demir, istifa eden Ba\u015fkent Do\u011falgaz Genel m\u00fcd\u00fcr\u00fc Veysel Karani Demir&#8217;in olayla ilgili s\u00f6zleri ve faciay\u0131 y\u0131lba\u015f\u0131 kutlamas\u0131na ba\u011flayan Vakit Gazetesi&#8217;nin haberlerini ele\u015ftirince, salonda uzun s\u00fcreli bir alk\u0131\u015f protestosu ya\u015fand\u0131.\n<\/p>\n<p style=\"text-align: justify;\"><span style=\"color: #999999;\">Kaynak : Sabah Gazetesi<\/span><\/p>\n","protected":false},"excerpt":{"rendered":"<p style=\"text-align: center;\">\n<p style=\"text-align: justify;\">Ankara&#8217;daki &#8220;do\u011falgaz facias\u0131&#8221;nda hayat\u0131n\u0131 kaybeden 7 Bilkentli, t\u00f6renle an\u0131ld\u0131. Tar\u0131k Y\u0131lmaz&#8217;\u0131n karde\u015fi 16 ya\u015f\u0131ndaki Tilbe&#8217;nin a\u011fabeyine yazd\u0131\u011f\u0131 mektup, t\u00f6rene kat\u0131lanlar\u0131 g\u00f6zya\u015f\u0131na bo\u011fdu..<\/p>\n<p style=\"text-align: justify;\">Bilkent \u00dcniversitesi, do\u011falgaz facias\u0131na kurban verdi\u011fi 7 \u00f6\u011frencisini unutmad\u0131&#8230; \u00dcniversitede d\u00fczelenen t\u00f6rende, ya\u015fam\u0131n\u0131 yitiren gen\u00e7lerden Tar\u0131k Y\u0131lmaz&#8217;\u0131n karde\u015fi Tilbe Y\u0131lmaz, k\u00fcrs\u00fcden a\u011fabeyine seslenince, gen\u00e7lerin okul arkada\u015flar\u0131 <\/p>\n","protected":false},"author":1,"featured_media":0,"comment_status":"open","ping_status":"open","sticky":false,"template":"","format":"standard","meta":{"footnotes":""},"categories":[7],"tags":[],"class_list":["post-2524","post","type-post","status-publish","format-standard","hentry","category-ekonomi","odd"],"_links":{"self":[{"href":"http:\/\/www.korhanyilmaz.com\/index.php?rest_route=\/wp\/v2\/posts\/2524","targetHints":{"allow":["GET"]}}],"collection":[{"href":"http:\/\/www.korhanyilmaz.com\/index.php?rest_route=\/wp\/v2\/posts"}],"about":[{"href":"http:\/\/www.korhanyilmaz.com\/index.php?rest_route=\/wp\/v2\/types\/post"}],"author":[{"embeddable":true,"href":"http:\/\/www.korhanyilmaz.com\/index.php?rest_route=\/wp\/v2\/users\/1"}],"replies":[{"embeddable":true,"href":"http:\/\/www.korhanyilmaz.com\/index.php?rest_route=%2Fwp%2Fv2%2Fcomments&post=2524"}],"version-history":[{"count":0,"href":"http:\/\/www.korhanyilmaz.com\/index.php?rest_route=\/wp\/v2\/posts\/2524\/revisions"}],"wp:attachment":[{"href":"http:\/\/www.korhanyilmaz.com\/index.php?rest_route=%2Fwp%2Fv2%2Fmedia&parent=2524"}],"wp:term":[{"taxonomy":"category","embeddable":true,"href":"http:\/\/www.korhanyilmaz.com\/index.php?rest_route=%2Fwp%2Fv2%2Fcategories&post=2524"},{"taxonomy":"post_tag","embeddable":true,"href":"http:\/\/www.korhanyilmaz.com\/index.php?rest_route=%2Fwp%2Fv2%2Ftags&post=2524"}],"curies":[{"name":"wp","href":"https:\/\/api.w.org\/{rel}","templated":true}]}}