{"id":25227,"date":"2010-08-29T19:25:19","date_gmt":"2010-08-29T16:25:19","guid":{"rendered":"http:\/\/www.korhanyilmaz.com\/?p=25227"},"modified":"2010-08-29T19:25:19","modified_gmt":"2010-08-29T16:25:19","slug":"basbakan-erdogandan-chpde-kavga-iddiasi","status":"publish","type":"post","link":"http:\/\/www.korhanyilmaz.com\/?p=25227","title":{"rendered":"Ba\u015fbakan Erdo\u011fan&#8217;dan CHP&#8217;de kavga iddias\u0131"},"content":{"rendered":"<p style=\"text-align: center;\"><a href=\"http:\/\/www.korhanyilmaz.com\/wp-content\/uploads\/2010\/08\/0291.jpg\"  class=\"lightview\"><img loading=\"lazy\" decoding=\"async\" class=\"aligncenter size-full wp-image-25228\" src=\"http:\/\/www.korhanyilmaz.com\/wp-content\/uploads\/2010\/08\/0291.jpg\" alt=\"\" width=\"307\" height=\"236\" \/><\/a><\/p>\n<p style=\"text-align: justify;\">AK Parti Genel Ba\u015fkan\u0131 ve Ba\u015fbakan Recep Tayyip Erdo\u011fan, &#8220;Bir genel affa biz y\u00f6neticilerin hakk\u0131 var m\u0131? Soruyorum, herhangi birimizin babas\u0131, karde\u015fi, evlad\u0131 \u00f6ld\u00fcr\u00fclse devlet kalksa bunu bizim m\u00fcsaademiz, iznimiz olmadan affetse buna &#8216;evet&#8217; der misiniz?&#8221; diye sordu. Erdo\u011fan, &#8220;13 Eyl\u00fcl&#8217;den itibaren CHP&#8217;nin \u00fcst y\u00f6netiminde ba\u015fka bir kavga ba\u015flayacak&#8221; iddias\u0131nda bulundu. <!--more--><\/p>\n<p style=\"text-align: justify;\">Erdo\u011fan, partisince Sincan&#8217;da d\u00fczenlenen a\u00e7\u0131k hava toplant\u0131s\u0131nda halka hitap etti.<\/p>\n<p style=\"text-align: justify;\">Konu\u015fmas\u0131nda genel af tart\u0131\u015fmalar\u0131na de\u011finen Erdo\u011fan, CHP Genel Ba\u015fkan\u0131 Kemal K\u0131l\u0131\u00e7daro\u011flu&#8217;nu ele\u015ftirdi.<\/p>\n<p style=\"text-align: justify;\">CHP, MHP ve BDP&#8217;ye oy verenlere seslenmek istedi\u011fini kaydeden Erdo\u011fan, yap\u0131lacak halk oylamas\u0131n\u0131n, genel se\u00e7im ya da g\u00fcven oylamas\u0131 olmad\u0131\u011f\u0131n\u0131 belirterek, &#8220;Bu bir Recep Tayyip Erdo\u011fan projesi de\u011fildir, bu bir millet projesidir&#8221; dedi.<\/p>\n<p style=\"text-align: justify;\">Erdo\u011fan, \u015f\u00f6yle konu\u015ftu: &#8220;Say\u0131n K\u0131l\u0131\u00e7daro\u011flu, Tunceli&#8217;de ne dedi? Genel af&#8230; Ama geldi Kayseri&#8217;ye ne dedi? &#8216;Ben \u00f6yle demek istemedim, b\u00f6yle demek istedim&#8217;. Yani 24 saatte ne oldu? Ama bunlar hep b\u00f6yle, ak\u015fam ba\u015fka konu\u015furlar, sabah ba\u015fka konu\u015furlar. Bunlar\u0131n genlerinde var. \u00d6yleyse ben CHP&#8217;ye g\u00f6n\u00fcl vermi\u015f karde\u015fime de MHP&#8217;ye g\u00f6n\u00fcl vermi\u015f karde\u015fime de sesleniyorum, bir genel affa biz y\u00f6neticilerin hakk\u0131 var m\u0131? Soruyorum, herhangi birimizin babas\u0131, karde\u015fi, evlad\u0131 \u00f6ld\u00fcr\u00fclse devlet kalksa bunu bizim m\u00fcsaademiz, iznimiz olmadan affetse buna &#8216;evet&#8217; der misiniz?<\/p>\n<p style=\"text-align: justify;\">\u0130\u015fte ger\u00e7ek hay\u0131r budur. Ve parlamentoda y\u00fczde 60, y\u00fczde 64 \u015fu anda oy \u00e7oklu\u011funa sahip olan AK Parti Grubu, b\u00f6yle bir genel af talebinde orada g\u0131d\u0131m vermez, g\u0131d\u0131m&#8230; Asla, asla&#8230; Say\u0131n K\u0131l\u0131\u00e7daro\u011flu yanl\u0131\u015f kap\u0131 \u00e7ald\u0131n. Tunceli&#8217;de bunu s\u00f6yleyerek &#8216;oralardan oy toplar\u0131m&#8217; diye r\u00fc\u015fveti kelam ettin. Kimse yutmaz bunu. Siz r\u00fc\u015fvet vermeye al\u0131\u015fm\u0131\u015fs\u0131n\u0131z. Biz r\u00fc\u015fvet vermeye al\u0131\u015fmad\u0131k. Ger\u00e7ekler ne ise onu konu\u015ftuk. Ve hala da onu konu\u015fuyoruz.&#8221;<\/p>\n<p style=\"text-align: justify;\"><strong>&#8220;Partimde ya\u015fatmam&#8221; <\/strong><\/p>\n<p style=\"text-align: justify;\">Ba\u015fbakan Erdo\u011fan, MHP Genel Ba\u015fkan\u0131 Devlet Bah\u00e7eli&#8217;yi ele\u015ftirdi.<\/p>\n<p style=\"text-align: justify;\">MHP Genel Ba\u015fkan\u0131 Devlet Bah\u00e7eli&#8217;ye &#8220;Sen, \u00d6calan&#8217;\u0131 idamdan kurtaranlar\u0131n i\u00e7indesin&#8221; diye seslenen Ba\u015fbakan Erdo\u011fan, &#8220;Sen, \u00fc\u00e7 taneden birisin. Onda senin imzan var. As\u0131l s\u00f6z\u00fc veren sizsiniz. \u0130mzay\u0131 \u00e7akt\u0131n\u0131z, idamdan kurtard\u0131n\u0131z&#8221; diye konu\u015ftu.<\/p>\n<p style=\"text-align: justify;\">Bir s\u00fcre \u00f6nce MHP Genel Ba\u015fkan\u0131 Bah\u00e7eli&#8217;nin kat\u0131ld\u0131\u011f\u0131 televizyondan canl\u0131 yay\u0131n\u0131 izledi\u011fini ifade eden Ba\u015fbakan Erdo\u011fan, \u015funlar\u0131 kaydetti: &#8220;Merhum Ecevit, &#8216;A\u0130HM&#8217;e verilen s\u00f6zler, \u015funlar bunlar nedeniyle idam edemeyece\u011fiz&#8217; dedi. Arkas\u0131ndan medya geldi ve Say\u0131n Bah\u00e7eli&#8217;ye soruyor ve &#8216;ne d\u00fc\u015f\u00fcn\u00fcyorsunuz?&#8217; diyor. Say\u0131n Bah\u00e7eli&#8217;nin verdi\u011fi cevap \u00e7ok enteresand\u0131r. Diyor ki &#8216;Say\u0131n Ba\u015fbakan gerekli a\u00e7\u0131klamay\u0131 yapt\u0131. Benim, s\u00f6yleyecek hi\u00e7 bir \u015feyim yok&#8217;.<\/p>\n<p style=\"text-align: justify;\">Bu s\u00f6zler Say\u0131n Bah\u00e7eli, busun. \u0130\u015fin ger\u00e7e\u011fi de bu karde\u015flerim. Bize gelince Say\u0131n Bah\u00e7eli e\u011fer d\u00fcr\u00fcstsen&#8230; Bak, mecburum bunu s\u00f6ylemeye. E\u011fer mertse o zaman ben kiminle g\u00f6r\u00fc\u015fme yapt\u0131m, kime s\u00f6z verdim? \u0130ddia sahibi, iddias\u0131n\u0131 ispatla m\u00fckelleftir. \u00c7\u0131k, bunu a\u00e7\u0131kla. Bug\u00fcnden tezi yok, bu i\u015fi sallama, 12 Eyl\u00fcl\u00fc bekleme, hemen a\u00e7\u0131kla. A\u00e7\u0131klamazsan namertsin, bu kadar a\u00e7\u0131k s\u00f6yl\u00fcyorum. \u00c7\u00fcnk\u00fc, bizim kitab\u0131m\u0131zda aldatmak yok. D\u00fcr\u00fcstsen, samimiysen, \u00e7\u0131k bunu a\u00e7\u0131kla.<\/p>\n<p style=\"text-align: justify;\">E\u011fer Tayyip Erdo\u011fan, arkada\u015flar\u0131, ter\u00f6r \u00f6rg\u00fct\u00fcyle b\u00f6yle bir pazarl\u0131k yapm\u0131\u015fsa, \u00e7\u0131k bunu a\u00e7\u0131kla. E\u011fer arkada\u015flar\u0131m\u0131n i\u00e7inde b\u00f6yle bir pazarl\u0131k yapm\u0131\u015f olan varsa -ki asla bug\u00fcne kadar b\u00f6yle bir \u015fey olmam\u0131\u015ft\u0131r, \u00e7\u00fcnk\u00fc, bana gelen, bana ula\u015fan, benim bilgim dahilinde b\u00f6yle bir \u015fey yoktur- partimde bir saniye ya\u015fatmam. Ama bunu ispat etmek sana aittir.&#8221;<\/p>\n<p style=\"text-align: justify;\">MHP Genel Ba\u015fkan\u0131 Bah\u00e7eli&#8217;nin d\u00fcn Sivas&#8217;ta yapt\u0131\u011f\u0131 konu\u015fmada da &#8220;ayn\u0131 \u015feyi&#8221; s\u00f6yledi\u011fini ifade eden Erdo\u011fan, &#8220;Bundan prim yapaca\u011f\u0131n\u0131 zannediyor. Do\u011frular\u0131 konu\u015faca\u011f\u0131z, d\u00fcr\u00fcst siyaset yapaca\u011f\u0131z. Aldatan siyaset de\u011fil, yalan siyaset de\u011fil, bunu ba\u015faraca\u011f\u0131z&#8221; diye konu\u015ftu.<\/p>\n<p style=\"text-align: justify;\">Erdo\u011fan, &#8220;S\u00f6z namludan \u00e7\u0131kan kur\u015fun gibidir. S\u00f6z, yay\u0131ndan f\u0131rlayan ok gibidir&#8221; diyerek, &#8220;Ana muhalefet partisi de muhalefet partisinin liderleri de bu kadar sorumsuz, bu kadar d\u00fc\u015f\u00fcncesiz davranma l\u00fcks\u00fcne sahip olamazlar. S\u00f6yledikleri s\u00f6zlerin, nereye gitti\u011fini \u00e7ok iyi d\u00fc\u015f\u00fcnmeleri gerekir. Bunu bilmeyen siyaset\u00e7i, kendisine de partisine de \u00fclkesine de zarar verir. B\u00f6yle konular, rastgele konu\u015fulamaz. D\u00fcr\u00fcstsen, samimiysen ispat et. Biz, ispat ediyoruz. Biz, b\u00f6l\u00fcc\u00fc ter\u00f6r \u00f6rg\u00fct\u00fcn\u00fcn liderini nas\u0131l idamdan kurtard\u0131\u011f\u0131n\u0131z\u0131 belgelerle a\u00e7\u0131klad\u0131k&#8221; diye konu\u015ftu.<\/p>\n<p style=\"text-align: justify;\"><strong>&#8220;CHP&#8217;nin \u00fcst y\u00f6netiminde ba\u015fka bir kavga ba\u015flayacak&#8221; <\/strong><\/p>\n<p style=\"text-align: justify;\">&#8220;\u015eunu unutmay\u0131n. Sand\u0131ktan \u00e7\u0131kan her &#8216;hay\u0131r&#8217; oyu, CHP \u00fcst y\u00f6netiminin \u015fahsi beklentilerine cevap verecektir&#8221; iddias\u0131nda bulanan Erdo\u011fan, &#8220;Yani 13 Eyl\u00fcl&#8217;e y\u00f6neliktir. \u00c7\u00fcnk\u00fc, 13 Eyl\u00fcl&#8217;den itibaren CHP&#8217;nin \u00fcst y\u00f6netiminde ba\u015fka bir kavga ba\u015flayacak. Onun i\u00e7in \u00f6nem arz ediyor. Sizin, gen\u00e7lerin, \u00e7ocuklar\u0131n, gelece\u011fimizin oylanmas\u0131d\u0131r bu oylanma. Onun i\u00e7in &#8216;evet&#8217;e haz\u0131r m\u0131y\u0131z?&#8221; diye sordu.<\/p>\n<p style=\"text-align: justify;\"><span style=\"color: #888888;\">CNN T\u00dcRK<\/span><\/p>\n","protected":false},"excerpt":{"rendered":"<p style=\"text-align: center;\">\n<p style=\"text-align: justify;\">AK Parti Genel Ba\u015fkan\u0131 ve Ba\u015fbakan Recep Tayyip Erdo\u011fan, &#8220;Bir genel affa biz y\u00f6neticilerin hakk\u0131 var m\u0131? Soruyorum, herhangi birimizin babas\u0131, karde\u015fi, evlad\u0131 \u00f6ld\u00fcr\u00fclse devlet kalksa bunu bizim m\u00fcsaademiz, iznimiz olmadan affetse buna &#8216;evet&#8217; der misiniz?&#8221; diye sordu. Erdo\u011fan, &#8220;13 Eyl\u00fcl&#8217;den itibaren CHP&#8217;nin \u00fcst y\u00f6netiminde ba\u015fka bir kavga ba\u015flayacak&#8221; iddias\u0131nda <\/p>\n","protected":false},"author":1,"featured_media":0,"comment_status":"open","ping_status":"closed","sticky":false,"template":"","format":"standard","meta":{"footnotes":""},"categories":[105],"tags":[],"class_list":["post-25227","post","type-post","status-publish","format-standard","hentry","category-gundem","odd"],"_links":{"self":[{"href":"http:\/\/www.korhanyilmaz.com\/index.php?rest_route=\/wp\/v2\/posts\/25227","targetHints":{"allow":["GET"]}}],"collection":[{"href":"http:\/\/www.korhanyilmaz.com\/index.php?rest_route=\/wp\/v2\/posts"}],"about":[{"href":"http:\/\/www.korhanyilmaz.com\/index.php?rest_route=\/wp\/v2\/types\/post"}],"author":[{"embeddable":true,"href":"http:\/\/www.korhanyilmaz.com\/index.php?rest_route=\/wp\/v2\/users\/1"}],"replies":[{"embeddable":true,"href":"http:\/\/www.korhanyilmaz.com\/index.php?rest_route=%2Fwp%2Fv2%2Fcomments&post=25227"}],"version-history":[{"count":0,"href":"http:\/\/www.korhanyilmaz.com\/index.php?rest_route=\/wp\/v2\/posts\/25227\/revisions"}],"wp:attachment":[{"href":"http:\/\/www.korhanyilmaz.com\/index.php?rest_route=%2Fwp%2Fv2%2Fmedia&parent=25227"}],"wp:term":[{"taxonomy":"category","embeddable":true,"href":"http:\/\/www.korhanyilmaz.com\/index.php?rest_route=%2Fwp%2Fv2%2Fcategories&post=25227"},{"taxonomy":"post_tag","embeddable":true,"href":"http:\/\/www.korhanyilmaz.com\/index.php?rest_route=%2Fwp%2Fv2%2Ftags&post=25227"}],"curies":[{"name":"wp","href":"https:\/\/api.w.org\/{rel}","templated":true}]}}