{"id":25223,"date":"2010-08-29T19:09:30","date_gmt":"2010-08-29T16:09:30","guid":{"rendered":"http:\/\/www.korhanyilmaz.com\/?p=25223"},"modified":"2010-08-29T19:09:30","modified_gmt":"2010-08-29T16:09:30","slug":"akpnin-evet-yuruyusunde-ataturk-gerginligi","status":"publish","type":"post","link":"http:\/\/www.korhanyilmaz.com\/?p=25223","title":{"rendered":"AKP&#8217;nin &#8220;evet&#8221; y\u00fcr\u00fcy\u00fc\u015f\u00fcnde Atat\u00fcrk gerginli\u011fi"},"content":{"rendered":"<p style=\"text-align: center;\"><a href=\"http:\/\/www.korhanyilmaz.com\/wp-content\/uploads\/2010\/08\/0281.jpg\"  class=\"lightview\"><img loading=\"lazy\" decoding=\"async\" class=\"aligncenter size-full wp-image-25224\" src=\"http:\/\/www.korhanyilmaz.com\/wp-content\/uploads\/2010\/08\/0281.jpg\" alt=\"\" width=\"307\" height=\"236\" \/><\/a><\/p>\n<p style=\"text-align: justify;\">&#8220;Refaranduma Evet&#8221; y\u00fcr\u00fcy\u00fc\u015f\u00fc i\u00e7in Taksim&#8217;de toplanan AK Parti \u0130stanbul \u0130l Ba\u015fkanl\u0131\u011f\u0131 Gen\u00e7lik Kollar\u0131 \u00fcyelerinden baz\u0131lar\u0131 meydanda bulunan Cumhuriyet An\u0131t\u0131na \u00e7\u0131karak, an\u0131ttaki Atat\u00fcrk&#8217;\u00fcn heykelinin eline \u00fczerinde &#8220;Evet&#8221; yaz\u0131l\u0131 flama b\u0131rakt\u0131lar. Polislerin yan\u0131ndaki sivil giyimli bir ki\u015fi ise duruma tepki g\u00f6sterdi.<!--more--><\/p>\n<p style=\"text-align: justify;\">AK Parti \u0130stanbul Gen\u00e7lik Kollar\u0131 \u00fcyeleri, 12 Eyl\u00fcl&#8217;de yap\u0131lacak referandumda Anayasa de\u011fi\u015fikli\u011fine &#8220;evet&#8221; demek i\u00e7in Beyo\u011flu&#8217;nda y\u00fcr\u00fcy\u00fc\u015f yapt\u0131.<\/p>\n<p style=\"text-align: justify;\">Taksim tramvay dura\u011f\u0131nda toplanan grup ad\u0131na a\u00e7\u0131klama yapan AK Parti \u0130stanbul Gen\u00e7lik Kollar\u0131 Ba\u015fkan\u0131 Erkan Kandemir, d\u00fcnya de\u011fi\u015firken T\u00fcrkiye&#8217;nin de de\u011fi\u015fti\u011fini, d\u00f6n\u00fc\u015ft\u00fc\u011f\u00fcn\u00fc, evrildi\u011fini, demokratikle\u015ftik\u00e7e kendisiyle y\u00fczle\u015fti\u011fini, i\u00e7inde bar\u0131nd\u0131rd\u0131\u011f\u0131 farkl\u0131l\u0131\u011f\u0131 ke\u015ffetti\u011fini s\u00f6yledi.<\/p>\n<p style=\"text-align: justify;\">Kandemir, verilecek her &#8220;evet&#8221; oyunun, \u015feffaf, hesap veren bir devlet sistemi i\u00e7in bir ad\u0131m olaca\u011f\u0131n\u0131, ayd\u0131nl\u0131k bir gelecek ad\u0131na beyaz bir de\u011fi\u015fimin \u00f6n\u00fcn\u00fc a\u00e7aca\u011f\u0131n\u0131 belirtti.<\/p>\n<p style=\"text-align: justify;\">A\u00e7\u0131klaman\u0131n ard\u0131ndan partili gen\u00e7ler, davullar \u00e7alarak Taksim Meydan\u0131&#8217;ndan T\u00fcnel&#8217;e do\u011fru y\u00fcr\u00fcy\u00fc\u015fe ge\u00e7ti. Y\u00fcr\u00fcy\u00fc\u015f s\u0131ras\u0131nda grupta yer alan baz\u0131 gen\u00e7ler, \u0130stiklal Caddesi&#8217;ndeki parti binalar\u0131n\u0131n d\u0131\u015f\u0131na referandumda Anayasa de\u011fi\u015fikli\u011fine &#8220;hay\u0131r&#8221; pankart\u0131 asan CHP ve TKP&#8217;yi sloganlar atarak protesto etti.<\/p>\n<p style=\"text-align: justify;\">Bu arada y\u00fcr\u00fcy\u00fc\u015f s\u0131ras\u0131nda, grupta yer alan baz\u0131 gen\u00e7ler ile kendilerine tepki g\u00f6steren baz\u0131 vatanda\u015flar aras\u0131nda gerginlik ya\u015fand\u0131.<\/p>\n<p style=\"text-align: justify;\">Gerginlik, polisin araya girmesiyle \u00f6nlendi. Y\u00fcr\u00fcy\u00fc\u015fe sloganlar atarak devam eden partililer, \u0130stanbul Baro Ba\u015fkanl\u0131\u011f\u0131 \u00f6n\u00fcnde k\u0131sa bir s\u00fcre oturma eylemi yapt\u0131.<\/p>\n<p style=\"text-align: justify;\">AK Parti \u0130stanbul Gen\u00e7lik Kollar\u0131 \u00fcyelerinin y\u00fcr\u00fcy\u00fc\u015f\u00fc, T\u00fcnel&#8217;deki tramvay dura\u011f\u0131nda sona erdi.<\/p>\n<p style=\"text-align: justify;\">Bu arada AK Parti \u0130stanbul \u0130l Ba\u015fkanl\u0131\u011f\u0131 Gen\u00e7lik Kollar\u0131 \u00fcyelerinden baz\u0131lar\u0131 meydanda bulunan Cumhuriyet An\u0131t\u0131na \u00e7\u0131karak, an\u0131ttaki Atat\u00fcrk&#8217;\u00fcn heykelinin eline \u00fczerinde &#8220;Evet&#8221; yaz\u0131l\u0131 flama b\u0131rakt\u0131lar.<\/p>\n<p style=\"text-align: justify;\">Polislerin yan\u0131ndaki sivil giyimli bir ki\u015fi ise duruma tepki g\u00f6sterdi.<\/p>\n<p style=\"text-align: justify;\">Daha sonra eyleme kat\u0131lan bir gen\u00e7 Atat\u00fcrk heykelinin eline &#8216;evet&#8217; yaz\u0131l\u0131 flama yerle\u015ftirdi. Ayn\u0131 ki\u015fi daha sonra Atat\u00fcrk&#8217;\u00fcn heykelinin ba\u015f\u0131na &#8216;evet&#8217; yaz\u0131l\u0131 \u015fapka takt\u0131.<\/p>\n<p style=\"text-align: justify;\">Bu harekete yay\u0131nda polis bulunan sivil giyimli bir ki\u015fi tepki g\u00f6sterdi ve eylemcinin a\u015fa\u011f\u0131 inmesini istedi.<\/p>\n<p style=\"text-align: justify;\">Eylemci gen\u00e7 bunun \u00fczerine \u015fapkay\u0131 ve flamay\u0131 alarak a\u015fa\u011f\u0131 indi.<\/p>\n<p style=\"text-align: justify;\">A\u015fa\u011f\u0131 inen eylemciye, ayn\u0131 ki\u015fi tepki g\u00f6stermeye devam etti. Olay yerine gelen bir polis genci b\u00f6lgeden uzakla\u015ft\u0131rmak istedi.<\/p>\n<p style=\"text-align: justify;\">Bunun \u00fczerine baz\u0131 eylemciler tepki g\u00f6sterdi.Gerginlik k\u0131sa s\u00fcrede sona erdi.<\/p>\n<p style=\"text-align: justify;\"><span style=\"color: #888888;\">CNN T\u00dcRK<\/span><\/p>\n","protected":false},"excerpt":{"rendered":"<p style=\"text-align: center;\">\n<p style=\"text-align: justify;\">&#8220;Refaranduma Evet&#8221; y\u00fcr\u00fcy\u00fc\u015f\u00fc i\u00e7in Taksim&#8217;de toplanan AK Parti \u0130stanbul \u0130l Ba\u015fkanl\u0131\u011f\u0131 Gen\u00e7lik Kollar\u0131 \u00fcyelerinden baz\u0131lar\u0131 meydanda bulunan Cumhuriyet An\u0131t\u0131na \u00e7\u0131karak, an\u0131ttaki Atat\u00fcrk&#8217;\u00fcn heykelinin eline \u00fczerinde &#8220;Evet&#8221; yaz\u0131l\u0131 flama b\u0131rakt\u0131lar. Polislerin yan\u0131ndaki sivil giyimli bir ki\u015fi ise duruma tepki g\u00f6sterdi.<\/p>\n","protected":false},"author":1,"featured_media":0,"comment_status":"open","ping_status":"closed","sticky":false,"template":"","format":"standard","meta":{"footnotes":""},"categories":[105],"tags":[],"class_list":["post-25223","post","type-post","status-publish","format-standard","hentry","category-gundem","odd"],"_links":{"self":[{"href":"http:\/\/www.korhanyilmaz.com\/index.php?rest_route=\/wp\/v2\/posts\/25223","targetHints":{"allow":["GET"]}}],"collection":[{"href":"http:\/\/www.korhanyilmaz.com\/index.php?rest_route=\/wp\/v2\/posts"}],"about":[{"href":"http:\/\/www.korhanyilmaz.com\/index.php?rest_route=\/wp\/v2\/types\/post"}],"author":[{"embeddable":true,"href":"http:\/\/www.korhanyilmaz.com\/index.php?rest_route=\/wp\/v2\/users\/1"}],"replies":[{"embeddable":true,"href":"http:\/\/www.korhanyilmaz.com\/index.php?rest_route=%2Fwp%2Fv2%2Fcomments&post=25223"}],"version-history":[{"count":0,"href":"http:\/\/www.korhanyilmaz.com\/index.php?rest_route=\/wp\/v2\/posts\/25223\/revisions"}],"wp:attachment":[{"href":"http:\/\/www.korhanyilmaz.com\/index.php?rest_route=%2Fwp%2Fv2%2Fmedia&parent=25223"}],"wp:term":[{"taxonomy":"category","embeddable":true,"href":"http:\/\/www.korhanyilmaz.com\/index.php?rest_route=%2Fwp%2Fv2%2Fcategories&post=25223"},{"taxonomy":"post_tag","embeddable":true,"href":"http:\/\/www.korhanyilmaz.com\/index.php?rest_route=%2Fwp%2Fv2%2Ftags&post=25223"}],"curies":[{"name":"wp","href":"https:\/\/api.w.org\/{rel}","templated":true}]}}