{"id":25219,"date":"2010-08-29T19:25:10","date_gmt":"2010-08-29T16:25:10","guid":{"rendered":"http:\/\/www.korhanyilmaz.com\/?p=25219"},"modified":"2010-08-29T19:25:10","modified_gmt":"2010-08-29T16:25:10","slug":"yarsavdan-hukumete-ilginc-cikis","status":"publish","type":"post","link":"http:\/\/www.korhanyilmaz.com\/?p=25219","title":{"rendered":"&#8220;Yap\u0131lmak istenen &#8216;Cumhuriyet ile hesapla\u015fmak'&#8221;"},"content":{"rendered":"<div id=\"attachment_25240\" style=\"width: 341px\" class=\"wp-caption aligncenter\"><a title=\"Yarg\u0131\u00e7lar ve Savc\u0131lar Birli\u011fi (YARSAV) Ba\u015fkan\u0131 Emine \u00dclker Tarhan\" href=\"http:\/\/www.korhanyilmaz.com\/wp-content\/uploads\/2010\/08\/0331.jpg\"  class=\"lightview\"><img loading=\"lazy\" decoding=\"async\" aria-describedby=\"caption-attachment-25240\" class=\"size-full wp-image-25240 \" title=\"Yarg\u0131\u00e7lar ve Savc\u0131lar Birli\u011fi (YARSAV) Ba\u015fkan\u0131 Emine \u00dclker Tarhan\" src=\"http:\/\/www.korhanyilmaz.com\/wp-content\/uploads\/2010\/08\/0331.jpg\" alt=\"\" width=\"331\" height=\"248\" \/><\/a><p id=\"caption-attachment-25240\" class=\"wp-caption-text\">Yarg\u0131\u00e7lar ve Savc\u0131lar Birli\u011fi (YARSAV) Ba\u015fkan\u0131 Emine \u00dclker Tarhan<\/p><\/div>\n<p style=\"text-align: justify;\">Yarg\u0131\u00e7lar ve Savc\u0131lar Birli\u011fi (YARSAV) Ba\u015fkan\u0131 Emine \u00dclker  Tarhan, &#8220;Siyasi iktidar, yarg\u0131\u00e7lar\u0131n m\u00fczik, heykel ve resim sanat\u0131yla u\u011fra\u015fmas\u0131n\u0131 isteyerek, adliyeyi g\u00fczel sanatlara ba\u011flamak niyetinde&#8221; dedi. <!--more--><\/p>\n<p style=\"text-align: justify;\"><strong><span style=\"text-decoration: underline;\">Ankara<\/span><\/strong> &#8211; Tarhan, E\u011fitim-\u0130\u015f Hatay \u015eubesi taraf\u0131ndan Meclis K\u00fclt\u00fcr Merkezi&#8217;nde d\u00fczenlenen &#8220;Anayasa De\u011fi\u015fikli\u011fi Yarg\u0131 Ba\u011f\u0131ms\u0131zl\u0131\u011f\u0131&#8221; konulu konferansta yapt\u0131\u011f\u0131 konu\u015fmada, yarg\u0131\u00e7lar\u0131n sindirilmek istendi\u011fini, iktidar\u0131n \u00fcst yarg\u0131y\u0131 ele ge\u00e7irmeye ama\u00e7lad\u0131\u011f\u0131n\u0131 savundu.<\/p>\n<p style=\"text-align: justify;\">Anayasa de\u011fi\u015fikli\u011fi paketinde tuzaklar oldu\u011funu iddia eden Tarhan, \u015f\u00f6yle devam etti: &#8220;Siyasi iktidar yarg\u0131\u00e7lar\u0131n m\u00fczik, heykel ve resim sanat\u0131yla u\u011fra\u015fmas\u0131n\u0131 isteyerek, adliyeyi g\u00fczel sanatlara ba\u011flamak niyetinde. Do\u011fruyu ve ger\u00e7e\u011fi s\u00f6yleyen YARSAV \u00fcyelerine, &#8216;siz kim oluyorsunuz&#8217; tehditleriyle susturmak, hatta yok etmek istiyor. \u0130\u015flerine gelmedi\u011finde c\u00fcbbelerimizi \u00e7\u0131kartarak, siyasete girmemizi istediler. Bizim uzmanl\u0131k i\u015fimiz yarg\u0131.<\/p>\n<p style=\"text-align: justify;\">Bundan b\u00f6yle c\u00fcbbemize daha \u00e7ok sar\u0131laca\u011f\u0131z. Bilin\u00e7li ayd\u0131n halk\u0131m\u0131z, bizi susturmalar\u0131na, yok etmelerine izin vermeyecek. Anayasa de\u011fi\u015fikli\u011fi paketinde yarg\u0131n\u0131n denetim g\u00fcc\u00fcn\u00fc yok etmek istiyorlar. &#8216;Evet&#8217; de &#8216;hay\u0131r&#8217; da \u00e7\u0131ksa, m\u00fccadelemiz s\u00fcrecek. Yap\u0131lmak istenen &#8216;Cumhuriyet ile hesapla\u015fmak&#8217;. \u0130lhan Cihaner olay\u0131, Erzurum-Erzincan hatt\u0131ndaki geli\u015fmeler bunu a\u00e7\u0131k\u00e7a ortaya koyuyor.&#8221;<\/p>\n<p style=\"text-align: justify;\">Olanaklar i\u00e7inde kentleri ziyaret ederek sivil toplum kurulu\u015flar\u0131n\u0131n katk\u0131s\u0131yla vatanda\u015flara anayasa de\u011fi\u015fikli\u011finin olumsuzluklar\u0131n\u0131 anlatt\u0131\u011f\u0131n\u0131 ifade eden Tarhan, &#8220;Sessiz \u00e7o\u011funlu\u011fun sessiz kalmamas\u0131n\u0131 istiyor ve aylard\u0131r, yarg\u0131 ba\u011f\u0131ms\u0131zl\u0131\u011f\u0131n\u0131n yok edilmek istendi\u011fini halka anlat\u0131yoruz. Bizlerin z\u0131rhl\u0131 ara\u00e7lar\u0131m\u0131z, g\u00f6steri\u015fli tak\u0131m elbiseli \u00f6zel korumalar\u0131m\u0131z yok. Vatana olan borcumuzu bu \u015fekilde \u00f6deyece\u011fiz&#8221; dedi.<\/p>\n<p style=\"text-align: justify;\">Kimsenin yarg\u0131c\u0131 olmayacaklar\u0131n\u0131n alt\u0131n\u0131 \u00e7izen Tarhan, konu\u015fmas\u0131n\u0131 \u015f\u00f6yle tamamlad\u0131: &#8220;\u015eayet referandumda evet \u00e7\u0131karsa, yarg\u0131 emir ve talimatlarla y\u00f6netilecek. Zaten Anayasa de\u011fi\u015fmeden yarg\u0131ya m\u00fcdahale ayyuka \u00e7\u0131kt\u0131. Ba\u015fbakan, ba\u015fbakan yard\u0131mc\u0131lar\u0131 ve Adalet Bakan\u0131 \u015fimdiden a\u00e7\u0131k\u00e7a yarg\u0131ya m\u00fcdahale ediyorlar. Yanda\u015f medya taraf\u0131ndan yarg\u0131\u00e7lar hedef g\u00f6steriliyor. Hukuk herkese laz\u0131m olacak. \u00d6zellikle halk\u0131n son umut kap\u0131s\u0131 olan yarg\u0131da elden \u00e7\u0131karsa \u00fclke kaosa s\u00fcr\u00fcklenir. Referandum, masallardaki pamuk prensese verilen &#8216;zehirli elma&#8217; gibi. YARSAV olarak kesinlikle pozisyon alaca\u011f\u0131z. Yanl\u0131\u015f uygulamalara ge\u00e7it vermeyece\u011fiz.&#8221;<\/p>\n<p style=\"text-align: justify;\"><span style=\"color: #888888;\"><a href=\"http:\/\/www.cumhuriyet.com.tr\/?hn=169020&amp;kw=%22Yap%FDlmak+istenen+%27Cumhuriyet+ile+hesapla%FEmak%27%22\" target=\"_blank\">Kaynak : Cumhuriyet Haber Portal\u0131<\/a><br \/>\n<\/span><\/p>\n","protected":false},"excerpt":{"rendered":"<p id=\"caption-attachment-25240\" class=\"wp-caption-text\">Yarg\u0131\u00e7lar ve Savc\u0131lar Birli\u011fi (YARSAV) Ba\u015fkan\u0131 Emine \u00dclker Tarhan<\/p>\n<p style=\"text-align: justify;\">Yarg\u0131\u00e7lar ve Savc\u0131lar Birli\u011fi (YARSAV) Ba\u015fkan\u0131 Emine \u00dclker Tarhan, &#8220;Siyasi iktidar, yarg\u0131\u00e7lar\u0131n m\u00fczik, heykel ve resim sanat\u0131yla u\u011fra\u015fmas\u0131n\u0131 isteyerek, adliyeyi g\u00fczel sanatlara ba\u011flamak niyetinde&#8221; dedi. <\/p>\n","protected":false},"author":1,"featured_media":0,"comment_status":"open","ping_status":"closed","sticky":false,"template":"","format":"standard","meta":{"footnotes":""},"categories":[105],"tags":[],"class_list":["post-25219","post","type-post","status-publish","format-standard","hentry","category-gundem","odd"],"_links":{"self":[{"href":"http:\/\/www.korhanyilmaz.com\/index.php?rest_route=\/wp\/v2\/posts\/25219","targetHints":{"allow":["GET"]}}],"collection":[{"href":"http:\/\/www.korhanyilmaz.com\/index.php?rest_route=\/wp\/v2\/posts"}],"about":[{"href":"http:\/\/www.korhanyilmaz.com\/index.php?rest_route=\/wp\/v2\/types\/post"}],"author":[{"embeddable":true,"href":"http:\/\/www.korhanyilmaz.com\/index.php?rest_route=\/wp\/v2\/users\/1"}],"replies":[{"embeddable":true,"href":"http:\/\/www.korhanyilmaz.com\/index.php?rest_route=%2Fwp%2Fv2%2Fcomments&post=25219"}],"version-history":[{"count":0,"href":"http:\/\/www.korhanyilmaz.com\/index.php?rest_route=\/wp\/v2\/posts\/25219\/revisions"}],"wp:attachment":[{"href":"http:\/\/www.korhanyilmaz.com\/index.php?rest_route=%2Fwp%2Fv2%2Fmedia&parent=25219"}],"wp:term":[{"taxonomy":"category","embeddable":true,"href":"http:\/\/www.korhanyilmaz.com\/index.php?rest_route=%2Fwp%2Fv2%2Fcategories&post=25219"},{"taxonomy":"post_tag","embeddable":true,"href":"http:\/\/www.korhanyilmaz.com\/index.php?rest_route=%2Fwp%2Fv2%2Ftags&post=25219"}],"curies":[{"name":"wp","href":"https:\/\/api.w.org\/{rel}","templated":true}]}}