{"id":25214,"date":"2010-08-29T10:35:02","date_gmt":"2010-08-29T07:35:02","guid":{"rendered":"http:\/\/www.korhanyilmaz.com\/?p=25214"},"modified":"2010-08-29T10:35:02","modified_gmt":"2010-08-29T07:35:02","slug":"iste-yeni-memur-maaslari","status":"publish","type":"post","link":"http:\/\/www.korhanyilmaz.com\/?p=25214","title":{"rendered":"\u0130\u015fte yeni memur maa\u015flar\u0131"},"content":{"rendered":"<p style=\"text-align: center;\"><a href=\"http:\/\/www.korhanyilmaz.com\/wp-content\/uploads\/2010\/08\/0251.jpg\"  class=\"lightview\"><img loading=\"lazy\" decoding=\"async\" class=\"aligncenter size-full wp-image-25216\" src=\"http:\/\/www.korhanyilmaz.com\/wp-content\/uploads\/2010\/08\/0251.jpg\" alt=\"\" width=\"414\" height=\"219\" \/><\/a><\/p>\n<p style=\"text-align: justify;\">Toplu g\u00f6r\u00fc\u015fme sona erdi. Memur-Sen h\u00fck\u00fcmetin zam \u00f6nerisini kabul etti, T\u00fcrkiye Kamu-Sen ise kabul etmedi. Devlet Bakan\u0131 Hayati Yaz\u0131c\u0131, &#8221;Bu sene yapt\u0131\u011f\u0131m\u0131z zamla bin 300 TL olan en d\u00fc\u015f\u00fck memur maa\u015f\u0131 2011 y\u0131l\u0131 temmuz ay\u0131 itibariyle aile yard\u0131m\u0131yla birlikte bin 534 TL olacak. Aradaki fark net 234 TL ve oransal kar\u015f\u0131l\u0131\u011f\u0131 y\u00fczde 18. Bu zam fevkalade bir zam&#8221; dedi.<!--more--><\/p>\n<p style=\"text-align: justify;\">Devlet Bakan\u0131 Hayati Yaz\u0131c\u0131, Yaz\u0131c\u0131, 9. d\u00f6nem toplu g\u00f6r\u00fc\u015fmenin tamamlanmas\u0131n\u0131n ard\u0131ndan, h\u00fck\u00fcmetin teklifini kabul eden Memur-Sen&#8217;in Genel Ba\u015fkan\u0131 Ahmet G\u00fcndo\u011fdu ile Ba\u015fbakanl\u0131k Merkez Bina&#8217;da a\u00e7\u0131klamalarda bulundu.<\/p>\n<p style=\"text-align: justify;\">T\u00fcrkiye g\u00fcndemine oturmu\u015f bir konuda, kamuda \u00e7al\u0131\u015fanlar\u0131n mali ve sosyal haklar\u0131na ili\u015fkin m\u00fczakere 15 A\u011fustos&#8217;ta ba\u015flad\u0131klar\u0131n\u0131 an\u0131msatan Yaz\u0131c\u0131, g\u00f6r\u00fc\u015fmelerin noktaland\u0131\u011f\u0131n\u0131 s\u00f6yledi.<\/p>\n<p style=\"text-align: justify;\">Memurlar ve s\u00f6zle\u015fmeli personelle ilgili hemen hemen her konuyu enine boyuna tart\u0131\u015ft\u0131klar\u0131n ifade eden Yaz\u0131c\u0131, \u00e7ok \u00f6zg\u00fcr bir tart\u0131\u015fma ortam\u0131nda sorunlar\u0131 her y\u00f6n\u00fcyle irdelediklerini dile getirdi. Yaz\u0131c\u0131, Maliye Bakanl\u0131\u011f\u0131 ba\u015fta olmak \u00fczere Devlet Planlama Te\u015fkilat\u0131 ve Hazine M\u00fcste\u015farl\u0131\u011f\u0131n\u0131n mali ve sosyal haklara ili\u015fkin raporun sunumunun ard\u0131ndan bu kurumlar\u0131n T\u00fcrkiye ekonomisi, \u00fclkenin bor\u00e7lanma kapasitesi, bor\u00e7 \u00f6deme yetene\u011fi gibi de\u011fi\u015fik fakt\u00f6rleri dikkate alarak sunum yapt\u0131klar\u0131n\u0131 bildirdi.<\/p>\n<p style=\"text-align: justify;\">Daha sonra \u00f6nerilerini kademeli olarak konfederasyonlarla payla\u015ft\u0131klar\u0131n\u0131 anlatan Yaz\u0131c\u0131, aralar verildi\u011fini, \u00f6neriler getirildi\u011fini, \u00f6nerilerin revize edildi\u011fini, sonu\u00e7 olarak kamuda \u00e7al\u0131\u015fan memurlara 2011 y\u0131l\u0131n\u0131n ilk 6 ay\u0131nda y\u00fczde 4, ikinci 6 ay\u0131nda y\u00fczde 4 olmak \u00fczere toplam y\u00fczde 8 oransal zam yap\u0131lmas\u0131, ocak ay\u0131ndan itibaren 80 lira ek \u00f6demede bulunulmas\u0131, ilk 6 ayda 20, ikinci 6 ayda 20 olmak \u00fczere 40 lira aile yard\u0131m\u0131 \u00f6demesini taahh\u00fct ettiklerini, bu \u00f6demeden s\u00f6zle\u015fmeli personelin de yararlanaca\u011f\u0131n\u0131 kaydetti.<\/p>\n<p style=\"text-align: justify;\">Ayr\u0131ca konfederasyonlar\u0131n uzun bir s\u00fcredir talep ettikleri ancak, Anayasa Mahkemesi karar\u0131 dolay\u0131s\u0131yla alamad\u0131klar\u0131 10 liral\u0131k toplu g\u00f6r\u00fc\u015fme priminin 15 liraya \u00e7\u0131kar\u0131ld\u0131\u011f\u0131 bilgisini veren Yaz\u0131c\u0131, 2011 y\u0131l\u0131nda her \u00fc\u00e7 ayda bir olmak \u00fczere 45&#8217;er lira \u00f6deme yap\u0131laca\u011f\u0131n\u0131 s\u00f6yledi.<\/p>\n<p style=\"text-align: justify;\">Yaz\u0131c\u0131, disiplin cezalar\u0131n\u0131n tamam\u0131na kar\u015f\u0131 yarg\u0131 yolunun a\u00e7\u0131lmas\u0131, memurlara ayl\u0131k refakat izni verilmesi, aile yard\u0131m\u0131nda \u00e7ocuk say\u0131s\u0131 s\u0131n\u0131rland\u0131rmas\u0131n\u0131n kald\u0131r\u0131lmas\u0131, emeklilere yap\u0131lan \u00f6demenin 500 liradan 750 liraya \u00e7\u0131kar\u0131lmas\u0131 gibi anayasa de\u011fi\u015fiklik paketi ve 657 say\u0131l\u0131 Devlet Memurlar\u0131 Kanunu&#8217;nda yap\u0131lmas\u0131 planlanan de\u011fi\u015fiklik kapsam\u0131nda bulunan d\u00fczenlemelere &#8221;ger\u00e7ekle\u015ftirilmekte olan hususlar&#8221; ba\u015fl\u0131\u011f\u0131 alt\u0131nda ortaya \u00e7\u0131kan tutana\u011f\u0131n ekinde yer verildi\u011fini ifade etti.<\/p>\n<p style=\"text-align: justify;\">Bakan Yaz\u0131c\u0131, bunun d\u0131\u015f\u0131nda takip edilmesi, yasa \u00e7\u0131kar\u0131lmas\u0131 gereken ikincil derece i\u015flemlerle \u00e7\u00f6z\u00fcme kavu\u015fturulmas\u0131 gereken pek \u00e7ok konunun ekli listelerde yer ald\u0131\u011f\u0131n\u0131 belirtti.<\/p>\n<p style=\"text-align: justify;\"><strong>&#8221;ZAM ORANI ENFLASYONU \u00c7OK \u00c7OK A\u015eTI&#8221;<\/strong><\/p>\n<p style=\"text-align: justify;\">En d\u00fc\u015f\u00fck memur maa\u015f\u0131n\u0131n 2003&#8217;te 398 lira oldu\u011funa dikkati \u00e7eken Yaz\u0131c\u0131, o tarihten bu yana memur maa\u015flar\u0131na yap\u0131lan art\u0131\u015flar\u0131n daima enflasyonun \u00fczerinde oldu\u011funu vurgulad\u0131.<\/p>\n<p style=\"text-align: justify;\">Yaz\u0131c\u0131, hi\u00e7bir zaman hi\u00e7bir y\u0131l kamu \u00e7al\u0131\u015fanlar\u0131n\u0131n enflasyona ezdirilmedi\u011fini dile getirerek, \u015f\u00f6yle konu\u015ftu:<\/p>\n<p style=\"text-align: justify;\">&#8221;Bu sene yapt\u0131\u011f\u0131m\u0131z zamla bin 300 TL olan en d\u00fc\u015f\u00fck memur maa\u015f\u0131 2011 y\u0131l\u0131 temmuz ay\u0131 itibariyle aile yard\u0131m\u0131yla birlikte bin 534 TL olacak. Aradaki fark net 234 TL ve oransal kar\u015f\u0131l\u0131\u011f\u0131 y\u00fczde 18. Bu zam fevkalade bir zam. T\u00fcrkiye&#8217;nin b\u00fct\u00e7esi vesaire fakt\u00f6rler dikkate al\u0131nd\u0131\u011f\u0131nda hep ifade edegeldi\u011fimiz enflasyon oran\u0131n\u0131 da \u00e7ok \u00e7ok a\u015fm\u0131\u015f ve verdi\u011fimi \u00f6rnek oldu\u011fu gibi y\u00fczde 18 seviyesine ula\u015fm\u0131\u015ft\u0131r. Ortalama memur maa\u015flar\u0131ndaki art\u0131\u015f oransal olarak 13,7&#8217;ye, miktar olarak 2011 temmuz ay\u0131 itibariyle 215 liraya eri\u015fecek.<\/p>\n<p style=\"text-align: justify;\">Bu s\u00f6zle\u015fmenin di\u011fer konfederasyon ba\u015fkan\u0131nca, sendika ba\u015fkanlar\u0131nca ni\u00e7in imzalanmad\u0131\u011f\u0131n\u0131 do\u011frusu anlayabilmi\u015f de\u011filim, \u00e7\u00fcnk\u00fc onlar da nihayetinde memurlar i\u00e7in 2011 y\u0131l\u0131nda 4 art\u0131 4 zam \u00f6nerisinde bulunmu\u015flard\u0131r. Yani \u00f6nerileri kar\u015f\u0131lanm\u0131\u015f ve keza sendika \u00fcyelerine prim olarak 15 TL talep etmi\u015fler, o da kar\u015f\u0131lanm\u0131\u015f. Keza, ek \u00f6demeye ili\u015fkin 50 TL talep etmi\u015fler, biz 80 TL&#8217;ye getirmi\u015fiz ama arkada\u015flar\u0131m\u0131z sonu\u00e7 olarak bir taban ayl\u0131\u011f\u0131ndan s\u00f6z ederek ayr\u0131lm\u0131\u015flard\u0131r.&#8221;<\/p>\n<p style=\"text-align: justify;\"><strong>BA\u015eBAKAN ERDO\u011eAN&#8217;DAN ONAY<\/strong><\/p>\n<p style=\"text-align: justify;\">B\u00fct\u00fcn bu \u00e7al\u0131\u015fmalar, sendikalar\u0131n yapt\u0131\u011f\u0131 teklifler, h\u00fck\u00fcmetin ve ekonomi b\u00fcrokratlar\u0131n\u0131n ger\u00e7ekle\u015ftirdi\u011fi \u00e7al\u0131\u015fmalar sonucu var\u0131lan noktan\u0131n T\u00fcrkiye i\u00e7in \u00f6nemli bir a\u015fama, \u00e7al\u0131\u015fanlar i\u00e7in \u00f6nemli bir imkan oldu\u011funu vurgulayan Yaz\u0131c\u0131, &#8221;Elbetteki son \u00f6nerileri derleyip toparlad\u0131ktan sonra Say\u0131n Ba\u015fbakan\u0131m\u0131z\u0131 b\u00fcrokrat arkada\u015flar\u0131m\u0131zla bulundu\u011fu yerde ziyaret ettim. Onun da g\u00f6r\u00fc\u015flerini ald\u0131k. Nihai rakamlar\u0131, oransal durumlar\u0131 Say\u0131n Ba\u015fbakan\u0131m\u0131z da uygun g\u00f6rd\u00fc. &#8216;Bunlar\u0131 verelim&#8217; diye talimatland\u0131rd\u0131\u011f\u0131 hususlard\u0131r&#8221; diye konu\u015ftu.<\/p>\n<p style=\"text-align: justify;\">Bakan Yaz\u0131c\u0131, var\u0131lan sonucun \u00fclke, \u00e7al\u0131\u015fanlar, memurlar i\u00e7in hay\u0131rl\u0131 olmas\u0131n\u0131 diledi.<\/p>\n<p style=\"text-align: justify;\"><strong>&#8221;OY \u00c7OKLU\u011eUYLA MUTABAKAT TUTANA\u011eI&#8221;<\/strong><\/p>\n<p style=\"text-align: justify;\">Hayati Yaz\u0131c\u0131, bir bas\u0131n mensubunun sorusu \u00fczerine g\u00f6r\u00fc\u015fme sonunda bir tutanak imzalanaca\u011f\u0131n\u0131 bildirdi.<\/p>\n<p style=\"text-align: justify;\">Memur kesimini en \u00e7ok \u00fcyeye sahip Memur-Sen&#8217;in temsil etti\u011fini ifade eden Yaz\u0131c\u0131, Memur-Sen&#8217;in \u00fcyesi 5 hizmet kolunda yetkili sendika ba\u015fkan\u0131 bulundu\u011funu, onlarla birlikte Kamu \u0130\u015fveren Kurulunun tutana\u011f\u0131 imzalayaca\u011f\u0131n\u0131 kaydetti. Yaz\u0131c\u0131, &#8221;Dolay\u0131s\u0131yla bu bir mutabakat tutana\u011f\u0131d\u0131r. Oy \u00e7oklu\u011fuyla mutabakat tutana\u011f\u0131d\u0131r. T\u00fcrkiye Kamu-Sen kat\u0131lmam\u0131\u015ft\u0131r. KESK&#8217;de kat\u0131lmam\u0131\u015ft\u0131r. \u015eerh filan da koyacaklar\u0131n\u0131 ifade etmemi\u015flerdir. Dolay\u0131s\u0131yla tutanakta &#8216;bulunmad\u0131&#8217; diye isimlerinin alt\u0131nda yer alacak&#8221; dedi.<\/p>\n<p style=\"text-align: justify;\">Mali d\u00fczenlemelerin d\u0131\u015f\u0131nda istenen hususlarda zaten mutab\u0131k kal\u0131nd\u0131\u011f\u0131na i\u015faret eden Yaz\u0131c\u0131, &#8221;Yani en az\u0131ndan bana g\u00f6re bu kadar \u00e7al\u0131\u015fmaya emek verdikten sonra ben olsam kat\u0131l\u0131r, &#8216;\u015funlara \u015funlara \u015fu sebeple kat\u0131lm\u0131yorum ama \u015funlarda kabul\u00fcmd\u00fcr derdim&#8217; derdim. Onu da dememi\u015flerdir. Takdir kendilerinin. \u00c7al\u0131\u015fanlar\u0131m\u0131z\u0131n, milletimizin bunu takdir edeci\u011fini umuyorum. Hay\u0131rl\u0131 u\u011furlu olsun&#8221; diye konu\u015ftu.<\/p>\n<p style=\"text-align: justify;\"><strong>KAMU SEN: S\u0130YAS\u0130 \u0130DARE KAYBETT\u0130<\/strong><\/p>\n<p style=\"text-align: justify;\">T\u00fcrkiye Kamu-Sen Genel Ba\u015fkan\u0131 Bircan Aky\u0131ld\u0131z, &#8221;Siyasi irade bize g\u00f6re kaybetmi\u015ftir. \u00c7\u00fcnk\u00fc kamu \u00e7al\u0131\u015fanlar\u0131, kendi gayretini g\u00f6rmeyen, samimiyetini g\u00f6rmeyen, k\u0131saca kamu \u00e7al\u0131\u015fanlar\u0131n\u0131 sevmeyen bir g\u00f6r\u00fcnt\u00fcyle kar\u015f\u0131 kar\u015f\u0131yad\u0131r&#8221; dedi.<\/p>\n<p style=\"text-align: justify;\">Aky\u0131ld\u0131z, toplu g\u00f6r\u00fc\u015fmenin sona ermesinin ard\u0131ndan Ba\u015fbakanl\u0131ktan ayr\u0131l\u0131rken yapt\u0131\u011f\u0131 a\u00e7\u0131klamada,  kamu \u00e7al\u0131\u015fanlar\u0131n\u0131n beklentilerine yan\u0131t verebilmek, mali ve sosyal haklar\u0131yla ilgili bir d\u00fczenlemeyi yapt\u0131rabilmek i\u00e7in siyasi iradenin ve kamu i\u015fveren kurulunun kar\u015f\u0131s\u0131na \u00e7\u0131kt\u0131klar\u0131n\u0131 belirtti.<\/p>\n<p style=\"text-align: justify;\">Aky\u0131ld\u0131z, siyasi iradenin y\u00fczde 3 3 ile ba\u015flayan, 70 TL ek \u00f6deme, 10 10 TL aile yard\u0131m\u0131 ve 10 TL toplu g\u00f6r\u00fc\u015fme primi olarak ba\u015flayan teklifi, &#8221;memurlar\u0131n ihtiya\u00e7lar\u0131n\u0131 kar\u015f\u0131layacak konumda olmad\u0131\u011f\u0131 i\u00e7in&#8221; y\u00fczde 4 4, 70 TL ek \u00f6deme, 10 10 aile yard\u0131m\u0131, 15 TL toplu g\u00f6r\u00fc\u015fme primi ve 60 60 TL taban ayl\u0131\u011f\u0131na zam \u00f6nerisinde bulunduklar\u0131n\u0131, ancak siyasi iradenin, bunu kar\u015f\u0131layamayaca\u011f\u0131n\u0131 ifade etti\u011fini s\u00f6yledi.<\/p>\n<p style=\"text-align: justify;\">Son olarak y\u00fczde 4 4 art\u0131\u015f, 50 TL ek \u00f6deme, 15 15 TL aile yard\u0131m\u0131, 30 30 TL taban ayl\u0131\u011f\u0131nda art\u0131\u015f ve 15 TL toplu g\u00f6r\u00fc\u015fme primi iste\u011fini dile getirdiklerine i\u015faret eden Aky\u0131ld\u0131z, bunun \u00fczerine Devlet Bakan\u0131 Hayati Yaz\u0131c\u0131&#8217;n\u0131n, Ba\u015fbakan Recep Tayyip Erdo\u011fan&#8217;la g\u00f6r\u00fc\u015ferek, y\u00fczde 4 4&#8217;\u00fcn kabul edildi\u011fini, 80 TL ek \u00f6deme, 20 20 TL aile yard\u0131m\u0131, 15 TL toplu g\u00f6r\u00fc\u015fme primi verilmesinin uygun bulundu\u011funu iletti\u011fini kaydetti.<\/p>\n<p style=\"text-align: justify;\">Aky\u0131ld\u0131z, ek \u00f6demenin s\u0131n\u0131rl\u0131 say\u0131da kamu \u00e7al\u0131\u015fan\u0131na yans\u0131yacak olmas\u0131, aile yard\u0131m\u0131n\u0131n evli olmayanlara ve toplu g\u00f6r\u00fc\u015fme priminin de sendikas\u0131zlara yans\u0131mayacak olmas\u0131 nedeniyle yap\u0131lacak zamm\u0131n y\u00fczde 4 4&#8217;ten \u00f6teye ge\u00e7emeyece\u011fini, taban ayl\u0131\u011f\u0131nda en az\u0131ndan 25 TL&#8217;lik art\u0131\u015f yap\u0131lmamas\u0131 halinde siyasi iradenin nihai teklifini kabul etmelerinin m\u00fcmk\u00fcn olmad\u0131\u011f\u0131n\u0131 ifade ettiklerini s\u00f6yledi.<\/p>\n<p style=\"text-align: justify;\">Bu iste\u011fin de geri \u00e7evrilmesi \u00fczerine T\u00fcrkiye Kamu-Sen olarak bu durumu kabul etmeyeceklerini ve g\u00f6r\u00fc\u015fmenin mutabakata d\u00f6n\u00fc\u015fmesinde sorumluluk \u00fcstlenmeyeceklerini a\u00e7\u0131klad\u0131klar\u0131n\u0131 anlatan Aky\u0131ld\u0131z, \u015f\u00f6yle konu\u015ftu:<\/p>\n<p style=\"text-align: justify;\">&#8221;T\u00fcrkiye Kamu-Sen olarak toplu g\u00f6r\u00fc\u015fme s\u00fcrecinin takviminin daralt\u0131lmas\u0131n\u0131, g\u00fcndeminin s\u0131k\u0131\u015ft\u0131r\u0131lmas\u0131n\u0131, tart\u0131\u015fma ve pazarl\u0131k s\u00fcrecinin k\u0131sa s\u00fcreye s\u0131k\u0131\u015ft\u0131r\u0131lmas\u0131n\u0131 protesto ediyoruz. Bir konfederasyonla birlikte toplu g\u00f6r\u00fc\u015fme s\u00fcrecinden \u00f6nce kapal\u0131 kap\u0131lar ard\u0131ndan pazarl\u0131\u011f\u0131n\u0131n yap\u0131l\u0131p neticelendirilmeye \u00e7al\u0131\u015f\u0131lmas\u0131n\u0131 asla kabul etmeyiz. Dan\u0131\u015f\u0131kl\u0131 d\u00f6v\u00fc\u015f\u00fcn \u015fike \u015feklindeki uygulamalar\u0131n\u0131 g\u00f6rd\u00fck. Siyasi irade bizim samimiyetimizi, gayretimizi g\u00f6rmek istememi\u015ftir. Siyasi irade bize g\u00f6re kaybetmi\u015ftir. \u00c7\u00fcnk\u00fc kamu \u00e7al\u0131\u015fanlar\u0131, kendi gayretini g\u00f6rmeyen, samimiyetini g\u00f6rmeyen, k\u0131saca kamu \u00e7al\u0131\u015fanlar\u0131 kendisini sevmeyen bir g\u00f6r\u00fcnt\u00fcyle kar\u015f\u0131 kar\u015f\u0131yad\u0131r. Bu nedenle kamu \u00e7al\u0131\u015fanlar\u0131 uygun f\u0131rsat\u0131 bulup hesapla\u015fman\u0131n ipini \u00e7ekmektedir. Bu hesapla\u015fma mutlaka de\u011ferlendirilecektir. Biz siyasi iradeye yeterince samimi davrand\u0131k ama kar\u015f\u0131l\u0131k g\u00f6remedik. Kamu \u00e7al\u0131\u015fanlar\u0131n\u0131 bu denli k\u00fc\u00e7\u00fcmseyen, bu denli a\u015fa\u011f\u0131layan bir anlay\u0131\u015f\u0131 kabul etmemiz m\u00fcmk\u00fcn de\u011fildir. Sorgulama konusundaki hakk\u0131m\u0131z\u0131 kullanma konusunda teredd\u00fct etmeyece\u011fiz. Cenab\u0131 Allah&#8217;tan bu \u00e7al\u0131\u015fmalar\u0131n hay\u0131rlara vesile olmas\u0131n\u0131 diliyoruz.&#8221;<\/p>\n<p style=\"text-align: justify;\">Aky\u0131ld\u0131z, haklar\u0131n\u0131 aramak i\u00e7in kanunen ne yap\u0131lmas\u0131 gerekiyorsa bunu yerine getireceklerini s\u00f6zlerine ekledi.<\/p>\n<p style=\"text-align: justify;\"><strong>&#8221;EN \u0130DEAL TOPLU G\u00d6R\u00dc\u015eMEY\u0130 YAPTIK&#8221;<\/strong><\/p>\n<p style=\"text-align: justify;\">9. d\u00f6nem toplu g\u00f6r\u00fc\u015fmenin tamamlanmas\u0131n\u0131n ard\u0131ndan h\u00fck\u00fcmetin teklifini kabul eden Memur-Sen&#8217;in Genel Ba\u015fkan\u0131 Ahmet G\u00fcndo\u011fdu da Devlet Bakan\u0131 Hayati Yaz\u0131c\u0131 ile Ba\u015fbakanl\u0131k Merkez Bina&#8217;da a\u00e7\u0131klamalarda bulundu.<\/p>\n<p style=\"text-align: justify;\">G\u00fcndo\u011fdu, g\u00f6r\u00fc\u015fme sonucunda, memur maa\u015flar\u0131nda y\u00fczde 4 4 art\u0131\u015f, 80 TL ek \u00f6deme, 20 20 TL aile yard\u0131m\u0131 (s\u00f6zle\u015fmeliler dahil), 15 TL toplu g\u00f6r\u00fc\u015fme primi verilmesinde anla\u015f\u0131ld\u0131\u011f\u0131n\u0131, ayr\u0131ca memurlarla ilgili 54 madde \u00fczerinde uzla\u015f\u0131 sa\u011fland\u0131\u011f\u0131n\u0131 ifade etti.<\/p>\n<p style=\"text-align: justify;\">G\u00fcndo\u011fdu, mutabakatla en d\u00fc\u015f\u00fck memur maa\u015f\u0131nda y\u00fczde 18&#8217;lik art\u0131\u015f olaca\u011f\u0131na dikkati \u00e7ekerek, &#8221;Yap\u0131labilecek en ideal toplu g\u00f6r\u00fc\u015fmeyi yapt\u0131k&#8221; diye konu\u015ftu.<\/p>\n<p style=\"text-align: justify;\"><a href=\"http:\/\/www.gazeteport.com.tr\/EKONOMI\/NEWS\/GP_754289\" target=\"_blank\"><span style=\"color: #888888;\">Kaynak : GAZETEPORT<\/span><\/a><\/p>\n","protected":false},"excerpt":{"rendered":"<p style=\"text-align: center;\">\n<p style=\"text-align: justify;\">Toplu g\u00f6r\u00fc\u015fme sona erdi. Memur-Sen h\u00fck\u00fcmetin zam \u00f6nerisini kabul etti, T\u00fcrkiye Kamu-Sen ise kabul etmedi. Devlet Bakan\u0131 Hayati Yaz\u0131c\u0131, &#8221;Bu sene yapt\u0131\u011f\u0131m\u0131z zamla bin 300 TL olan en d\u00fc\u015f\u00fck memur maa\u015f\u0131 2011 y\u0131l\u0131 temmuz ay\u0131 itibariyle aile yard\u0131m\u0131yla birlikte bin 534 TL olacak. Aradaki fark net 234 TL ve oransal <\/p>\n","protected":false},"author":1,"featured_media":0,"comment_status":"open","ping_status":"closed","sticky":false,"template":"","format":"standard","meta":{"footnotes":""},"categories":[7],"tags":[],"class_list":["post-25214","post","type-post","status-publish","format-standard","hentry","category-ekonomi","odd"],"_links":{"self":[{"href":"http:\/\/www.korhanyilmaz.com\/index.php?rest_route=\/wp\/v2\/posts\/25214","targetHints":{"allow":["GET"]}}],"collection":[{"href":"http:\/\/www.korhanyilmaz.com\/index.php?rest_route=\/wp\/v2\/posts"}],"about":[{"href":"http:\/\/www.korhanyilmaz.com\/index.php?rest_route=\/wp\/v2\/types\/post"}],"author":[{"embeddable":true,"href":"http:\/\/www.korhanyilmaz.com\/index.php?rest_route=\/wp\/v2\/users\/1"}],"replies":[{"embeddable":true,"href":"http:\/\/www.korhanyilmaz.com\/index.php?rest_route=%2Fwp%2Fv2%2Fcomments&post=25214"}],"version-history":[{"count":0,"href":"http:\/\/www.korhanyilmaz.com\/index.php?rest_route=\/wp\/v2\/posts\/25214\/revisions"}],"wp:attachment":[{"href":"http:\/\/www.korhanyilmaz.com\/index.php?rest_route=%2Fwp%2Fv2%2Fmedia&parent=25214"}],"wp:term":[{"taxonomy":"category","embeddable":true,"href":"http:\/\/www.korhanyilmaz.com\/index.php?rest_route=%2Fwp%2Fv2%2Fcategories&post=25214"},{"taxonomy":"post_tag","embeddable":true,"href":"http:\/\/www.korhanyilmaz.com\/index.php?rest_route=%2Fwp%2Fv2%2Ftags&post=25214"}],"curies":[{"name":"wp","href":"https:\/\/api.w.org\/{rel}","templated":true}]}}