{"id":25210,"date":"2010-08-29T09:43:45","date_gmt":"2010-08-29T06:43:45","guid":{"rendered":"http:\/\/www.korhanyilmaz.com\/?p=25210"},"modified":"2010-08-29T09:43:45","modified_gmt":"2010-08-29T06:43:45","slug":"istanbula-yagis-geliyor","status":"publish","type":"post","link":"http:\/\/www.korhanyilmaz.com\/?p=25210","title":{"rendered":"\u0130stanbul&#8217;a ya\u011f\u0131\u015f geliyor"},"content":{"rendered":"<p style=\"text-align: center;\"><a href=\"http:\/\/www.korhanyilmaz.com\/wp-content\/uploads\/2010\/08\/0241.jpg\"  class=\"lightview\"><img loading=\"lazy\" decoding=\"async\" class=\"aligncenter size-full wp-image-25211\" src=\"http:\/\/www.korhanyilmaz.com\/wp-content\/uploads\/2010\/08\/0241.jpg\" alt=\"\" width=\"307\" height=\"236\" \/><\/a><\/p>\n<p style=\"text-align: justify;\">Yap\u0131lan son de\u011ferlendirmelere g\u00f6re; gece saatlerinde \u0130stanbul, K\u0131rklareli, Kocaeli ve Sakarya \u00e7evreleri k\u0131sa s\u00fcreli sa\u011fanak ve g\u00f6kg\u00fcr\u00fclt\u00fcl\u00fc sa\u011fanak ya\u011f\u0131\u015fl\u0131, di\u011fer yerler az bulutlu ve a\u00e7\u0131k ge\u00e7ecek.<\/p>\n<p style=\"text-align: justify;\">Hava s\u0131cakl\u0131\u011f\u0131 \u00fclkemizin kuzeydo\u011fu kesimlerindede 2 &#8211; 4 derece artarak, mevsim normallerinin i\u00e7 b\u00f6lgelerde 6 &#8211; 8, di\u011fer yerlerde 3 &#8211; 5 derece \u00fczerinde seyredecek. <!--more--><\/p>\n<p style=\"text-align: justify;\">R\u00fczgar g\u00fcney ve bat\u0131, zamanla yurdun kuzeybat\u0131 kesimlerinde kuzey ve bat\u0131, Marmara&#8217;da kuzey ve kuzeydo\u011fu (poyraz) y\u00f6nlerden hafif aras\u0131ra orta kuvvette, zamanla Marmara&#8217;da yer yer kuvvetli olarak esecek.<\/p>\n<p style=\"text-align: justify;\"><strong>UYARILAR <\/strong><\/p>\n<p style=\"text-align: justify;\">Y\u00fcksek s\u0131cakl\u0131k uyar\u0131s\u0131: Hava s\u0131cakl\u0131\u011f\u0131n\u0131n mevsim normallerinin i\u00e7 b\u00f6lgelerde 6 &#8211; 8, di\u011fer yerlerde 3 &#8211; 5 derece \u00fczerinde seyretmesi beklendi\u011finden, s\u0131cak havan\u0131n olu\u015fturabilece\u011fi olumsuzluklara kar\u015f\u0131 (g\u00fcne\u015f \u00e7arpmas\u0131 vb.) ilgililerin ve vatanda\u015flar\u0131n dikkatli ve tedbirli olmalar\u0131 gerekmektedir.<\/p>\n<p style=\"text-align: justify;\"><span style=\"color: #888888;\">CNN T\u00dcRK<\/span><\/p>\n","protected":false},"excerpt":{"rendered":"<p style=\"text-align: center;\">\n<p style=\"text-align: justify;\">Yap\u0131lan son de\u011ferlendirmelere g\u00f6re; gece saatlerinde \u0130stanbul, K\u0131rklareli, Kocaeli ve Sakarya \u00e7evreleri k\u0131sa s\u00fcreli sa\u011fanak ve g\u00f6kg\u00fcr\u00fclt\u00fcl\u00fc sa\u011fanak ya\u011f\u0131\u015fl\u0131, di\u011fer yerler az bulutlu ve a\u00e7\u0131k ge\u00e7ecek.<\/p>\n<p style=\"text-align: justify;\">Hava s\u0131cakl\u0131\u011f\u0131 \u00fclkemizin kuzeydo\u011fu kesimlerindede 2 &#8211; 4 derece artarak, mevsim normallerinin i\u00e7 b\u00f6lgelerde 6 &#8211; 8, di\u011fer yerlerde 3 &#8211; 5 <\/p>\n","protected":false},"author":1,"featured_media":0,"comment_status":"open","ping_status":"closed","sticky":false,"template":"","format":"standard","meta":{"footnotes":""},"categories":[105],"tags":[],"class_list":["post-25210","post","type-post","status-publish","format-standard","hentry","category-gundem","odd"],"_links":{"self":[{"href":"http:\/\/www.korhanyilmaz.com\/index.php?rest_route=\/wp\/v2\/posts\/25210","targetHints":{"allow":["GET"]}}],"collection":[{"href":"http:\/\/www.korhanyilmaz.com\/index.php?rest_route=\/wp\/v2\/posts"}],"about":[{"href":"http:\/\/www.korhanyilmaz.com\/index.php?rest_route=\/wp\/v2\/types\/post"}],"author":[{"embeddable":true,"href":"http:\/\/www.korhanyilmaz.com\/index.php?rest_route=\/wp\/v2\/users\/1"}],"replies":[{"embeddable":true,"href":"http:\/\/www.korhanyilmaz.com\/index.php?rest_route=%2Fwp%2Fv2%2Fcomments&post=25210"}],"version-history":[{"count":0,"href":"http:\/\/www.korhanyilmaz.com\/index.php?rest_route=\/wp\/v2\/posts\/25210\/revisions"}],"wp:attachment":[{"href":"http:\/\/www.korhanyilmaz.com\/index.php?rest_route=%2Fwp%2Fv2%2Fmedia&parent=25210"}],"wp:term":[{"taxonomy":"category","embeddable":true,"href":"http:\/\/www.korhanyilmaz.com\/index.php?rest_route=%2Fwp%2Fv2%2Fcategories&post=25210"},{"taxonomy":"post_tag","embeddable":true,"href":"http:\/\/www.korhanyilmaz.com\/index.php?rest_route=%2Fwp%2Fv2%2Ftags&post=25210"}],"curies":[{"name":"wp","href":"https:\/\/api.w.org\/{rel}","templated":true}]}}