{"id":25202,"date":"2010-08-29T09:32:18","date_gmt":"2010-08-29T06:32:18","guid":{"rendered":"http:\/\/www.korhanyilmaz.com\/?p=25202"},"modified":"2010-08-29T09:32:18","modified_gmt":"2010-08-29T06:32:18","slug":"savcilikta-basbug-krizi","status":"publish","type":"post","link":"http:\/\/www.korhanyilmaz.com\/?p=25202","title":{"rendered":"Savc\u0131l\u0131k&#8217;ta Ba\u015fbu\u011f krizi"},"content":{"rendered":"<p><a href=\"http:\/\/www.korhanyilmaz.com\/wp-content\/uploads\/2010\/08\/0212.jpg\"  class=\"lightview\"><img loading=\"lazy\" decoding=\"async\" class=\"aligncenter size-full wp-image-25203\" src=\"http:\/\/www.korhanyilmaz.com\/wp-content\/uploads\/2010\/08\/0212.jpg\" alt=\"\" width=\"404\" height=\"208\" \/><\/a><\/p>\n<p style=\"text-align: justify;\">\u0130stanbul Cumhuriyet Ba\u015fsavc\u0131s\u0131 Aykut Cengiz Engin, Org. Ba\u015fbu\u011f&#8217;un Savc\u0131 \u00d6z taraf\u0131ndan ifadeye \u00e7a\u011fr\u0131laca\u011f\u0131 iddias\u0131yla ilgili \u015f\u00f6yle dedi: \u015eu anda b\u00f6yle bir durum s\u00f6z konusu de\u011fil. Zaten b\u00f6yle bir durum gerekti\u011fi taktirde \u00e7a\u011f\u0131rma yetkisi Ba\u015fsavc\u0131 veya Ba\u015fsavc\u0131vekili&#8217;ne aittir.<!--more--><\/p>\n<p style=\"text-align: justify;\">Orgeneral \u0130lker Ba\u015fbu\u011f, \u201cGenelkurmay Ba\u015fkan\u0131\u201d unvan\u0131n\u0131 devretti\u011fi, \u00fcniformas\u0131n\u0131 \u00e7\u0131karaca\u011f\u0131 g\u00fcn ilgin\u00e7 bir geli\u015fme de ya\u015fand\u0131. Genelkurmay\u2019\u0131n kurdu\u011fu internet sitelerinde \u2018H\u00fck\u00fcmeti y\u0131pratmaya y\u00f6nelik propaganda\u2019 yap\u0131ld\u0131\u011f\u0131 iddias\u0131n\u0131 soru\u015fturan Savc\u0131 Zekeriya \u00d6z\u2019\u00fcn daha \u00f6nce ifadeye \u00e7a\u011fr\u0131lan 19 askerin ifade i\u015fleminin tamamlanmas\u0131n\u0131 ard\u0131ndan Ba\u015fbu\u011f\u2019un ifadeye \u00e7a\u011fr\u0131laca\u011f\u0131 iddia edildi. S\u00f6z konusu iddia \u00fczerine kendisine ula\u015ft\u0131\u011f\u0131m\u0131z \u0130stanbul Cumhuriyet Ba\u015fsavc\u0131s\u0131 Aykut Cengiz Engin, \u015fu anda b\u00f6yle bir durumun s\u00f6z konusu olmad\u0131\u011f\u0131n\u0131 s\u00f6yledi. Ba\u015fsavc\u0131 Engin, \u201c<strong>Zaten b\u00f6yle bir durum gerekti\u011fi taktirde \u00e7a\u011f\u0131rma yetkisi Ba\u015fsavc\u0131 veya Ba\u015fsavc\u0131vekiline aittir<\/strong>\u201d dedi.<\/p>\n<p style=\"text-align: justify;\">Ba\u015fsavc\u0131vekili Turan \u00c7olakkad\u0131 ise general stat\u00fcs\u00fcndeki ki\u015filer hakk\u0131nda y\u00fcr\u00fct\u00fclen soru\u015fturmalar\u0131n ve ifade alma i\u015flemlerinin yetkisinin yasal olarak Ba\u015fsavc\u0131 veya ba\u015fsavc\u0131 vekillerinde oldu\u011funu hat\u0131rlatarak \u201c<strong>\u015eu anda b\u00f6yle bir \u015fey yok<\/strong>\u201d dedi. Ba\u015fbu\u011f\u2019un general olmas\u0131 nedeniyle e\u011fer hakk\u0131nda bir soru\u015fturma y\u00fcr\u00fct\u00fcl\u00fcyorsa veya ifadeye \u00e7a\u011fr\u0131lm\u0131\u015f ise bundan ba\u015fsavc\u0131 veya ba\u015fsavc\u0131 vekilinin haberinin olmas\u0131 gerekti\u011fini kaydetti. \u00c7olakkad\u0131, \u00e7a\u011f\u0131rma yetkisinin ba\u015fsavc\u0131 veya ba\u015fsavc\u0131 vekiline ait oldu\u011funu da s\u00f6zlerine ekledi.<\/p>\n<p style=\"text-align: justify;\"><strong>11 asker ifade verdi <\/strong><\/p>\n<p style=\"text-align: justify;\">Vatan&#8217;\u0131n haberine g\u00f6re kamuoyunda \u201cinternet and\u0131c\u0131\u201d olarak bilinen soru\u015fturma kapsam\u0131nda aralar\u0131nda Orgeneral Hasan I\u011fs\u0131z\u2019\u0131n da bulundu\u011fu 19 askeri ifadeye \u00e7a\u011fr\u0131lm\u0131\u015ft\u0131. Soru\u015fturma kapsam\u0131nda Savc\u0131 Zekeriya \u00d6z taraf\u0131ndan \u015fu ana kadar aralar\u0131nda Orgenaral Hasan I\u011fs\u0131z ve Koramiral Mehmet Otuzbiro\u011flu\u2019nun da aralar\u0131nda bulundu\u011fu 11 asker \u015f\u00fcpheli s\u0131fat\u0131yla ifade verdi. H\u00fck\u00fcmet aleyhine kara propaganda yapt\u0131\u011f\u0131 \u00f6ne s\u00fcr\u00fclen ve bas\u0131nda yer ald\u0131ktan sonra yay\u0131n\u0131 durdurulan internet sitelerinin Kurmay Deniz Albay Dursun \u00c7i\u00e7ek\u2019in Org. Hasan I\u011fs\u0131z ile yapt\u0131\u011f\u0131 g\u00f6r\u00fc\u015fme sonras\u0131nda tekrar faal hale getirildi\u011fi iddia edilmi\u015fti. Savc\u0131l\u0131k ifadesinde bu g\u00f6r\u00fc\u015fme kendisine sorulan I\u011fs\u0131z\u2019\u0131n bunu kabul etmemi\u015fti.<\/p>\n<p style=\"text-align: justify;\"><strong>\u0130nternet and\u0131c\u0131 neydi? <\/strong><\/p>\n<p style=\"text-align: justify;\">Ergenekon davas\u0131 san\u0131\u011f\u0131 emekli Albay Hasan Y\u0131ld\u0131r\u0131m\u2019\u0131n evinde \u201cHayhay\u201d isimli belgenin bulunmas\u0131n\u0131n ard\u0131ndan ba\u015flam\u0131\u015ft\u0131. Soru\u015fturma s\u0131ras\u0131nda bir ihbarc\u0131 taraf\u0131ndan g\u00f6nderdi\u011fi e-mailde Genelkurmay taraf\u0131ndan iktidar ve cemaatler aleyhine propaganda yapmak amac\u0131yla 42 internet sitesinin kuruldu\u011fu iddia edilmi\u015fti.<\/p>\n<p style=\"text-align: justify;\"><a href=\"http:\/\/www.cumhuriyet.com.tr\/?hn=168850&amp;kw=Savc%FDl%FDk%27ta+Ba%FEbu%F0+krizi\" target=\"_blank\"><span style=\"color: #888888;\">Kaynak : Cumhuriyet Haber Portal\u0131<\/span><\/a><\/p>\n","protected":false},"excerpt":{"rendered":"<\/p>\n<p style=\"text-align: justify;\">\u0130stanbul Cumhuriyet Ba\u015fsavc\u0131s\u0131 Aykut Cengiz Engin, Org. Ba\u015fbu\u011f&#8217;un Savc\u0131 \u00d6z taraf\u0131ndan ifadeye \u00e7a\u011fr\u0131laca\u011f\u0131 iddias\u0131yla ilgili \u015f\u00f6yle dedi: \u015eu anda b\u00f6yle bir durum s\u00f6z konusu de\u011fil. Zaten b\u00f6yle bir durum gerekti\u011fi taktirde \u00e7a\u011f\u0131rma yetkisi Ba\u015fsavc\u0131 veya Ba\u015fsavc\u0131vekili&#8217;ne aittir.<\/p>\n","protected":false},"author":1,"featured_media":0,"comment_status":"open","ping_status":"closed","sticky":false,"template":"","format":"standard","meta":{"footnotes":""},"categories":[105],"tags":[],"class_list":["post-25202","post","type-post","status-publish","format-standard","hentry","category-gundem","odd"],"_links":{"self":[{"href":"http:\/\/www.korhanyilmaz.com\/index.php?rest_route=\/wp\/v2\/posts\/25202","targetHints":{"allow":["GET"]}}],"collection":[{"href":"http:\/\/www.korhanyilmaz.com\/index.php?rest_route=\/wp\/v2\/posts"}],"about":[{"href":"http:\/\/www.korhanyilmaz.com\/index.php?rest_route=\/wp\/v2\/types\/post"}],"author":[{"embeddable":true,"href":"http:\/\/www.korhanyilmaz.com\/index.php?rest_route=\/wp\/v2\/users\/1"}],"replies":[{"embeddable":true,"href":"http:\/\/www.korhanyilmaz.com\/index.php?rest_route=%2Fwp%2Fv2%2Fcomments&post=25202"}],"version-history":[{"count":0,"href":"http:\/\/www.korhanyilmaz.com\/index.php?rest_route=\/wp\/v2\/posts\/25202\/revisions"}],"wp:attachment":[{"href":"http:\/\/www.korhanyilmaz.com\/index.php?rest_route=%2Fwp%2Fv2%2Fmedia&parent=25202"}],"wp:term":[{"taxonomy":"category","embeddable":true,"href":"http:\/\/www.korhanyilmaz.com\/index.php?rest_route=%2Fwp%2Fv2%2Fcategories&post=25202"},{"taxonomy":"post_tag","embeddable":true,"href":"http:\/\/www.korhanyilmaz.com\/index.php?rest_route=%2Fwp%2Fv2%2Ftags&post=25202"}],"curies":[{"name":"wp","href":"https:\/\/api.w.org\/{rel}","templated":true}]}}