{"id":2520,"date":"2009-01-05T20:01:07","date_gmt":"2009-01-05T18:01:07","guid":{"rendered":"http:\/\/www.korhanyilmaz.com\/?p=2520"},"modified":"2009-01-05T20:01:07","modified_gmt":"2009-01-05T18:01:07","slug":"bakan-binali-yildirimdan-youtube-isyani","status":"publish","type":"post","link":"http:\/\/www.korhanyilmaz.com\/?p=2520","title":{"rendered":"Bakan Binali Y\u0131ld\u0131r\u0131m&#8217;dan YouTube \u0130syan\u0131"},"content":{"rendered":"<p style=\"text-align: center;\"><img loading=\"lazy\" decoding=\"async\" class=\"aligncenter size-full wp-image-2521\" title=\"Ula\u015ft\u0131rma Bakan\u0131 Binali Y\u0131ld\u0131r\u0131m\" src=\"http:\/\/www.korhanyilmaz.com\/wp-content\/uploads\/2009\/01\/7b8fef28229bdc4b99ee728dx.jpg\" alt=\"'YouTube kurallara uymuyor' \" width=\"380\" height=\"200\" \/><\/p>\n<p style=\"text-align: justify;\">Ula\u015ft\u0131rma Bakan\u0131 Binali Y\u0131ld\u0131r\u0131m, Atat\u00fcrk&#8217;e hakaret i\u00e7eren g\u00f6r\u00fcnt\u00fcler nedeniyle aylard\u0131r eri\u015fime kapal\u0131 olan video payla\u015f\u0131m sitesi YouTube&#8217;a y\u00fcklenerek, &#8220;Sorun, ilgili kurumun, getirilen baz\u0131 d\u00fczenlemelere, kurallara uymakta isteksiz davranmas\u0131ndan kaynaklan\u0131yor&#8221; dedi. \u0130nternete yasak getirme amac\u0131 ta\u015f\u0131mad\u0131klar\u0131n\u0131 vurgulayan Y\u0131ld\u0131r\u0131m, &#8220;Amac\u0131m\u0131z, su\u00e7larla su\u00e7 olu\u015fmadan m\u00fccadele etmek&#8221; dedi. Y\u0131ld\u0131r\u0131m, &#8220;Yasak olabilecek i\u00e7erik kald\u0131r\u0131lmas\u0131 gerekirken bazen site toptan da kapat\u0131labiliyor. Bu, yarg\u0131da bili\u015fimle ilgili su\u00e7lara nas\u0131l bak\u0131laca\u011f\u0131 y\u00f6n\u00fcnde tecr\u00fcbe birikiminin artmas\u0131yla a\u015fabilece\u011fimiz bir konu&#8221; dedi. \u0130nternet Daire Ba\u015fkanl\u0131\u011f\u0131 ise YouTube&#8217;dan T\u00fcrkiye&#8217;ye \u00f6zg\u00fc &#8216;youtube.com.tr&#8217; adresli bir site olu\u015fturmas\u0131n\u0131 istiyor. Yetkililer, bu sitenin a\u00e7\u0131lmas\u0131 halinde mevzuata uygun olarak yay\u0131n yapaca\u011f\u0131n\u0131 ifade ediyorlar.<\/p>\n","protected":false},"excerpt":{"rendered":"<p style=\"text-align: center;\">\n<p style=\"text-align: justify;\">Ula\u015ft\u0131rma Bakan\u0131 Binali Y\u0131ld\u0131r\u0131m, Atat\u00fcrk&#8217;e hakaret i\u00e7eren g\u00f6r\u00fcnt\u00fcler nedeniyle aylard\u0131r eri\u015fime kapal\u0131 olan video payla\u015f\u0131m sitesi YouTube&#8217;a y\u00fcklenerek, &#8220;Sorun, ilgili kurumun, getirilen baz\u0131 d\u00fczenlemelere, kurallara uymakta isteksiz davranmas\u0131ndan kaynaklan\u0131yor&#8221; dedi. \u0130nternete yasak getirme amac\u0131 ta\u015f\u0131mad\u0131klar\u0131n\u0131 vurgulayan Y\u0131ld\u0131r\u0131m, &#8220;Amac\u0131m\u0131z, su\u00e7larla su\u00e7 olu\u015fmadan m\u00fccadele etmek&#8221; dedi. Y\u0131ld\u0131r\u0131m, &#8220;Yasak olabilecek i\u00e7erik kald\u0131r\u0131lmas\u0131 gerekirken <\/p>\n","protected":false},"author":1,"featured_media":0,"comment_status":"open","ping_status":"open","sticky":false,"template":"","format":"standard","meta":{"footnotes":""},"categories":[7],"tags":[],"class_list":["post-2520","post","type-post","status-publish","format-standard","hentry","category-ekonomi","odd"],"_links":{"self":[{"href":"http:\/\/www.korhanyilmaz.com\/index.php?rest_route=\/wp\/v2\/posts\/2520","targetHints":{"allow":["GET"]}}],"collection":[{"href":"http:\/\/www.korhanyilmaz.com\/index.php?rest_route=\/wp\/v2\/posts"}],"about":[{"href":"http:\/\/www.korhanyilmaz.com\/index.php?rest_route=\/wp\/v2\/types\/post"}],"author":[{"embeddable":true,"href":"http:\/\/www.korhanyilmaz.com\/index.php?rest_route=\/wp\/v2\/users\/1"}],"replies":[{"embeddable":true,"href":"http:\/\/www.korhanyilmaz.com\/index.php?rest_route=%2Fwp%2Fv2%2Fcomments&post=2520"}],"version-history":[{"count":0,"href":"http:\/\/www.korhanyilmaz.com\/index.php?rest_route=\/wp\/v2\/posts\/2520\/revisions"}],"wp:attachment":[{"href":"http:\/\/www.korhanyilmaz.com\/index.php?rest_route=%2Fwp%2Fv2%2Fmedia&parent=2520"}],"wp:term":[{"taxonomy":"category","embeddable":true,"href":"http:\/\/www.korhanyilmaz.com\/index.php?rest_route=%2Fwp%2Fv2%2Fcategories&post=2520"},{"taxonomy":"post_tag","embeddable":true,"href":"http:\/\/www.korhanyilmaz.com\/index.php?rest_route=%2Fwp%2Fv2%2Ftags&post=2520"}],"curies":[{"name":"wp","href":"https:\/\/api.w.org\/{rel}","templated":true}]}}