{"id":25198,"date":"2010-08-28T11:02:05","date_gmt":"2010-08-28T08:02:05","guid":{"rendered":"http:\/\/www.korhanyilmaz.com\/?p=25198"},"modified":"2010-08-28T11:02:05","modified_gmt":"2010-08-28T08:02:05","slug":"ocalanla-gorusenler-konusuyor","status":"publish","type":"post","link":"http:\/\/www.korhanyilmaz.com\/?p=25198","title":{"rendered":"&#8220;\u00d6calan&#8217;la g\u00f6r\u00fc\u015fenler konu\u015fuyor&#8221;"},"content":{"rendered":"<p><a href=\"http:\/\/www.korhanyilmaz.com\/wp-content\/uploads\/2010\/08\/0211.jpg\"  class=\"lightview\"><img loading=\"lazy\" decoding=\"async\" class=\"aligncenter size-full wp-image-25199\" src=\"http:\/\/www.korhanyilmaz.com\/wp-content\/uploads\/2010\/08\/0211.jpg\" alt=\"\" width=\"385\" height=\"198\" \/><\/a><\/p>\n<p style=\"text-align: justify;\">Genelkurmay Ba\u015fkanl\u0131\u011f\u0131 g\u00f6revini devreden Orgeneral \u0130lker Ba\u015fbu\u011f, ter\u00f6r \u00f6rg\u00fct\u00fc eleba\u015f\u0131 ile g\u00f6r\u00fc\u015fme iddialar\u0131yla ilgili &#8221;Onu ilgili, yetkili makamlara sorun. Bu konuyla ilgili baz\u0131lar\u0131 cevap veriyorlar&#8221; dedi.<\/p>\n<p style=\"text-align: justify;\">ANKARA  &#8211; Genelkurmay Ba\u015fkanl\u0131\u011f\u0131 Karargah\u0131nda d\u00fczenlenen Genelkurmay Ba\u015fkanl\u0131\u011f\u0131 devir teslim t\u00f6reninin ard\u0131ndan verilen resepsiyonda gazetecilerin sorular\u0131n\u0131 yan\u0131tlayan Orgeneral Ba\u015fbu\u011f, nereye yerle\u015fece\u011fi konusundaki bir soru \u00fczerine, \u0130stanbul&#8217;a yerle\u015fmeyi, yaz aylar\u0131nda da Bodrum&#8217;a gitmeyi planlad\u0131\u011f\u0131n\u0131 s\u00f6yledi. <!--more--><\/p>\n<p style=\"text-align: justify;\">Yerle\u015fece\u011fi evle ilgili haberlerin gazetelerde yer almas\u0131 konusundaki g\u00f6r\u00fc\u015flerinin sorulmas\u0131 \u00fczerine Orgeneral Ba\u015fbu\u011f, bu haberlere k\u0131zmad\u0131\u011f\u0131n\u0131 ancak kendileri a\u00e7\u0131s\u0131ndan bir g\u00fcvenlik sorunu oldu\u011funu belirtti.<\/p>\n<p style=\"text-align: justify;\">Bir gazetecinin, &#8221;Konu\u015fman\u0131zda tansiyon y\u00fckselmesinden bahsettiniz, bunu detayland\u0131rabilir misiniz?&#8221; sorusu \u00fczerine Orgeneral Ba\u015fbu\u011f, T\u00fcrk Silahl\u0131 Kuvvetleri ile ilgili konular\u0131n a\u015f\u0131r\u0131 bir bi\u00e7imde g\u00fcndeme getirilmesinin kampla\u015fmalara neden oldu\u011funu ifade etti.<\/p>\n<p style=\"text-align: justify;\">Toplumun kampla\u015fmalardan mutlu oldu\u011funun s\u00f6ylenemeyece\u011fini, bu durumun ayr\u0131ca silahl\u0131 kuvvetler personeli aras\u0131nda da huzursuzluk yaratt\u0131\u011f\u0131n\u0131 belirten Orgeneral Ba\u015fbu\u011f, toplumun tansiyonunun artt\u0131\u011f\u0131n\u0131, s\u00fcre\u00e7lerin \u00e7ok gergin ge\u00e7ti\u011fini s\u00f6yledi. Orgeneral Ba\u015fbu\u011f, &#8221;Toplumun ben fazla gerginli\u011fi sevdi\u011fini zannetmiyorum&#8221; dedi.<\/p>\n<p style=\"text-align: justify;\">Tansiyonun nas\u0131l d\u00fc\u015febilece\u011fi \u015feklindeki soru \u00fczerine Orgeneral Ba\u015fbu\u011f, &#8221;Tansiyonu d\u00fc\u015f\u00fcrecek olay diyalog, diyalog bence \u00f6nemli&#8221; dedi.<\/p>\n<p style=\"text-align: justify;\">Orgeneral Ba\u015fbu\u011f, \u00e7ok \u00f6nemli konular varken baz\u0131 konulara a\u015f\u0131r\u0131 derecede enerji sarf edildi\u011fini dile getirdi.<\/p>\n<p style=\"text-align: justify;\"><strong>&#8221;SEMPAT\u0130 DAH\u0130 DUYULMUYOR&#8221;<\/strong><\/p>\n<p style=\"text-align: justify;\">G\u00f6reve geldikten hemen sonra Do\u011fu ve G\u00fcneydo\u011fu&#8217;ya gitti\u011finin hat\u0131rlat\u0131lmas\u0131 ve o g\u00fcnden bug\u00fcne b\u00f6lgede nelerin de\u011fi\u015fmi\u015f oldu\u011funun sorulmas\u0131 \u00fczerine Orgeneral Ba\u015fbu\u011f, b\u00f6lgedeki insanlar\u0131n da b\u00fcy\u00fck b\u00f6l\u00fcm\u00fcn\u00fcn ter\u00f6rden art\u0131k bezdi\u011fini, nefret etti\u011fini de\u011ferlendirdi\u011fini s\u00f6yledi.<\/p>\n<p style=\"text-align: justify;\">Orgeneral Ba\u015fbu\u011f, &#8221;B\u00f6lge halk\u0131n\u0131n hi\u00e7bir zaman ter\u00f6r\u00fc ve ter\u00f6r \u00f6rg\u00fctlerini destekledi\u011fi kanaatinde de\u011filim. Ben y\u00fczde 90 derim, belki siz daha y\u00fcksek bir rakam da s\u00f6yleyebilirsiniz&#8221; dedi.<\/p>\n<p style=\"text-align: justify;\">&#8221;Olay\u0131n siyasalla\u015fma bi\u00e7imi rahats\u0131z edici mi?&#8221; sorusu \u00fczerine Orgeneral Ba\u015fbu\u011f, baz\u0131 yerlerde \u00f6rg\u00fct\u00fcn halk \u00fczerindeki korkuya, tehdide dayal\u0131 bask\u0131s\u0131n\u0131n artt\u0131\u011f\u0131n\u0131n g\u00f6zlemlendi\u011fini s\u00f6yledi.<\/p>\n<p style=\"text-align: justify;\">Orgeneral Ba\u015fbu\u011f, &#8221;Baz\u0131 b\u00f6lgelerde \u00f6rg\u00fct, &#8216;Kapat\u0131n kepenkleri, d\u00fckkanlar\u0131 a\u00e7may\u0131n&#8217; diyor. Orada da insanlar\u0131n b\u00fcy\u00fck b\u00f6l\u00fcm\u00fc, y\u00fczde 80-90&#8217;\u0131 buna uyuyorsa i\u015fte orada, o konu \u00fczerinde durman\u0131z laz\u0131m. O insan\u0131n da hi\u00e7 kabahati yok. Ne yapacak? Ben b\u00f6lge halk\u0131n\u0131n ter\u00f6rden bezdi\u011fini, ter\u00f6rden nefret etti\u011fini d\u00fc\u015f\u00fcn\u00fcyorum. \u00d6rg\u00fct\u00fc b\u0131rak\u0131n desteklemeyi, \u00f6rg\u00fcte sempati dahi duydu\u011funu d\u00fc\u015f\u00fcnm\u00fcyorum&#8221; diye konu\u015ftu.<\/p>\n<p style=\"text-align: justify;\">\u00d6rg\u00fct\u00fcn T\u00fcrkiye&#8217;yi 1990&#8217;l\u0131 y\u0131llardaki konjonkt\u00fcre d\u00f6nd\u00fcrerek toplumsal \u00e7at\u0131\u015fmay\u0131 tetiklemek isteyebilece\u011fini ifade eden Orgeneral Ba\u015fbu\u011f, \u00f6rg\u00fct\u00fcn konuyu hatta uluslararas\u0131 boyutlara ta\u015f\u0131may\u0131 arzu edebilece\u011fini kaydetti.<\/p>\n<p style=\"text-align: justify;\">B\u00f6lge d\u0131\u015f\u0131nda T\u00fcrkiye&#8217;nin ba\u015fka b\u00f6lgelerinde de olaylar ya\u015fand\u0131\u011f\u0131n\u0131n hat\u0131rlat\u0131lmas\u0131 \u00fczerine, Orgeneral Ba\u015fbu\u011f, T\u00fcrkiye i\u00e7in en b\u00fcy\u00fck tehlikelerden birinin bu oldu\u011funu belirterek, &#8221;Toplumu \u00e7at\u0131\u015ft\u0131rmak T\u00fcrkiye&#8217;ye yap\u0131lacak en b\u00fcy\u00fck zarard\u0131r&#8221; dedi.<\/p>\n<p style=\"text-align: justify;\">Bir gazetecinin, &#8221;\u0130mral\u0131&#8217;daki \u00f6rg\u00fct ba\u015f\u0131yla &#8216;devlet g\u00f6r\u00fc\u015f\u00fcr, g\u00f6r\u00fc\u015fmez&#8217; diye bir tart\u0131\u015fma var&#8221; demesi \u00fczerine Orgeneral Ba\u015fbu\u011f, &#8221;Onu ilgili, yetkili makamlara sorun. Bu konuyla ilgili baz\u0131lar\u0131 cevap veriyorlar&#8221; diye konu\u015ftu.<\/p>\n<p style=\"text-align: justify;\"><strong>&#8221;YERLE\u015e\u0130M YERLER\u0130 \u00c7OK HASSAS&#8221;<\/strong><\/p>\n<p style=\"text-align: justify;\">&#8221;B\u00f6l\u00fcc\u00fc \u00f6rg\u00fct\u00fcn olay\u0131 siyasi platforma ta\u015f\u0131maya \u00e7al\u0131\u015fmas\u0131 daha tehlikeli ve s\u0131k\u0131nt\u0131l\u0131 bir \u015fey mi?&#8221; sorusunu yan\u0131tlarken Orgeneral Ba\u015fbu\u011f, &#8221;Kesinlikle. K\u0131rsal alandaki m\u00fccadelede, sizin de can\u0131n\u0131z yanabilir. Bu olabilir. Bunu anlatamad\u0131k yani. Burada hi\u00e7bir noktada sonuca gidemezler ama esas \u00f6nemli olan olay\u0131n siyasal alana kaymas\u0131d\u0131r. Yerle\u015fim yerleri \u00e7ok hassas&#8221; dedi.<\/p>\n<p style=\"text-align: justify;\">Orgeneral Ba\u015fbu\u011f, 1990-1993 y\u0131llar\u0131n\u0131n kritik ve \u00f6rg\u00fct\u00fcn g\u00fc\u00e7lendi\u011fi bir d\u00f6nem oldu\u011funu dile getirerek, \u00f6rg\u00fct\u00fcn olay\u0131 yine oraya getirmek isteyebilece\u011fini kaydetti.<\/p>\n<p style=\"text-align: justify;\">1993-1999 y\u0131llar\u0131 aras\u0131nda \u00f6rg\u00fcte kar\u015f\u0131 ba\u015far\u0131 sa\u011fland\u0131\u011f\u0131n\u0131 belirten Orgeneral Ba\u015fbu\u011f, 1999-2004 y\u0131llar\u0131 aras\u0131n\u0131n ise ayr\u0131 bir d\u00f6nem oldu\u011funu s\u00f6yledi.<\/p>\n<p style=\"text-align: justify;\">T\u00fcrkiye&#8217;de &#8221;Eylem yok, bu bitti&#8221; anlay\u0131\u015f\u0131n\u0131n hakim oldu\u011funu dile getiren Orgeneral Ba\u015fbu\u011f, &#8221;Bug\u00fcn d\u00fc\u015f\u00fcnd\u00fc\u011f\u00fcn\u00fcz \u015feylerin baz\u0131lar\u0131n\u0131 1999-2004 aras\u0131ndaki d\u00f6nemde yapsayd\u0131n\u0131z acaba ne olurdu? Baz\u0131 \u015feyleri yapsayd\u0131n\u0131z veya yapabilseydiniz, belki sonu\u00e7lar\u0131 \u00e7ok daha farkl\u0131 olurdu&#8221; dedi.<\/p>\n<p style=\"text-align: justify;\">Bir gazetecinin, &#8221;Mesela K\u00fcrt\u00e7e televizyon mu?&#8221; sorusu \u00fczerine Orgeneral Ba\u015fbu\u011f, &#8221;Mesela&#8230; 2007&#8217;de onun yaratt\u0131\u011f\u0131 etki \u00fc\u00e7 derseniz. O d\u00f6nemde yapsayd\u0131n\u0131z yirmi alabilirdiniz. Ben burada da kimseyi kritize etmiyorum bug\u00fcnk\u00fc \u015fartlarda. Eylemlerle tedbirlerin paralel gitmemesi laz\u0131m. \u00d6rg\u00fct, &#8216;Eylem yap\u0131yorum, bunun kar\u015f\u0131l\u0131\u011f\u0131nda bunu yap\u0131yorlar&#8217; diyebilir. 1994-2004 aras\u0131 ter\u00f6r eylemleri a\u00e7\u0131s\u0131ndan biraz daha sakin bir d\u00f6nemdi&#8221; diye konu\u015ftu.<\/p>\n<p style=\"text-align: justify;\">ABD&#8217;nin Irak&#8217;tan \u00e7ekilmesinin T\u00fcrkiye a\u00e7\u0131s\u0131ndan ne t\u00fcr etkiler do\u011furabilece\u011fi y\u00f6n\u00fcndeki soru \u00fczerine Orgeneral Ba\u015fbu\u011f, Irak&#8217;\u0131n toprak ve siyasi b\u00fct\u00fcnl\u00fc\u011f\u00fcn\u00fcn T\u00fcrkiye a\u00e7\u0131s\u0131ndan hayati bir durum oldu\u011funu s\u00f6yledi.<\/p>\n<p style=\"text-align: justify;\">Irak&#8217;\u0131n toprak ve siyasi b\u00fct\u00fcnl\u00fc\u011f\u00fcn\u00fcn uzun vadede muhafaza edilip edilemeyece\u011fi sorusuna kimsenin yan\u0131t veremedi\u011fini dile getiren Orgeneral Ba\u015fbu\u011f, bu muhafaza edilmezse T\u00fcrkiye a\u00e7\u0131s\u0131ndan \u00e7ok ciddi sorunlar do\u011fabilece\u011fini kaydetti.<\/p>\n<p style=\"text-align: justify;\"><strong>\u015eEREF MADALYASI BEN\u0130 \u0130LG\u0130LEND\u0130RM\u0130YOR<\/strong><\/p>\n<p style=\"text-align: justify;\">Orgeneral Ba\u015fbu\u011f, bir gazetecinin, \u00f6nceki devir teslim t\u00f6renlerinde Genelkurmay Ba\u015fkanlar\u0131na Devlet \u015eeref Madalyas\u0131 verildi\u011fini ancak kendisine verilmedi\u011fini belirtmesi ve bu konudaki g\u00f6r\u00fc\u015f\u00fcn\u00fc sormas\u0131 \u00fczerine de &#8221;Beni hi\u00e7 ilgilendiren bir konu de\u011fil \u015fu anda&#8221; dedi.<\/p>\n<p style=\"text-align: justify;\">Resepsiyona, Ba\u015fbakan Recep Tayyip Erdo\u011fan da kat\u0131ld\u0131 ve orucunu resepsiyonda a\u00e7t\u0131. Ba\u015fbakan Erdo\u011fan resepsiyonda yakla\u015f\u0131k bir saat kald\u0131.<\/p>\n<p style=\"text-align: justify;\"><a href=\"http:\/\/www.gazeteport.com.tr\/GUNCEL\/NEWS\/GP_753754\" target=\"_blank\"><span style=\"color: #888888;\">Kaynak : GAZETEPORT<\/span><\/a><\/p>\n","protected":false},"excerpt":{"rendered":"<\/p>\n<p style=\"text-align: justify;\">Genelkurmay Ba\u015fkanl\u0131\u011f\u0131 g\u00f6revini devreden Orgeneral \u0130lker Ba\u015fbu\u011f, ter\u00f6r \u00f6rg\u00fct\u00fc eleba\u015f\u0131 ile g\u00f6r\u00fc\u015fme iddialar\u0131yla ilgili &#8221;Onu ilgili, yetkili makamlara sorun. Bu konuyla ilgili baz\u0131lar\u0131 cevap veriyorlar&#8221; dedi.<\/p>\n<p style=\"text-align: justify;\">ANKARA &#8211; Genelkurmay Ba\u015fkanl\u0131\u011f\u0131 Karargah\u0131nda d\u00fczenlenen Genelkurmay Ba\u015fkanl\u0131\u011f\u0131 devir teslim t\u00f6reninin ard\u0131ndan verilen resepsiyonda gazetecilerin sorular\u0131n\u0131 yan\u0131tlayan Orgeneral Ba\u015fbu\u011f, nereye yerle\u015fece\u011fi konusundaki bir soru <\/p>\n","protected":false},"author":1,"featured_media":0,"comment_status":"open","ping_status":"closed","sticky":false,"template":"","format":"standard","meta":{"footnotes":""},"categories":[105],"tags":[],"class_list":["post-25198","post","type-post","status-publish","format-standard","hentry","category-gundem","odd"],"_links":{"self":[{"href":"http:\/\/www.korhanyilmaz.com\/index.php?rest_route=\/wp\/v2\/posts\/25198","targetHints":{"allow":["GET"]}}],"collection":[{"href":"http:\/\/www.korhanyilmaz.com\/index.php?rest_route=\/wp\/v2\/posts"}],"about":[{"href":"http:\/\/www.korhanyilmaz.com\/index.php?rest_route=\/wp\/v2\/types\/post"}],"author":[{"embeddable":true,"href":"http:\/\/www.korhanyilmaz.com\/index.php?rest_route=\/wp\/v2\/users\/1"}],"replies":[{"embeddable":true,"href":"http:\/\/www.korhanyilmaz.com\/index.php?rest_route=%2Fwp%2Fv2%2Fcomments&post=25198"}],"version-history":[{"count":0,"href":"http:\/\/www.korhanyilmaz.com\/index.php?rest_route=\/wp\/v2\/posts\/25198\/revisions"}],"wp:attachment":[{"href":"http:\/\/www.korhanyilmaz.com\/index.php?rest_route=%2Fwp%2Fv2%2Fmedia&parent=25198"}],"wp:term":[{"taxonomy":"category","embeddable":true,"href":"http:\/\/www.korhanyilmaz.com\/index.php?rest_route=%2Fwp%2Fv2%2Fcategories&post=25198"},{"taxonomy":"post_tag","embeddable":true,"href":"http:\/\/www.korhanyilmaz.com\/index.php?rest_route=%2Fwp%2Fv2%2Ftags&post=25198"}],"curies":[{"name":"wp","href":"https:\/\/api.w.org\/{rel}","templated":true}]}}