{"id":25194,"date":"2010-08-28T10:13:02","date_gmt":"2010-08-28T07:13:02","guid":{"rendered":"http:\/\/www.korhanyilmaz.com\/?p=25194"},"modified":"2010-08-28T10:13:02","modified_gmt":"2010-08-28T07:13:02","slug":"tkpli-kadinlardan-erdogana-elestiri","status":"publish","type":"post","link":"http:\/\/www.korhanyilmaz.com\/?p=25194","title":{"rendered":"TKP&#8217;li kad\u0131nlardan Erdo\u011fan&#8217;a ele\u015ftiri"},"content":{"rendered":"<p style=\"text-align: center;\"><a href=\"http:\/\/www.korhanyilmaz.com\/wp-content\/uploads\/2010\/08\/0191.jpg\"  class=\"lightview\"><img loading=\"lazy\" decoding=\"async\" class=\"aligncenter size-full wp-image-25195\" src=\"http:\/\/www.korhanyilmaz.com\/wp-content\/uploads\/2010\/08\/0191.jpg\" alt=\"\" width=\"322\" height=\"241\" \/><\/a><\/p>\n<p style=\"text-align: justify;\">TKP&#8217;li Kad\u0131nlar, 12 Eyl\u00fcl referandumu ile ilgili bir bildiri yay\u0131nlayarak, &#8220;Kad\u0131n erkek e\u015fitli\u011fine inanm\u0131yorum, diyen Ba\u015fbakan Recep Tayyip Erdo\u011fan&#8217;\u0131n anayasas\u0131 e\u015fitlik\u00e7i olabilir mi?&#8221; diye sordu.<\/p>\n<p style=\"text-align: justify;\">T\u00fcrkiye Kom\u00fcnist Partili kad\u0131nlar taraf\u0131ndan yay\u0131nlanan bildiride, &#8220;AKP&#8217;nin daha pervas\u0131zca sald\u0131raca\u011f\u0131, hesap vermeden zulmedece\u011fi, sermayenin zincirlerinden bo\u015fand\u0131\u011f\u0131 bir T\u00fcrkiye hanedanl\u0131\u011f\u0131 i\u00e7in kendi anayasas\u0131n\u0131 yazd\u0131\u011f\u0131&#8221; \u00f6ne s\u00fcr\u00fcld\u00fc. Bildiride, referanduma sunulan anayasa ile ilgili \u015fu sorular soruldu: <!--more--><\/p>\n<p style=\"text-align: justify;\">&#8220;Kad\u0131n erkek e\u015fitli\u011fine inanm\u0131yorum, diyen bir ba\u015fbakan\u0131n anayasas\u0131 e\u015fitlik\u00e7i olabilir mi? Kad\u0131n\u0131n \u00e7al\u0131\u015fma hayat\u0131na dahil olmas\u0131n\u0131, i\u015fsizlik rakamlar\u0131ndaki art\u0131\u015f\u0131n nedeni olarak g\u00f6ren bakanlar\u0131n anayasas\u0131 kat\u0131l\u0131mc\u0131 olabilir mi? \u00c7oke\u015fli milletvekillerinin, ba\u015fbakan dan\u0131\u015fmanlar\u0131n\u0131n, K\u00fcrt sorununda \u00e7\u00f6z\u00fcm\u00fc K\u00fcrt kumalar alarak vatani g\u00f6revlerini yapacak T\u00fcrk cengaverlerde g\u00f6renlerin anayasas\u0131 demokrasi getirebilir mi? Kad\u0131n\u0131n toplumsal g\u00f6revini en az 3 \u00e7ocuk do\u011furmak olarak g\u00f6ren, H\u00fcseyin \u00dczmez gibi &#8216;vakit&#8217;li &#8216;vakit&#8217;siz tacizcileri yarg\u0131n\u0131n elinden kurtarmak i\u00e7in evlilik ya\u015f\u0131n\u0131 15&#8217;e \u00e7ekmeye \u00e7al\u0131\u015fan, \u00e7ocuk istismarc\u0131lar\u0131n\u0131n yuvas\u0131 AKP, temiz ve ahlakl\u0131 bir T\u00fcrkiye yaratabilir mi? K\u0131z ve erkek \u00e7ocuklar\u0131n\u0131n ayr\u0131 s\u0131n\u0131flarda e\u011fitim alabilece\u011fini savunan e\u011fitimci d\u00fc\u015fman\u0131, yobaz milli e\u011fitim bakanlar\u0131n\u0131n anayasas\u0131na &#8216;evet&#8217; demek ya da g\u00f6rmezden gelip &#8216;hi\u00e7bir\u015feycilik&#8217; yap\u0131p kenara \u00e7ekilmek T\u00fcrkiyeli ilerici kad\u0131nlara yak\u0131\u015f\u0131r m\u0131?&#8221;<\/p>\n<p style=\"text-align: justify;\"><strong>Referandumun konusu<\/strong><\/p>\n<p style=\"text-align: justify;\">Bildiride, sorular\u0131n retorik oldu\u011fu belirtilerek, \u015fu g\u00f6r\u00fc\u015flere yer verildi:<\/p>\n<p style=\"text-align: justify;\">&#8220;\u00d6len madencilerin, sele kap\u0131lan kad\u0131n i\u015f\u00e7ilerin, tersanede can veren emek\u00e7ilerin, birbirini lin\u00e7 eden T\u00fcrkiye halklar\u0131n\u0131n faili gayet &#8216;me\u015fhur&#8217;dur ve AKP&#8217;dir. Referandumun konusu da \u00f6zetle AKP&#8217;dir; gericili\u011fin, piyasac\u0131l\u0131\u011f\u0131n zincirlerinden bo\u015fanmas\u0131d\u0131r. Referandumda verece\u011fimiz yan\u0131t ilkokuldaki basit problemlerin zihinden \u00e7\u00f6z\u00fclen yan\u0131tlar\u0131 gibidir, ne parmak hesab\u0131n\u0131 gerektirir, ne de uzun uzun d\u00fc\u015f\u00fcnmeye mahal verir. Zaman memleketimizi s\u0131k\u0131\u015ft\u0131rmaktad\u0131r ve referandumda, T\u00fcrkiye&#8217;nin yurtsever, ayd\u0131nl\u0131k, emek\u00e7i g\u00f6n\u00fclleri, basit bir probleme zihinden yan\u0131t verir gibi k\u0131vrak ve ikirciksizce &#8216;Hay\u0131r&#8217; demelidir.&#8221;<\/p>\n<p style=\"text-align: justify;\"><a href=\"http:\/\/www.cumhuriyet.com.tr\/?hn=168664\" target=\"_blank\"><span style=\"color: #888888;\">Kaynak : Cumhuriyet Haber Portal\u0131<\/span><\/a><\/p>\n","protected":false},"excerpt":{"rendered":"<p style=\"text-align: center;\">\n<p style=\"text-align: justify;\">TKP&#8217;li Kad\u0131nlar, 12 Eyl\u00fcl referandumu ile ilgili bir bildiri yay\u0131nlayarak, &#8220;Kad\u0131n erkek e\u015fitli\u011fine inanm\u0131yorum, diyen Ba\u015fbakan Recep Tayyip Erdo\u011fan&#8217;\u0131n anayasas\u0131 e\u015fitlik\u00e7i olabilir mi?&#8221; diye sordu.<\/p>\n<p style=\"text-align: justify;\">T\u00fcrkiye Kom\u00fcnist Partili kad\u0131nlar taraf\u0131ndan yay\u0131nlanan bildiride, &#8220;AKP&#8217;nin daha pervas\u0131zca sald\u0131raca\u011f\u0131, hesap vermeden zulmedece\u011fi, sermayenin zincirlerinden bo\u015fand\u0131\u011f\u0131 bir T\u00fcrkiye hanedanl\u0131\u011f\u0131 i\u00e7in kendi anayasas\u0131n\u0131 <\/p>\n","protected":false},"author":1,"featured_media":0,"comment_status":"open","ping_status":"closed","sticky":false,"template":"","format":"standard","meta":{"footnotes":""},"categories":[105],"tags":[],"class_list":["post-25194","post","type-post","status-publish","format-standard","hentry","category-gundem","odd"],"_links":{"self":[{"href":"http:\/\/www.korhanyilmaz.com\/index.php?rest_route=\/wp\/v2\/posts\/25194","targetHints":{"allow":["GET"]}}],"collection":[{"href":"http:\/\/www.korhanyilmaz.com\/index.php?rest_route=\/wp\/v2\/posts"}],"about":[{"href":"http:\/\/www.korhanyilmaz.com\/index.php?rest_route=\/wp\/v2\/types\/post"}],"author":[{"embeddable":true,"href":"http:\/\/www.korhanyilmaz.com\/index.php?rest_route=\/wp\/v2\/users\/1"}],"replies":[{"embeddable":true,"href":"http:\/\/www.korhanyilmaz.com\/index.php?rest_route=%2Fwp%2Fv2%2Fcomments&post=25194"}],"version-history":[{"count":0,"href":"http:\/\/www.korhanyilmaz.com\/index.php?rest_route=\/wp\/v2\/posts\/25194\/revisions"}],"wp:attachment":[{"href":"http:\/\/www.korhanyilmaz.com\/index.php?rest_route=%2Fwp%2Fv2%2Fmedia&parent=25194"}],"wp:term":[{"taxonomy":"category","embeddable":true,"href":"http:\/\/www.korhanyilmaz.com\/index.php?rest_route=%2Fwp%2Fv2%2Fcategories&post=25194"},{"taxonomy":"post_tag","embeddable":true,"href":"http:\/\/www.korhanyilmaz.com\/index.php?rest_route=%2Fwp%2Fv2%2Ftags&post=25194"}],"curies":[{"name":"wp","href":"https:\/\/api.w.org\/{rel}","templated":true}]}}