{"id":25187,"date":"2010-08-28T11:05:28","date_gmt":"2010-08-28T08:05:28","guid":{"rendered":"http:\/\/www.korhanyilmaz.com\/?p=25187"},"modified":"2010-08-28T11:05:28","modified_gmt":"2010-08-28T08:05:28","slug":"ifade-sirasi-basbugda","status":"publish","type":"post","link":"http:\/\/www.korhanyilmaz.com\/?p=25187","title":{"rendered":"\u0130fade s\u0131ras\u0131 Ba\u015fbu\u011f&#8217;da"},"content":{"rendered":"<p style=\"text-align: justify;\"><a href=\"http:\/\/www.korhanyilmaz.com\/wp-content\/uploads\/2010\/08\/018.jpeg\"  class=\"lightview\"><img loading=\"lazy\" decoding=\"async\" class=\"aligncenter size-full wp-image-25188\" src=\"http:\/\/www.korhanyilmaz.com\/wp-content\/uploads\/2010\/08\/018.jpeg\" alt=\"\" width=\"322\" height=\"241\" \/><\/a><\/p>\n<p style=\"text-align: justify;\">Genelkurmay Ba\u015fkanl\u0131\u011f\u0131&#8217;n\u0131 d\u00fcn devreden Orgeneral \u0130lker Ba\u015fbu\u011f, internet and\u0131c\u0131 soru\u015fturmas\u0131nda ifadeye \u00e7a\u011fr\u0131lacak. Ba\u015fbu\u011f&#8217;un ifadesini Ergenekon savc\u0131s\u0131 Zekeriya \u00d6z alacak.<\/p>\n<p style=\"text-align: justify;\">Vatan ve Habert\u00fcrk gazetelerinde yer alan haberlere g\u00f6re, Orgeneral Ba\u015fbu\u011f, ifadeye internet and\u0131c\u0131 belgesinin bas\u0131nda yer almas\u0131 \u00fczerine kapat\u0131lan internet sitelerinin yay\u0131n\u0131na yeniden devam etmesi i\u00e7in onay verdi\u011fi iddias\u0131yla ifade verecek. Ba\u015fbu\u011f\u2019un ifadesini \u00f6zel yetkili cumhuriyet savc\u0131s\u0131 Zekeriya \u00d6z alacak. <!--more--><\/p>\n<p style=\"text-align: justify;\">\u0130ddiaya g\u00f6re, &#8220;\u0130rtica ile M\u00fccadele Eylem Plan\u0131&#8221; davas\u0131n\u0131n bir numaral\u0131 san\u0131\u011f\u0131 tutuklu Deniz Kurmay Albay Dursun \u00c7i\u00e7ek, internet sitelerinin yeniden yay\u0131na haz\u0131rlanmas\u0131 i\u00e7in Orgeneral Hasan I\u011fs\u0131z\u2019\u0131 ikna etti. Ba\u015fbu\u011f da yay\u0131nlar\u0131n devam\u0131 i\u00e7in &#8216;onay&#8217; verdi. Eski 1. Ordu Komutan\u0131 I\u011fs\u0131z ise savc\u0131l\u0131\u011fa verdi\u011fi ifadesinde planlar\u0131n i\u00e7eri\u011fini alt r\u00fctbelilerin bildiklerini, att\u0131\u011f\u0131 paraf\u0131n g\u00fcnl\u00fck i\u015fler oldu\u011funu savunmu\u015ftu.<\/p>\n<p style=\"text-align: justify;\">Soru\u015fturmay\u0131 y\u00fcr\u00fcten Savc\u0131 Zekeriya \u00d6z, \u015fu ana kadar Orgeneral Hasan I\u011fs\u0131z \u2019\u0131n da aralar\u0131nda oldu\u011fu 11 ki\u015finin \u201c\u015f\u00fcpheli \u201d s\u0131fat\u0131yla ifadesini ald\u0131. \u00d6z, soru\u015fturma kapsam\u0131nda ifadesini alaca\u011f\u0131 19 ki\u015fiden biri olan &#8220;\u0130rtica ile M\u00fccadele Eylem Plan\u0131&#8221; davas\u0131 san\u0131klar\u0131ndan Albay Dursun \u00c7i\u00e7ek&#8217;i en son sorgulayacak. Soru\u015fturma kapsam\u0131nda ifadeye \u00e7a\u011fr\u0131lan T\u00fcmgeneral H\u0131fz\u0131 \u00c7ubuklu\u2019nun sa\u011fl\u0131k raporunu 31 A\u011fustos tarihine kadar uzatt\u0131\u011f\u0131, bu tarihten sonra da gelmemesi halinde yakalama karar\u0131 \u00e7\u0131kart\u0131laca\u011f\u0131 \u00f6\u011frenildi.<\/p>\n<p style=\"text-align: justify;\">T\u00fcm bu ifadeler al\u0131nd\u0131ktan sonra Orgeneral \u0130lker Ba\u015fbu\u011f ifade vermeye \u00e7a\u011fr\u0131lacak.<\/p>\n<p style=\"text-align: justify;\"><strong>Siteler kapat\u0131ld\u0131 <\/strong><\/p>\n<p style=\"text-align: justify;\">2. Ergenekon davas\u0131 tutuklusu emekli Albay Hasan Ataman Y\u0131ld\u0131r\u0131m\u2019\u0131n evinde yap\u0131lan bir aramada ele ge\u00e7en \u201cHayhay\u201d isimli bir belge sonras\u0131nda &#8220;internet and\u0131c\u0131&#8221; soru\u015fturmas\u0131 ba\u015flad\u0131. Belgede Genelkurmay Ba\u015fkanl\u0131\u011f\u0131&#8217;n\u0131n kara propaganda yapmak \u00fczere kurdurdu\u011fu sitelerle ilgili ifadeler yer al\u0131yordu. Yap\u0131lan ara\u015ft\u0131rmalarda, \u00e7o\u011fu birbirlerine link vererek ba\u011flanan bu sitelerin Milli Savunma Bakanl\u0131\u011f\u0131&#8217;na ba\u011fl\u0131 IP numaralar\u0131n\u0131 kulland\u0131\u011f\u0131 ve sitelerin Genelkurmay Ba\u015fkanl\u0131\u011f\u0131\u2019na ait oldu\u011fu bilgisine ula\u015f\u0131ld\u0131. 35 sitenin tek mail adresi \u00fczerinden y\u00f6nlendirildi\u011fi, hepsinin tek isim \u00fczerine al\u0131nd\u0131\u011f\u0131 tespit edilmi\u015fti. 35 farkl\u0131 sitenin domain (yer) sa\u011flay\u0131c\u0131s\u0131 Ortado\u011fu Yaz\u0131ml\u0131 Hizmetleri A.\u015e. ve bu siteler al\u0131n\u0131rken de ileti\u015fim i\u00e7in verilen e-mail adresinin hayhaytr@yahoo.com adresi oldu\u011fu ortaya \u00e7\u0131km\u0131\u015ft\u0131.<\/p>\n<p style=\"text-align: justify;\">Tam da bu s\u0131rada daha \u00f6nce Ergenekon Savc\u0131lar\u0131 \u2019na \u201cIslak \u0130mza \u201d belgesini g\u00f6nderen me\u00e7hul ihbarc\u0131 ikinci bir ihbar maili g\u00f6nderdi. \u0130hbarc\u0131 Genelkurmay Ba\u015fkanl\u0131\u011f\u0131 taraf\u0131ndan iktidar ve cemaatler aleyhine kara propaganda yapmak amac\u0131yla 42 internet sitesinin kuruldu\u011funu ve Genelkurmay\u2019a ba\u011fl\u0131 Bilgi Destek Daire Ba\u015fkanl\u0131\u011f\u0131 \u2019n\u0131n yerli ve yabanc\u0131 430 internet sitesini de s\u00fcrekli takip ettiklerini ileri s\u00fcrd\u00fc. Mailine bir de \u201cinternet and\u0131c\u0131\u201d olarak adland\u0131r\u0131lan bir belge ekledi. Belgeye g\u00f6re, Nisan 2009 tarihli &#8220;and\u0131\u00e7&#8221; Genelkurmay Bilgi Destek Daire Ba\u015fkanl\u0131\u011f\u0131 Destek \u015eubesi taraf\u0131ndan haz\u0131rlanm\u0131\u015ft\u0131. Belgenin alt\u0131nda Top\u00e7u Albay Cemal G\u00f6k\u00e7eo\u011flu ve Albay Dursun \u00c7i\u00e7ek de dahil 8 ki\u015finin imzas\u0131 bulunuyordu. Belgede &#8216;Kimden&#8217; b\u00f6l\u00fcm\u00fcn\u00fcn kar\u015f\u0131s\u0131nda &#8216;Harekat Ba\u015fkanl\u0131\u011f\u0131&#8217;ndan, &#8216;Kime?&#8217; b\u00f6l\u00fcm\u00fcn\u00fcn kar\u015f\u0131s\u0131nda da &#8216;Genelkurmay 2. Ba\u015fkan\u0131&#8217;na&#8217; yaz\u0131yordu. D\u00f6nemin Genelkurmay \u0130kinci Ba\u015fkan\u0131 Orgeneral Hasan I\u011fs\u0131z&#8217;d\u0131.<\/p>\n<p style=\"text-align: justify;\">Genelkurmay Ba\u015fkanl\u0131\u011f\u0131 Adli M\u00fc\u015faviri T\u00fcmgeneral H\u0131fz\u0131 \u00c7ubuklu, 6 Kas\u0131m 2009\u2019da TSK\u2019n\u0131n irticai ve b\u00f6l\u00fcc\u00fc tehdit unsurlar\u0131n\u0131 izlemek \u00fczere kurulmu\u015f, i\u015fletilmi\u015f internet siteleri bulundu\u011funu kabul etmi\u015fti.<\/p>\n<p style=\"text-align: justify;\">Genelkurmay\u2019\u0131n kurdu\u011fu \u00f6ne s\u00fcr\u00fclen sitelerdan sadece irtica.org yay\u0131n\u0131na devam ediyor. Ancak sitenin sahibinin de\u011fi\u015fti\u011fi bildirildi. Di\u011fer internet siteleri ise kapat\u0131ld\u0131.<\/p>\n<p style=\"text-align: justify;\"><a href=\"http:\/\/www.cumhuriyet.com.tr\/?hn=168704&amp;kw=%DDfade+s%FDras%FD+Ba%FEbu%F0%27da\" target=\"_blank\"><span style=\"color: #888888;\">Kaynak : Cumhuriyet Haber Portal\u0131<\/span><\/a><\/p>\n","protected":false},"excerpt":{"rendered":"<p style=\"text-align: justify;\">\n<p style=\"text-align: justify;\">Genelkurmay Ba\u015fkanl\u0131\u011f\u0131&#8217;n\u0131 d\u00fcn devreden Orgeneral \u0130lker Ba\u015fbu\u011f, internet and\u0131c\u0131 soru\u015fturmas\u0131nda ifadeye \u00e7a\u011fr\u0131lacak. Ba\u015fbu\u011f&#8217;un ifadesini Ergenekon savc\u0131s\u0131 Zekeriya \u00d6z alacak.<\/p>\n<p style=\"text-align: justify;\">Vatan ve Habert\u00fcrk gazetelerinde yer alan haberlere g\u00f6re, Orgeneral Ba\u015fbu\u011f, ifadeye internet and\u0131c\u0131 belgesinin bas\u0131nda yer almas\u0131 \u00fczerine kapat\u0131lan internet sitelerinin yay\u0131n\u0131na yeniden devam etmesi i\u00e7in onay verdi\u011fi iddias\u0131yla <\/p>\n","protected":false},"author":1,"featured_media":0,"comment_status":"open","ping_status":"closed","sticky":false,"template":"","format":"standard","meta":{"footnotes":""},"categories":[105],"tags":[],"class_list":["post-25187","post","type-post","status-publish","format-standard","hentry","category-gundem","odd"],"_links":{"self":[{"href":"http:\/\/www.korhanyilmaz.com\/index.php?rest_route=\/wp\/v2\/posts\/25187","targetHints":{"allow":["GET"]}}],"collection":[{"href":"http:\/\/www.korhanyilmaz.com\/index.php?rest_route=\/wp\/v2\/posts"}],"about":[{"href":"http:\/\/www.korhanyilmaz.com\/index.php?rest_route=\/wp\/v2\/types\/post"}],"author":[{"embeddable":true,"href":"http:\/\/www.korhanyilmaz.com\/index.php?rest_route=\/wp\/v2\/users\/1"}],"replies":[{"embeddable":true,"href":"http:\/\/www.korhanyilmaz.com\/index.php?rest_route=%2Fwp%2Fv2%2Fcomments&post=25187"}],"version-history":[{"count":0,"href":"http:\/\/www.korhanyilmaz.com\/index.php?rest_route=\/wp\/v2\/posts\/25187\/revisions"}],"wp:attachment":[{"href":"http:\/\/www.korhanyilmaz.com\/index.php?rest_route=%2Fwp%2Fv2%2Fmedia&parent=25187"}],"wp:term":[{"taxonomy":"category","embeddable":true,"href":"http:\/\/www.korhanyilmaz.com\/index.php?rest_route=%2Fwp%2Fv2%2Fcategories&post=25187"},{"taxonomy":"post_tag","embeddable":true,"href":"http:\/\/www.korhanyilmaz.com\/index.php?rest_route=%2Fwp%2Fv2%2Ftags&post=25187"}],"curies":[{"name":"wp","href":"https:\/\/api.w.org\/{rel}","templated":true}]}}