{"id":25182,"date":"2010-08-28T09:53:30","date_gmt":"2010-08-28T06:53:30","guid":{"rendered":"http:\/\/www.korhanyilmaz.com\/?p=25182"},"modified":"2010-08-28T09:53:30","modified_gmt":"2010-08-28T06:53:30","slug":"ocalana-af-yok","status":"publish","type":"post","link":"http:\/\/www.korhanyilmaz.com\/?p=25182","title":{"rendered":"&#8216;\u00d6calan&#8217;a af yok&#8217;"},"content":{"rendered":"<p style=\"text-align: center;\"><a href=\"http:\/\/www.korhanyilmaz.com\/wp-content\/uploads\/2010\/08\/0171.jpg\"  class=\"lightview\"><img loading=\"lazy\" decoding=\"async\" class=\"aligncenter size-full wp-image-25183\" src=\"http:\/\/www.korhanyilmaz.com\/wp-content\/uploads\/2010\/08\/0171.jpg\" alt=\"\" width=\"322\" height=\"241\" \/><\/a><\/p>\n<p style=\"text-align: justify;\">CHP Genel Ba\u015fkan\u0131 Kemal K\u0131l\u0131\u00e7daro\u011flu, Tunceli&#8217;de a\u00e7\u0131klad\u0131\u011f\u0131 &#8220;genel af&#8221; \u00f6nerisinin PKK&#8217;nin silahlar\u0131n\u0131 ko\u015fulsuz b\u0131rakmas\u0131 ve ter\u00f6r\u00fcn bitme noktas\u0131na geldi\u011fi konusunda toplumsal mutabakat sa\u011flanmas\u0131 durumunda uygulamaya sokulabilece\u011fini a\u00e7\u0131klad\u0131.<!--more--><\/p>\n<p style=\"text-align: justify;\">Kamuoyunda tart\u0131\u015fma yaratan Tunceli konu\u015fmas\u0131nda dile getirdi\u011fi genel af \u00f6nerisinin \u00e7er\u00e7evesini K\u0131l\u0131\u00e7daro\u011flu, Cumhuriyet\u2019e \u015f\u00f6yle \u00e7izdi: \u201cAf konusunun toplumsal bar\u0131\u015fa katk\u0131 yapabilmesi i\u00e7in \u00f6nce \u015fu ko\u015fullar\u0131n yerine gelmesi gerekir; PKK ko\u015fulsuz silah b\u0131rakmal\u0131, sonras\u0131nda af \u00e7\u0131kabilmesi i\u00e7in toplumsal mutabakat sa\u011flanmal\u0131d\u0131r. Bu noktada t\u00fcm siyasi partilerin \u00f6nemi b\u00fcy\u00fck. Herkes \u2018Evet bu ter\u00f6r meselesi art\u0131k bitti\u2019 deme noktas\u0131na geldi\u011finde, huzur, beraberlik havas\u0131 h\u00e2kim oldu\u011funda toplumsal mutabakatla \u00e7\u0131kar\u0131l\u0131r. Toplum deste\u011fi mutlak surette \u015fartt\u0131r.\u201d<\/p>\n<p style=\"text-align: justify;\">Genel af \u00f6nerisinden \u0130mral\u0131\u2019da \u00f6m\u00fcr boyu hapse mahk\u00fbm olan ter\u00f6r \u00f6rg\u00fct\u00fc lideri \u00d6calan\u2019\u0131n da yararlanaca\u011f\u0131 y\u00f6n\u00fcndeki iddialar\u0131 da yan\u0131tlayan K\u0131l\u0131\u00e7daro\u011flu, \u201cBenim s\u00f6ylediklerimde aff\u0131n \u00d6calan\u2019\u0131 da kapsayaca\u011f\u0131 y\u00f6n\u00fcnde en ufak bir s\u00f6z ya da ima yok. Bu yay\u0131nlar\u0131, zor durumdaki AKP\u2019yi kurtarmak ve CHP\u2019yi k\u00f6t\u00fclemek i\u00e7in yapt\u0131klar\u0131n\u0131n fark\u0131nday\u0131m. Ama bak\u0131n Eski Adalet Bakan\u0131 Hikmet Sami T\u00fcrk\u2019\u00fcn bu konudaki a\u00e7\u0131klamas\u0131 yol g\u00f6stericidir. \u00d6calan\u2019\u0131n b\u00f6yle bir af kapsam\u0131na al\u0131nmas\u0131n\u0131n yasal olarak m\u00fcmk\u00fcn olmad\u0131\u011f\u0131n\u0131 anlat\u0131yor. Ben de bu s\u00f6zlere kat\u0131l\u0131yorum\u201d diye konu\u015ftu.<\/p>\n<p style=\"text-align: justify;\"><strong>\u2018Korkmamak laz\u0131m\u2019 <\/strong><\/p>\n<p style=\"text-align: justify;\">Ba\u015fbakan Tayyip Erdo\u011fan\u2019\u0131n \u00f6nceki gece kat\u0131ld\u0131\u011f\u0131 televizyon program\u0131nda af konusunda kendisini ele\u015ftiren s\u00f6zlerine de kar\u015f\u0131l\u0131k veren CHP lideri, \u015funlar\u0131 s\u00f6yledi: \u201cBen toplumsal uzla\u015fman\u0131n bir par\u00e7as\u0131 olacaksa, bar\u0131\u015f, \u00f6zg\u00fcrl\u00fck, geli\u015fmi\u015f bir demokrasiye ula\u015f\u0131lacaksa, karde\u015f kan\u0131 akmayacaksa aftan korkmamak laz\u0131m g\u00f6r\u00fc\u015f\u00fcndeyim. Onun i\u00e7in do\u011frudan yurtta\u015flara sesleniyorum. Referandum s\u00fcrecinden \u00e7ok \u00f6nce hen\u00fcz lider de\u011filken ben bunu Batman\u2019da da s\u00f6yledim. Eski Genel Ba\u015fkan\u0131m\u0131z Say\u0131n Deniz Baykal da s\u00f6yledi. Bizim s\u00f6ylediklerimiz, Ba\u015fbakan\u2019\u0131n ne oldu\u011fu belli olmayan a\u00e7\u0131l\u0131m projesinden \u00e7ok daha net ve a\u00e7\u0131kt\u0131r. Amac\u0131 da a\u00e7\u0131l\u0131mdaki gibi ayr\u0131\u015fmay\u0131 de\u011fil, entegrasyonu sa\u011flamakt\u0131r.\u201d<\/p>\n<p style=\"text-align: justify;\">\u0130ktidar partisinden gelen \u201cPKK\u2019ye \u2018Hay\u0131r\u2019 dedirtmek i\u00e7in af \u00f6nerdi\u201d s\u00f6zlerine de kar\u015f\u0131 \u00e7\u0131kan K\u0131l\u0131\u00e7daro\u011flu, \u201cBiz Ba\u015fbakan gibi pazarl\u0131k yapm\u0131yoruz, t\u00fcm d\u00fc\u015f\u00fcnd\u00fcklerimizi herkesin \u00f6n\u00fcnde a\u00e7\u0131k\u00e7a s\u00f6yl\u00fcyoruz. Bizim elimizde devletin g\u00fcvenlik, istihbarat g\u00fc\u00e7leri yok. Ba\u015fbakan meydanda farkl\u0131 kapal\u0131 kap\u0131lar arkas\u0131nda farkl\u0131 konu\u015fuyor. \u00d6nce \u2018g\u00f6r\u00fc\u015fmedik\u2019 dedi sonra \u2018h\u00fck\u00fcmet de\u011fil devlet g\u00f6r\u00fc\u015f\u00fcr\u2019 dedi sonra da \u2018istihbarat ve g\u00fcvenlik g\u00fc\u00e7leri g\u00f6r\u00fc\u015f\u00fcyor\u2019 dendi\u201d diye konu\u015ftu.<\/p>\n<p style=\"text-align: justify;\"><strong>AKP\u2019nin rahats\u0131zl\u0131\u011f\u0131 <\/strong><\/p>\n<p style=\"text-align: justify;\">G\u00fcneydo\u011fu turu s\u0131ras\u0131nda kendisini protesto eden AKP\u2019liler konusunda ise K\u0131l\u0131\u00e7daro\u011flu, \u201cBenim o b\u00f6lgeye gitmem AKP\u2019yi ve y\u00f6neticilerini \u00e7ok rahats\u0131z etti. Oradaki s\u00f6m\u00fcr\u00fc d\u00fczeninin ac\u0131mas\u0131zl\u0131\u011f\u0131n\u0131 vurgulayaca\u011f\u0131m\u0131 bildikleri i\u00e7in protesto ediyorlar. \u0130stedikleri kadar protesto etsinler, korkmuyoruz biz o halk\u0131n sa\u011fduyusuna g\u00fcveniyoruz\u201d g\u00f6r\u00fc\u015f\u00fcn\u00fc dile getirdi.<\/p>\n<p style=\"text-align: justify;\"><strong>Avc\u0131 ile g\u00f6r\u00fc\u015fme <\/strong><\/p>\n<p style=\"text-align: justify;\">Fethullah G\u00fclen cemaatinin devlet i\u00e7indeki etkisini konu eden Emniyet M\u00fcd\u00fcr\u00fc Hanefi Avc\u0131 ile yapt\u0131\u011f\u0131 g\u00f6r\u00fc\u015fmelere de a\u00e7\u0131kl\u0131k getiren CHP lideri, \u201cYolsuzluklar\u0131 Ara\u015ft\u0131rma Komisyonu\u2019nda kendisini dinledik. Sayg\u0131n, \u00f6zg\u00fcveni olan b\u00fcrokrat kimli\u011fiyle dikkatimizi \u00e7ekti. O toplant\u0131larda kay\u0131t d\u0131\u015f\u0131 da \u00e7ok \u015fey anlatt\u0131. O zaman teypler kapat\u0131ld\u0131, cepler odadan \u00e7\u0131kar\u0131ld\u0131. Ama o konu\u015fmalarda hi\u00e7 cemaat meselesi konu\u015fulmad\u0131\u201d dedi. K\u0131l\u0131\u00e7daro\u011flu, Avc\u0131\u2019n\u0131n kitab\u0131yla ilgili olarak, \u201c<strong>Elinde \u00e7ok say\u0131da belge oldu\u011fu anla\u015f\u0131l\u0131yor. Bakal\u0131m savc\u0131lar ne yapacak<\/strong>\u201d dedi.<\/p>\n<p style=\"text-align: justify;\"><a href=\"http:\/\/www.cumhuriyet.com.tr\/?hn=168648&amp;kw=%27%D6calan%27a+af+yok%27\" target=\"_blank\"><span style=\"color: #888888;\">Kaynak : Utku \u00c7ak\u0131r\u00f6zer &#8211; Cumhuriyet Haber Portal\u0131<\/span><\/a><\/p>\n","protected":false},"excerpt":{"rendered":"<p style=\"text-align: center;\">\n<p style=\"text-align: justify;\">CHP Genel Ba\u015fkan\u0131 Kemal K\u0131l\u0131\u00e7daro\u011flu, Tunceli&#8217;de a\u00e7\u0131klad\u0131\u011f\u0131 &#8220;genel af&#8221; \u00f6nerisinin PKK&#8217;nin silahlar\u0131n\u0131 ko\u015fulsuz b\u0131rakmas\u0131 ve ter\u00f6r\u00fcn bitme noktas\u0131na geldi\u011fi konusunda toplumsal mutabakat sa\u011flanmas\u0131 durumunda uygulamaya sokulabilece\u011fini a\u00e7\u0131klad\u0131.<\/p>\n","protected":false},"author":1,"featured_media":0,"comment_status":"open","ping_status":"closed","sticky":false,"template":"","format":"standard","meta":{"footnotes":""},"categories":[105],"tags":[],"class_list":["post-25182","post","type-post","status-publish","format-standard","hentry","category-gundem","odd"],"_links":{"self":[{"href":"http:\/\/www.korhanyilmaz.com\/index.php?rest_route=\/wp\/v2\/posts\/25182","targetHints":{"allow":["GET"]}}],"collection":[{"href":"http:\/\/www.korhanyilmaz.com\/index.php?rest_route=\/wp\/v2\/posts"}],"about":[{"href":"http:\/\/www.korhanyilmaz.com\/index.php?rest_route=\/wp\/v2\/types\/post"}],"author":[{"embeddable":true,"href":"http:\/\/www.korhanyilmaz.com\/index.php?rest_route=\/wp\/v2\/users\/1"}],"replies":[{"embeddable":true,"href":"http:\/\/www.korhanyilmaz.com\/index.php?rest_route=%2Fwp%2Fv2%2Fcomments&post=25182"}],"version-history":[{"count":0,"href":"http:\/\/www.korhanyilmaz.com\/index.php?rest_route=\/wp\/v2\/posts\/25182\/revisions"}],"wp:attachment":[{"href":"http:\/\/www.korhanyilmaz.com\/index.php?rest_route=%2Fwp%2Fv2%2Fmedia&parent=25182"}],"wp:term":[{"taxonomy":"category","embeddable":true,"href":"http:\/\/www.korhanyilmaz.com\/index.php?rest_route=%2Fwp%2Fv2%2Fcategories&post=25182"},{"taxonomy":"post_tag","embeddable":true,"href":"http:\/\/www.korhanyilmaz.com\/index.php?rest_route=%2Fwp%2Fv2%2Ftags&post=25182"}],"curies":[{"name":"wp","href":"https:\/\/api.w.org\/{rel}","templated":true}]}}