{"id":25177,"date":"2010-08-28T10:19:59","date_gmt":"2010-08-28T07:19:59","guid":{"rendered":"http:\/\/www.korhanyilmaz.com\/?p=25177"},"modified":"2010-08-28T10:19:59","modified_gmt":"2010-08-28T07:19:59","slug":"arkadas-dedigin-boyle-olur","status":"publish","type":"post","link":"http:\/\/www.korhanyilmaz.com\/?p=25177","title":{"rendered":"Arkada\u015f dedi\u011fin b\u00f6yle olur!"},"content":{"rendered":"<p style=\"text-align: center;\"><a href=\"http:\/\/www.korhanyilmaz.com\/wp-content\/uploads\/2010\/08\/0161.jpg\"  class=\"lightview\"><img loading=\"lazy\" decoding=\"async\" class=\"aligncenter size-full wp-image-25178\" src=\"http:\/\/www.korhanyilmaz.com\/wp-content\/uploads\/2010\/08\/0161.jpg\" alt=\"\" width=\"322\" height=\"241\" \/><\/a><\/p>\n<p style=\"text-align: justify;\">\u0130stanbul&#8217;da oturdu\u011fu villan\u0131n bir arkada\u015f\u0131na ait oldu\u011funu, kiras\u0131n\u0131 da nemayla \u00f6dedi\u011fini anlatan Erdo\u011fan&#8217;\u0131n &#8220;<strong>arkada\u015f \u00e7evresi<\/strong>&#8220;, &#8220;arkada\u015fl\u0131k dedi\u011fin i\u015fte b\u00f6yle olur&#8221; dedirtiyor.<\/p>\n<p style=\"text-align: justify;\">Ba\u015fbakan Recep Tayyip Erdo\u011fan, \u00f6nceki gece TGRT Haber kanal\u0131nda villas\u0131yla ilgili ilgin\u00e7 a\u00e7\u0131klamalar yapt\u0131. \u0130stanbul Belediye Ba\u015fkanl\u0131\u011f\u0131 d\u00f6neminde belediyenin Florya\u2019daki k\u00f6\u015fk\u00fcnde oturmay\u0131 \u201c<strong>Nereden \u00e7\u0131kt\u0131ysam orada oturaca\u011f\u0131m<\/strong>\u201d diyerek geri \u00e7evirdi\u011fini belirten Erdo\u011fan, Ankara\u2019da da Ba\u015fbakanl\u0131k Resmi Konutu\u2019nda oturmad\u0131\u011f\u0131n\u0131 s\u00f6yledi. <!--more--><\/p>\n<p style=\"text-align: justify;\">\u0130stanbul \u00dcsk\u00fcdar\u2019daki villaya da de\u011finen Erdo\u011fan, \u201c<span style=\"text-decoration: underline;\">17 y\u0131l bir firman\u0131n distrib\u00fct\u00f6rl\u00fc\u011f\u00fcn\u00fc yapt\u0131m. Oturdu\u011fumuz yerde eni\u015ftem, karde\u015fim ve k\u00f6yl\u00fcm beraberiz&#8230; \u015eu anda benim oturdu\u011fum villa o arkada\u015f\u0131m\u0131n villas\u0131d\u0131r. 5 tane ona d\u00fc\u015ft\u00fc, 6-7 tane de toprak sahibinin. Bizim de aray\u0131\u015f i\u00e7inde oldu\u011fumuzu bildi\u011fi i\u00e7in \u2018Sizlere maliyetine verece\u011fim\u2019 dedi. Biz o s\u0131rada \u015firketi devrettik. Biz oraya onun evinin kirac\u0131s\u0131 olarak ta\u015f\u0131nd\u0131k. Benim pay\u0131ma d\u00fc\u015fen param da bir \u00f6zel finans kurulu\u015funda durmaktad\u0131r. Oradan elde etti\u011fim nemayla bunun kiras\u0131n\u0131 \u00f6d\u00fcyorum<\/span>\u201d dedi.<\/p>\n<p style=\"text-align: justify;\">Ba\u015fbakan\u2019\u0131n bu s\u00f6zleri, Erdo\u011fan\u2019\u0131n \u201c<strong>arkada\u015f \u00e7evresini<\/strong>\u201d bir kez daha g\u00fcndeme getirdi. \u0130\u015fte Erdo\u011fan\u2019\u0131n bir\u00e7ok ki\u015fiye \u201c<strong>Ke\u015fke bizim de b\u00f6yle paral\u0131 arkada\u015flar\u0131m\u0131z olsayd\u0131<\/strong>\u201d dedirten \u00e7evresinden \u00f6rnekler:<\/p>\n<p style=\"text-align: justify;\"><span style=\"text-decoration: underline;\">Ankara\u2019daki ev vekil arkada\u015ftan: Erdo\u011fan Ankara\u2019da Subayevleri Ku\u015fadas\u0131 Sokak\u2019ta bulunan 26 numaral\u0131 apartmanda oturuyor. Erdo\u011fan\u2019lar\u0131n evi 320 metrekare, 6 oda bir salon dubleks daire<\/span>. Ayn\u0131 apartmandaki di\u011fer dubleks dairede ise Erdo\u011fan\u2019\u0131n ev sahibi Ankara milletvekili <strong>Faruk Koca<\/strong> oturuyor.<\/p>\n<p style=\"text-align: justify;\"><span style=\"text-decoration: underline;\"><strong>\u00c7ocuklara burs arkada\u015ftan<\/strong>: Ramsey Giyim sahibi <strong>Remzi G\u00fcr<\/strong><\/span>, Ba\u015fbakan\u2019a en yak\u0131n i\u015fadamlar\u0131ndan biri olmas\u0131yla tan\u0131n\u0131yor. <strong>Erdo\u011fan\u2019\u0131n \u00e7ocuklar\u0131 Esra ve S\u00fcmeyye<\/strong>\u2019ye <strong>ABD<\/strong>\u2019deki e\u011fitim ya\u015famlar\u0131 boyunca burs veren G\u00fcr\u2019e Erdo\u011fan\u2019\u0131n \u00e7ocuklar\u0131n\u0131n \u201c<strong>amca\u201d<\/strong> dedi\u011fi belirtiliyor. G\u00fcr, konuyla ilgili tart\u0131\u015fmalar \u00fczerine \u201cBen burs verdi\u011fimde Erdo\u011fan hapisteydi. Tayyip Bey ile belediye d\u00f6neminden beri tan\u0131\u015f\u0131yoruz ve \u00e7ok iyi dost, arkada\u015f olduk. Onun \u00e7ocuklar\u0131 benim de \u00e7ocuklar\u0131m gibidir. Esra, S\u00fcmeyye benim de k\u0131z\u0131m gibi. <strong>Tayyip Bey\u2019in \u00e7ocuklar\u0131n\u0131n e\u011fitimine katk\u0131da bulunmak neden yanl\u0131\u015f olsun<\/strong>\u201d demi\u015fti.<\/p>\n<p style=\"text-align: justify;\"><strong>Yazl\u0131k villa da ayn\u0131 ki\u015fiden<\/strong>: Erdo\u011fan zaman zaman yaz tatillerini de yine <strong>Remzi G\u00fcr\u2019\u00fcn Ekinlik Adas\u0131\u2019ndaki villas\u0131nda<\/strong> ge\u00e7iriyor. Ba\u015fbakan\u2019\u0131n adaya gitti\u011fi d\u00f6nemlerde jandarma teyakkuza ge\u00e7iyor.<\/p>\n<p style=\"text-align: justify;\"><strong>Kuyumcu dan\u0131\u015fman arkada\u015f<\/strong>: Erdo\u011fan\u2019\u0131n bir di\u011fer zengin arkada\u015f\u0131 ise <strong>Atasay Kuyumculuk\u2019un sahibi Cihan Kamer<\/strong>. Kamer, Erdo\u011fan i\u00e7in \u201cRecep Bey nerede olursa, ben de orada olurum\u201d diyor. Erdo\u011fan, alt\u0131n tercihlerini de Atasay\u2019dan yap\u0131yor.<\/p>\n<p style=\"text-align: justify;\"><strong>Tak\u0131m Elbise Ramsey\u2019den<\/strong>: Erdo\u011fan tak\u0131m elbise konusunda da arkada\u015f\u0131n\u0131n firmas\u0131 olan <strong>Ramsey<\/strong>\u2019i tercih ediyor. Erdo\u011fan, ge\u00e7en y\u0131llarda \u015eeker Bayram\u0131\u2019nda korumalar\u0131na da ayn\u0131 firmadan tak\u0131m elbise s\u00fcrprizi yapm\u0131\u015ft\u0131.<\/p>\n<p style=\"text-align: justify;\"><strong>Se\u00e7im i\u00e7in Mercedes<\/strong>: Erdo\u011fan\u2019\u0131n bir di\u011fer arkada\u015f\u0131 <strong>Mustafa Duran<\/strong> da 1994 yerel se\u00e7imlerinden \u00f6nce Erdo\u011fan\u2019a Mercedes tahsis etmi\u015fti.<\/p>\n<p style=\"text-align: justify;\"><a href=\"http:\/\/www.cumhuriyet.com.tr\/?hn=168636&amp;kw=Arkada%FE+dedi%F0in+b%F6yle+olur!\" target=\"_blank\"><span style=\"color: #888888;\">Kaynak : F\u0131rat Kozok &#8211; Cumhuriyet Haber Portal\u0131<\/span><\/a><\/p>\n","protected":false},"excerpt":{"rendered":"<p style=\"text-align: center;\">\n<p style=\"text-align: justify;\">\u0130stanbul&#8217;da oturdu\u011fu villan\u0131n bir arkada\u015f\u0131na ait oldu\u011funu, kiras\u0131n\u0131 da nemayla \u00f6dedi\u011fini anlatan Erdo\u011fan&#8217;\u0131n &#8220;arkada\u015f \u00e7evresi&#8220;, &#8220;arkada\u015fl\u0131k dedi\u011fin i\u015fte b\u00f6yle olur&#8221; dedirtiyor.<\/p>\n<p style=\"text-align: justify;\">Ba\u015fbakan Recep Tayyip Erdo\u011fan, \u00f6nceki gece TGRT Haber kanal\u0131nda villas\u0131yla ilgili ilgin\u00e7 a\u00e7\u0131klamalar yapt\u0131. \u0130stanbul Belediye Ba\u015fkanl\u0131\u011f\u0131 d\u00f6neminde belediyenin Florya\u2019daki k\u00f6\u015fk\u00fcnde oturmay\u0131 \u201cNereden \u00e7\u0131kt\u0131ysam orada oturaca\u011f\u0131m\u201d diyerek <\/p>\n","protected":false},"author":1,"featured_media":0,"comment_status":"open","ping_status":"closed","sticky":false,"template":"","format":"standard","meta":{"footnotes":""},"categories":[105],"tags":[],"class_list":["post-25177","post","type-post","status-publish","format-standard","hentry","category-gundem","odd"],"_links":{"self":[{"href":"http:\/\/www.korhanyilmaz.com\/index.php?rest_route=\/wp\/v2\/posts\/25177","targetHints":{"allow":["GET"]}}],"collection":[{"href":"http:\/\/www.korhanyilmaz.com\/index.php?rest_route=\/wp\/v2\/posts"}],"about":[{"href":"http:\/\/www.korhanyilmaz.com\/index.php?rest_route=\/wp\/v2\/types\/post"}],"author":[{"embeddable":true,"href":"http:\/\/www.korhanyilmaz.com\/index.php?rest_route=\/wp\/v2\/users\/1"}],"replies":[{"embeddable":true,"href":"http:\/\/www.korhanyilmaz.com\/index.php?rest_route=%2Fwp%2Fv2%2Fcomments&post=25177"}],"version-history":[{"count":0,"href":"http:\/\/www.korhanyilmaz.com\/index.php?rest_route=\/wp\/v2\/posts\/25177\/revisions"}],"wp:attachment":[{"href":"http:\/\/www.korhanyilmaz.com\/index.php?rest_route=%2Fwp%2Fv2%2Fmedia&parent=25177"}],"wp:term":[{"taxonomy":"category","embeddable":true,"href":"http:\/\/www.korhanyilmaz.com\/index.php?rest_route=%2Fwp%2Fv2%2Fcategories&post=25177"},{"taxonomy":"post_tag","embeddable":true,"href":"http:\/\/www.korhanyilmaz.com\/index.php?rest_route=%2Fwp%2Fv2%2Ftags&post=25177"}],"curies":[{"name":"wp","href":"https:\/\/api.w.org\/{rel}","templated":true}]}}