{"id":25155,"date":"2010-08-28T00:47:41","date_gmt":"2010-08-27T21:47:41","guid":{"rendered":"http:\/\/www.korhanyilmaz.com\/?p=25155"},"modified":"2010-08-28T00:47:41","modified_gmt":"2010-08-27T21:47:41","slug":"kozanli-omer-kayboldu","status":"publish","type":"post","link":"http:\/\/www.korhanyilmaz.com\/?p=25155","title":{"rendered":"&#8220;Kozanl\u0131 \u00d6mer&#8221; kayboldu"},"content":{"rendered":"<p style=\"text-align: center;\"><a href=\"http:\/\/www.korhanyilmaz.com\/wp-content\/uploads\/2010\/08\/152.jpg\"  class=\"lightview\"><img loading=\"lazy\" decoding=\"async\" class=\"aligncenter size-full wp-image-25057\" src=\"http:\/\/www.korhanyilmaz.com\/wp-content\/uploads\/2010\/08\/152.jpg\" alt=\"\" width=\"449\" height=\"231\" \/><\/a><\/p>\n<p style=\"text-align: justify;\">Hanefi Avc\u0131\u2019n\u0131n, \u2018\u2019Polisi y\u00f6neten imam\u2019\u2019 dedi\u011fi \u2018\u2019Kozanl\u0131 \u00d6mer\u2019\u2019 ad\u0131yla tan\u0131nan Osman Hilmi \u00d6zdil ortadan kayboldu. Patronu oldu\u011fu sigorta \u015firketine gelmeyen \u00d6zdil\u2019in, yurt d\u0131\u015f\u0131na \u00e7\u0131kt\u0131\u011f\u0131 \u00f6ne s\u00fcr\u00fcl\u00fcyor.<!--more--><\/p>\n<p style=\"text-align: justify;\">ANKARA-  Emniyet M\u00fcd\u00fcr\u00fc Hanefi Avc\u0131\u2019n\u0131n kitab\u0131nda \u2018\u2019Polisi y\u00f6neten imam\u2019\u2019 olarak g\u00fcndeme getirdi\u011fi \u2018\u2019Kozanl\u0131 \u00d6mer\u2019\u2019 ad\u0131yla tan\u0131nan Osman Hilmi \u00d6zdil ortadan kayboldu. Kitab\u0131n yay\u0131nlanmas\u0131 ve isminin ortaya at\u0131lmas\u0131ndan sonra \u00e7al\u0131\u015ft\u0131\u011f\u0131 sigorta \u015firketine gelmeyen \u00d6zdil\u2019in, yurt d\u0131\u015f\u0131na \u00e7\u0131kt\u0131\u011f\u0131 \u00f6ne s\u00fcr\u00fcl\u00fcyor.<\/p>\n<p style=\"text-align: justify;\">Hanefi Avc\u0131\u2019n\u0131n kitab\u0131nda \u2018En \u00fcstteki imam\u2019 diye nitelendirdi\u011fi ve polis te\u015fkilat\u0131n\u0131 y\u00f6netti\u011fini \u00f6ne s\u00fcrd\u00fc\u011f\u00fc \u2018Kozanl\u0131 \u00d6mer\u2019 , polis sand\u0131\u011f\u0131na ait Ankara Sigorta\u2019n\u0131n acental\u0131\u011f\u0131n\u0131 yap\u0131yor. Hanefi Avc\u0131, 1968 Kozan do\u011fumlu olan \u00d6zdil i\u00e7in kitab\u0131nda \u2018\u2019 Te\u015fkilat\u0131, Emniyet Genel M\u00fcd\u00fcr\u00fc, Daire Ba\u015fkanlar\u0131 de\u011fil Kozan\u2019l\u0131 \u00d6mer y\u00f6netiyor\u2019\u2019 diye yazm\u0131\u015f ve \u015f\u00f6yle demi\u015fti:<\/p>\n<p style=\"text-align: justify;\">\u2018\u2019\u00d6mer Bey, ABD vizesini geri alabilmek i\u00e7in \u0130stihbarat Dairesi Ba\u015fkanl\u0131\u011f\u0131\u2019ndaki arkada\u015flar\u0131 riske atarak kendisinin Polis Sand\u0131\u011f\u0131\u2019n\u0131n sahibi oldu\u011fu Ankara Sigorta\u2019n\u0131n temsilcisi oldu\u011funu, Emniyet Genel M\u00fcd\u00fcrl\u00fc\u011f\u00fc\u2019n\u00fcn ara\u00e7lar\u0131n\u0131n kendisi taraf\u0131ndan sigortaland\u0131\u011f\u0131n\u0131 ifade ettirmi\u015f, ancak bu durum FBI yetkilisinde daha b\u00fcy\u00fck bir \u015f\u00fcphe uyand\u0131rm\u0131\u015f ve \u00d6mer Beye vize verilmesi talebi reddedilmi\u015ftir.\u201d<\/p>\n<p style=\"text-align: justify;\">Osman Hilmi \u00d6zdil\u2019in, Ankara Sigorta\u2019n\u0131n  acentalar\u0131ndan biri oldu\u011fu ortaya \u00e7\u0131kt\u0131. \u00d6zdil, 13 Haziran 2006\u2019da kurulan Yeni Master Sigorta Arac\u0131l\u0131k Hizmetleri Ltd. \u015eirketinin orta\u011f\u0131 g\u00f6z\u00fck\u00fcyor.<\/p>\n<p style=\"text-align: justify;\"><a href=\"http:\/\/www.gazeteport.com.tr\/GUNCEL\/NEWS\/GP_753614\" target=\"_blank\"><span style=\"color: #888888;\">GAZETEPORT<\/span><\/a><\/p>\n","protected":false},"excerpt":{"rendered":"<p style=\"text-align: center;\">\n<p style=\"text-align: justify;\">Hanefi Avc\u0131\u2019n\u0131n, \u2018\u2019Polisi y\u00f6neten imam\u2019\u2019 dedi\u011fi \u2018\u2019Kozanl\u0131 \u00d6mer\u2019\u2019 ad\u0131yla tan\u0131nan Osman Hilmi \u00d6zdil ortadan kayboldu. Patronu oldu\u011fu sigorta \u015firketine gelmeyen \u00d6zdil\u2019in, yurt d\u0131\u015f\u0131na \u00e7\u0131kt\u0131\u011f\u0131 \u00f6ne s\u00fcr\u00fcl\u00fcyor.<\/p>\n","protected":false},"author":1,"featured_media":0,"comment_status":"open","ping_status":"closed","sticky":false,"template":"","format":"standard","meta":{"footnotes":""},"categories":[105],"tags":[],"class_list":["post-25155","post","type-post","status-publish","format-standard","hentry","category-gundem","odd"],"_links":{"self":[{"href":"http:\/\/www.korhanyilmaz.com\/index.php?rest_route=\/wp\/v2\/posts\/25155","targetHints":{"allow":["GET"]}}],"collection":[{"href":"http:\/\/www.korhanyilmaz.com\/index.php?rest_route=\/wp\/v2\/posts"}],"about":[{"href":"http:\/\/www.korhanyilmaz.com\/index.php?rest_route=\/wp\/v2\/types\/post"}],"author":[{"embeddable":true,"href":"http:\/\/www.korhanyilmaz.com\/index.php?rest_route=\/wp\/v2\/users\/1"}],"replies":[{"embeddable":true,"href":"http:\/\/www.korhanyilmaz.com\/index.php?rest_route=%2Fwp%2Fv2%2Fcomments&post=25155"}],"version-history":[{"count":0,"href":"http:\/\/www.korhanyilmaz.com\/index.php?rest_route=\/wp\/v2\/posts\/25155\/revisions"}],"wp:attachment":[{"href":"http:\/\/www.korhanyilmaz.com\/index.php?rest_route=%2Fwp%2Fv2%2Fmedia&parent=25155"}],"wp:term":[{"taxonomy":"category","embeddable":true,"href":"http:\/\/www.korhanyilmaz.com\/index.php?rest_route=%2Fwp%2Fv2%2Fcategories&post=25155"},{"taxonomy":"post_tag","embeddable":true,"href":"http:\/\/www.korhanyilmaz.com\/index.php?rest_route=%2Fwp%2Fv2%2Ftags&post=25155"}],"curies":[{"name":"wp","href":"https:\/\/api.w.org\/{rel}","templated":true}]}}