{"id":25150,"date":"2010-08-27T19:47:03","date_gmt":"2010-08-27T16:47:03","guid":{"rendered":"http:\/\/www.korhanyilmaz.com\/?p=25150"},"modified":"2010-08-27T19:47:03","modified_gmt":"2010-08-27T16:47:03","slug":"genelkurmay-baskani-pkkya-dikkat-cekti","status":"publish","type":"post","link":"http:\/\/www.korhanyilmaz.com\/?p=25150","title":{"rendered":"Genelkurmay Ba\u015fkan\u0131 PKK&#8217;ya dikkat \u00e7ekti"},"content":{"rendered":"<p><a href=\"http:\/\/www.korhanyilmaz.com\/wp-content\/uploads\/2010\/08\/012.jpeg\"  class=\"lightview\"><img loading=\"lazy\" decoding=\"async\" class=\"aligncenter size-full wp-image-25151\" src=\"http:\/\/www.korhanyilmaz.com\/wp-content\/uploads\/2010\/08\/012.jpeg\" alt=\"\" width=\"292\" height=\"217\" \/><\/a><\/p>\n<p style=\"text-align: justify;\">Genelkurmay Ba\u015fkanl\u0131\u011f\u0131 g\u00f6revini devralan Orgeneral I\u015f\u0131k Ko\u015faner, &#8220;(Irak&#8217;\u0131n) \u00dclke kuzeyinde yerle\u015fmi\u015f olan, b\u00f6l\u00fcc\u00fc ter\u00f6r \u00f6rg\u00fct\u00fcne kar\u015f\u0131, merkezi ve b\u00f6lgesel otoriteler taraf\u0131ndan etkili tedbirler al\u0131nmas\u0131 sa\u011flanamam\u0131\u015ft\u0131r&#8221; dedi.<\/p>\n<p style=\"text-align: justify;\">Orgeneral Ko\u015faner, Genelkurmay Karargah\u0131&#8217;ndaki devir teslim t\u00f6reninde yapt\u0131\u011f\u0131 konu\u015fmas\u0131na, &#8220;Genelkurmay Ba\u015fkanl\u0131\u011f\u0131 g\u00f6revini Say\u0131n Komutan\u0131m Orgeneral \u0130lker Ba\u015fbu\u011f&#8217;dan devralmak \u00fczere huzurlar\u0131n\u0131zday\u0131m&#8221; diyerek ba\u015flad\u0131. <!--more--><\/p>\n<p style=\"text-align: justify;\">&#8220;T\u00fcrk Silahl\u0131 Kuvvetlerinin bu y\u00fcce makam\u0131nda hizmet edecek olman\u0131n heyecan ve gururunu y\u00fcklenecek oldu\u011fum sorumlulu\u011fun bilincinde olarak ya\u015f\u0131yorum&#8221; s\u00f6zleriyle konu\u015fmas\u0131n\u0131 s\u00fcrd\u00fcren Orgeneral Ko\u015faner, \u015f\u00f6yle devam etti:<\/p>\n<p style=\"text-align: justify;\">&#8220;\u0130\u00e7inde bulundu\u011fumuz bilgi ve teknoloji \u00e7a\u011f\u0131 ad\u0131 verilen bu y\u00fczy\u0131lda ya\u015fanan geli\u015fmelerin ivmelendirdi\u011fi de\u011fi\u015fim s\u00fcreci her g\u00fcn, farkl\u0131 bir boyutta ve yeni bir y\u00f6n\u00fcyle kar\u015f\u0131m\u0131za \u00e7\u0131kmaktad\u0131r. K\u00fcreselle\u015fen ter\u00f6rizm, enerji ve \u00e7evre sorunlar\u0131, siber sald\u0131r\u0131lar, ekonomik ve finansal krizler, yeni ve salg\u0131n hastal\u0131klar, kitlesel g\u00f6\u00e7 hareketleri, enerji kaynaklar\u0131n\u0131n dola\u015f\u0131m yollar\u0131n\u0131n korunmas\u0131, \u00fclkelerdeki i\u00e7 kar\u0131\u015f\u0131kl\u0131klar, uluslararas\u0131 sistemi derinden etkilemekte ve g\u00fcvenlik kavram\u0131na \u00f6nceden alg\u0131lanmas\u0131 zor boyutlar ekleyerek, \u00fclkeleri ve uluslararas\u0131 kurulu\u015flar\u0131 yeni aray\u0131\u015flara zorlamaktad\u0131r.<\/p>\n<p style=\"text-align: justify;\">Ticaret sermaye hareketleri, teknolojinin ve bilginin yay\u0131lmas\u0131, s\u0131n\u0131r \u00f6tesi menfaat gruplar\u0131n\u0131 ve farkl\u0131 milletlere mensup bireyleri s\u0131k\u0131 bir \u015fekilde birbirlerine ba\u011flamaktad\u0131r. Dolay\u0131s\u0131yla belirsizlik ve istikrars\u0131zl\u0131klar\u0131n da artt\u0131\u011f\u0131 uluslararas\u0131 ortamda kar\u015f\u0131l\u0131kl\u0131 ba\u011fl\u0131l\u0131k ili\u015fkisi daha \u00f6nemli hale gelmektedir.<\/p>\n<p style=\"text-align: justify;\">S\u00fcre\u00e7le birlikte g\u00fc\u00e7 kavram\u0131na, bilgiye ula\u015fabilme ve bilgiyi kullanabilme yetene\u011fi de dahil olmu\u015ftur. Sonu\u00e7 olarak tek kutuplu d\u00fcnya d\u00fczeni yerini, ortak \u00e7\u0131karlar \u00e7er\u00e7evesinde birle\u015ftiren \u00f6nce b\u00f6lgesel, devam\u0131nda k\u00fcresel bar\u0131\u015fa daha \u00e7ok hizmet eden \u00e7ok kutuplu bir g\u00fcvenlik sistemine b\u0131rakmaktad\u0131r.&#8221;<\/p>\n<p style=\"text-align: justify;\">Ya\u015fanan geli\u015fmelerin bir\u00e7ok devletin g\u00fcvenlik konseptini savunmay\u0131 \u00f6ng\u00f6ren kritiklere dayal\u0131 stratejik d\u00fc\u015f\u00fcnceden, sadece g\u00fcvenli\u011fe ve risklere dayal\u0131 stratejik d\u00fc\u015f\u00fcnceye d\u00f6n\u00fc\u015ft\u00fcrmesine neden oldu\u011funu belirten Orgeneral Ko\u015faner, &#8220;B\u00f6ylece g\u00fcvenlik kavram\u0131, yine \u00f6ncelikle \u00fclke topraklar\u0131n\u0131n savunmas\u0131 anlam\u0131na gelen askeri boyutlar\u0131n\u0131n yan\u0131 s\u0131ra ekonomik, diplomatik, k\u00fclt\u00fcrel ve teknolojik boyutlar\u0131n da dahil olmas\u0131yla geni\u015flemi\u015ftir. G\u00fcn\u00fcm\u00fczde d\u00fcnyan\u0131n herhangi bir noktas\u0131ndaki kriz, co\u011frafi olarak yak\u0131n b\u00f6lgeler kadar, \u00e7ok uzaktaki \u00fclkelerin de milli menfaatlerini etkilemekte, \u00fclke g\u00fcvenli\u011finin s\u0131n\u0131rlar\u0131n \u00f6tesinden ve m\u00fcmk\u00fcn oldu\u011funca uzaktan sa\u011flanmas\u0131n\u0131 gerektirmektedir&#8221; dedi.<\/p>\n<p style=\"text-align: justify;\">T\u00fcrkiye&#8217;nin a\u015f\u0131r\u0131 milliyet\u00e7ilik, k\u00f6kten dincilik, ter\u00f6rizm, etnik ve mezhep \u00e7at\u0131\u015fmalar\u0131 gibi risklerin yer ald\u0131\u011f\u0131, Balkanlar, Kafakaslar ve Ortado\u011fu&#8217;nun ortas\u0131nda yer ald\u0131\u011f\u0131n\u0131, enerji kaynaklar\u0131na yak\u0131nl\u0131\u011f\u0131 ve do\u011fu-bat\u0131 aras\u0131ndaki ili\u015fkilerde k\u00f6pr\u00fc konumunda olmas\u0131 nedeniyle, simetrikten asimetriye kadar de\u011fi\u015fen riske ve tehditlerle de kar\u015f\u0131 kar\u015f\u0131ya bulundu\u011funu vurgulayan Orgeneral Ko\u015faner, \u015funlar\u0131 kaydetti:<\/p>\n<p style=\"text-align: justify;\">&#8220;G\u00fcney kom\u015fumuz Irak&#8217;ta, \u00fclke b\u00fct\u00fcnl\u00fc\u011f\u00fcn\u00fcn ve siyasi birlikteli\u011fin korunmas\u0131, \u00fclkemizin g\u00fcvenli\u011fi a\u00e7\u0131s\u0131ndan \u00f6nem arz etmektedir. Farkl\u0131 etnik ve mezhepsel gruplar, \u00fclke istikrar\u0131 a\u00e7\u0131s\u0131ndan hassasiyet yaratmaya devam etmektedirler. Kerk\u00fck ve di\u011fer tart\u0131\u015fmal\u0131 b\u00f6lgelere ili\u015fkin hen\u00fcz bir \u00e7\u00f6z\u00fcm getirilememi\u015ftir. ABD kuvvetlerinin Irak&#8217;tan \u00e7ekilmesi s\u00fcrecinde ortaya \u00e7\u0131kacak g\u00fc\u00e7 bo\u015flu\u011funun, istikrars\u0131zl\u0131\u011f\u0131 art\u0131rmas\u0131 olas\u0131d\u0131r.<\/p>\n<p style=\"text-align: justify;\">\u00dclke kuzeyinde yerle\u015fmi\u015f olan, b\u00f6l\u00fcc\u00fc ter\u00f6r \u00f6rg\u00fct\u00fcne kar\u015f\u0131, merkezi ve b\u00f6lgesel otoriteler taraf\u0131ndan etkili tedbirler al\u0131nmas\u0131 sa\u011flanamam\u0131\u015ft\u0131r. Di\u011fer kom\u015fumuz \u0130ran&#8217;\u0131n n\u00fckleer program\u0131n\u0131n ama\u00e7lar\u0131 ve niteli\u011fi konusunda uluslararas\u0131 toplumdaki soru i\u015faretleri devam etmektedir. Yapt\u0131r\u0131m kararlar\u0131na ra\u011fmen, \u0130ran&#8217;\u0131n n\u00fckleer program\u0131n\u0131 s\u00fcrd\u00fcrmesi ve bunun sonucunda sorunun bir s\u0131cak \u00e7at\u0131\u015fmaya d\u00f6n\u00fc\u015fmesi ihtimali, \u00fclke g\u00fcvenli\u011fimizi ciddi olarak etkileyecektir.&#8221;<\/p>\n<p style=\"text-align: justify;\"><strong>&#8220;TSK&#8217;ye kar\u015f\u0131 asimetrik ve psikolojik harekat&#8221; <\/strong><\/p>\n<p style=\"text-align: justify;\">Orgeneral Ko\u015faner, Genelkurmay Karargah\u0131&#8217;ndaki devir teslim t\u00f6reninde yapt\u0131\u011f\u0131 konu\u015fmada, son y\u0131llarda TSK&#8217;n\u0131n a\u00e7\u0131k ve planl\u0131 bir asimetrik psikolojik harekat ile kar\u015f\u0131 kar\u015f\u0131ya oldu\u011funu belirtti.<\/p>\n<p style=\"text-align: justify;\">Bu faaliyetlerin as\u0131l hedefinin, TSK \u00fczerinden devleti y\u0131pratmak oldu\u011funun ortaya \u00e7\u0131kt\u0131\u011f\u0131n\u0131 kaydeden Orgeneral Ko\u015faner, &#8220;T\u00fcrk Silahl\u0131 Kuvvetleri ve baz\u0131 personeline y\u00f6neltilen, bir\u00e7o\u011fu do\u011frulu\u011fu hen\u00fcz ispatlanamam\u0131\u015f ve yarg\u0131 s\u00fcrecinde olan iddialar, belli merkezlerce kamuoyuna birer ger\u00e7ekmi\u015f gibi sunulmakta ve bunda da ba\u015far\u0131l\u0131 olundu\u011fu g\u00f6r\u00fclmektedir&#8221; diye konu\u015ftu.<\/p>\n<p style=\"text-align: justify;\">Orgeneral Ko\u015faner, \u015funlar\u0131 s\u00f6yledi: &#8220;Onur, \u015feref, haysiyet, vatan, millet ve bayrak sevgisi gibi duygularla yo\u011frulmu\u015f insanlara kar\u015f\u0131, bu duygular\u0131n de\u011ferini d\u00fc\u015f\u00fcnmeyen ki\u015fi ve \u00e7evrelerin hukuk d\u0131\u015f\u0131 ve maksatl\u0131 s\u00f6z, yaz\u0131 ve davran\u0131\u015flar\u0131 T\u00fcrk Silahl\u0131 Kuvvetlerini ziyadesiyle \u00fcz\u00fcnt\u00fcye sevk etmektedir. Bu sald\u0131r\u0131lar kar\u015f\u0131s\u0131nda, itidalle hukuk \u00e7er\u00e7evesinde kalmaya \u00e7al\u0131\u015fan T\u00fcrk Silahl\u0131 Kuvvetleri, yarg\u0131ya m\u00fcdahale olarak de\u011ferlendirilmemek i\u00e7in s\u0131n\u0131rl\u0131 \u015fekilde ve daha dikkatle hareket etmek mecburiyetinde kalm\u0131\u015f, ancak maalesef iftira ve hukuk d\u0131\u015f\u0131 uygulamalara hedef olmu\u015ftur. Baz\u0131 soru\u015fturmalarda gizlilik kural\u0131na riayet edilmeyerek ve soru\u015fturma sonu\u00e7lar\u0131 bas\u0131na s\u0131zd\u0131r\u0131larak kamuoyunun yanl\u0131\u015f y\u00f6nlendirilmesine f\u0131rsat yarat\u0131lm\u0131\u015ft\u0131r.&#8221;<\/p>\n<p style=\"text-align: justify;\">Askerlik hizmetinin kendine has baz\u0131 yasal mevzuat\u0131 ile kurallar\u0131 oldu\u011funu belirten Orgeneral Ko\u015faner, &#8220;Ayr\u0131 bir ihtisas gerektirdi\u011fine inand\u0131\u011f\u0131m\u0131z bu konularda, adli yarg\u0131n\u0131n de\u011ferlendirme ve yarg\u0131lar\u0131nda baz\u0131 s\u0131k\u0131nt\u0131lar oldu\u011fu g\u00f6r\u00fclmektedir&#8221; dedi.<\/p>\n<p style=\"text-align: justify;\"><strong>&#8220;Elinde belge oldu\u011funu iddia edenler&#8221; <\/strong><\/p>\n<p style=\"text-align: justify;\">TSK&#8217;nin \u015fimdiye kadar oldu\u011fu gibi bundan sonra da hukuka sayg\u0131l\u0131 olmaya devam edece\u011fini belirten Orgeneral Ko\u015faner, \u015fu a\u00e7\u0131klamalarda bulundu: &#8220;Adli yarg\u0131n\u0131n, askeri adli makamlarla i\u015fbirli\u011fi i\u00e7erisinde olma uygulamas\u0131 geli\u015ftirildi\u011fi takdirde, daha adil ve kamu vicdan\u0131n\u0131 tatmin eden sonu\u00e7lara ula\u015f\u0131laca\u011f\u0131ndan \u015f\u00fcphe yoktur.<\/p>\n<p style=\"text-align: justify;\">Hukuka sayg\u0131l\u0131 olmas\u0131 gereken kurum sadece T\u00fcrk Silahl\u0131 Kuvvetleri de\u011fildir. Herkesin, her kurum ve kurulu\u015fun ve bilhassa yarg\u0131 erkini kullananlar\u0131n da kendilerini ba\u011flayan hukuk kurallar\u0131na itina ile uymas\u0131n\u0131 beklemek ve istemek hakk\u0131m\u0131zd\u0131r. Yasalar\u0131n verdi\u011fi yetkiler kurumlar\u0131 ve \u015fah\u0131slar\u0131 rencide etmek, ara\u015ft\u0131rma, inceleme yapmadan su\u00e7lamak ve kamuoyunu belli bir istikamette y\u00f6nlendirmek i\u00e7in kullan\u0131lmamal\u0131d\u0131r.<\/p>\n<p style=\"text-align: justify;\">Bir y\u00fcksek mahkeme ba\u015fkan\u0131m\u0131z\u0131n ifade etti\u011fi gibi &#8216;Yarg\u0131 erkini kullananlar\u0131n adil yarg\u0131lama yapt\u0131\u011f\u0131n\u0131, tarafs\u0131z kald\u0131\u011f\u0131n\u0131 ve herkesin g\u00fcvencesi oldu\u011funu topluma hissettirme borcu vard\u0131r&#8217;.&#8221;<\/p>\n<p style=\"text-align: justify;\">TSK personelinin aras\u0131nda da su\u00e7 i\u015fleyen ve hatal\u0131 davran\u0131\u015flarda bulunanlar\u0131n olabilece\u011fini dile getiren Orgeneral Ko\u015faner, &#8220;T\u00fcrk Silahl\u0131 Kuvvetlerini veya personelini su\u00e7lamak i\u00e7in elinde bilgi ve belge oldu\u011funu iddia edenler, e\u011fer samimi iseler, bunlar\u0131 bas\u0131na verip sansasyon yaratmak yerine, yetkili ve ilgili makamlara vermelidirler&#8221; dedi.<\/p>\n<p style=\"text-align: justify;\"><span style=\"color: #888888;\">CNN T\u00dcRK<\/span><\/p>\n","protected":false},"excerpt":{"rendered":"<\/p>\n<p style=\"text-align: justify;\">Genelkurmay Ba\u015fkanl\u0131\u011f\u0131 g\u00f6revini devralan Orgeneral I\u015f\u0131k Ko\u015faner, &#8220;(Irak&#8217;\u0131n) \u00dclke kuzeyinde yerle\u015fmi\u015f olan, b\u00f6l\u00fcc\u00fc ter\u00f6r \u00f6rg\u00fct\u00fcne kar\u015f\u0131, merkezi ve b\u00f6lgesel otoriteler taraf\u0131ndan etkili tedbirler al\u0131nmas\u0131 sa\u011flanamam\u0131\u015ft\u0131r&#8221; dedi.<\/p>\n<p style=\"text-align: justify;\">Orgeneral Ko\u015faner, Genelkurmay Karargah\u0131&#8217;ndaki devir teslim t\u00f6reninde yapt\u0131\u011f\u0131 konu\u015fmas\u0131na, &#8220;Genelkurmay Ba\u015fkanl\u0131\u011f\u0131 g\u00f6revini Say\u0131n Komutan\u0131m Orgeneral \u0130lker Ba\u015fbu\u011f&#8217;dan devralmak \u00fczere huzurlar\u0131n\u0131zday\u0131m&#8221; diyerek ba\u015flad\u0131. <\/p>\n","protected":false},"author":1,"featured_media":0,"comment_status":"open","ping_status":"closed","sticky":false,"template":"","format":"standard","meta":{"footnotes":""},"categories":[105],"tags":[],"class_list":["post-25150","post","type-post","status-publish","format-standard","hentry","category-gundem","odd"],"_links":{"self":[{"href":"http:\/\/www.korhanyilmaz.com\/index.php?rest_route=\/wp\/v2\/posts\/25150","targetHints":{"allow":["GET"]}}],"collection":[{"href":"http:\/\/www.korhanyilmaz.com\/index.php?rest_route=\/wp\/v2\/posts"}],"about":[{"href":"http:\/\/www.korhanyilmaz.com\/index.php?rest_route=\/wp\/v2\/types\/post"}],"author":[{"embeddable":true,"href":"http:\/\/www.korhanyilmaz.com\/index.php?rest_route=\/wp\/v2\/users\/1"}],"replies":[{"embeddable":true,"href":"http:\/\/www.korhanyilmaz.com\/index.php?rest_route=%2Fwp%2Fv2%2Fcomments&post=25150"}],"version-history":[{"count":0,"href":"http:\/\/www.korhanyilmaz.com\/index.php?rest_route=\/wp\/v2\/posts\/25150\/revisions"}],"wp:attachment":[{"href":"http:\/\/www.korhanyilmaz.com\/index.php?rest_route=%2Fwp%2Fv2%2Fmedia&parent=25150"}],"wp:term":[{"taxonomy":"category","embeddable":true,"href":"http:\/\/www.korhanyilmaz.com\/index.php?rest_route=%2Fwp%2Fv2%2Fcategories&post=25150"},{"taxonomy":"post_tag","embeddable":true,"href":"http:\/\/www.korhanyilmaz.com\/index.php?rest_route=%2Fwp%2Fv2%2Ftags&post=25150"}],"curies":[{"name":"wp","href":"https:\/\/api.w.org\/{rel}","templated":true}]}}