{"id":25141,"date":"2010-08-27T12:45:29","date_gmt":"2010-08-27T09:45:29","guid":{"rendered":"http:\/\/www.korhanyilmaz.com\/?p=25141"},"modified":"2010-08-27T12:45:29","modified_gmt":"2010-08-27T09:45:29","slug":"danistay-ile-adalet-bakanliginin-soz-duellosu","status":"publish","type":"post","link":"http:\/\/www.korhanyilmaz.com\/?p=25141","title":{"rendered":"Dan\u0131\u015ftay ile Adalet Bakanl\u0131\u011f\u0131n\u0131n s\u00f6z d\u00fcellosu"},"content":{"rendered":"<p style=\"text-align: center;\"><a href=\"http:\/\/www.korhanyilmaz.com\/wp-content\/uploads\/2010\/08\/0101.jpg\"  class=\"lightview\"><img loading=\"lazy\" decoding=\"async\" class=\"aligncenter size-full wp-image-25143\" src=\"http:\/\/www.korhanyilmaz.com\/wp-content\/uploads\/2010\/08\/0101.jpg\" alt=\"\" width=\"405\" height=\"214\" \/><\/a><\/p>\n<p style=\"text-align: justify;\">Dan\u0131\u015ftay Ba\u015fkan\u0131 Mustafa Birden, &#8221;Dan\u0131\u015ftay&#8217;\u0131n anayasal g\u00f6rev ve yetkileri \u00e7er\u00e7evesinde verdi\u011fi kararlar\u0131na, ba\u015fta Say\u0131n Adalet Bakan\u0131 olmak \u00fczere Devlet ad\u0131na yetki kullanan ki\u015filerce sayg\u0131 g\u00f6sterilmelidir&#8221; dedi.<\/p>\n<p style=\"text-align: justify;\">Dan\u0131\u015ftay&#8217;\u0131n a\u00e7\u0131klamas\u0131na Adalet Bakanl\u0131\u011f\u0131ndan daha sert bir yan\u0131t geldi. Adalet Bakanl\u0131\u011f\u0131&#8217;ndan yap\u0131lan a\u00e7\u0131klamada, &#8221;Bakanl\u0131\u011f\u0131m\u0131z her zaman oldu\u011fu gibi bug\u00fcn de, hukuk devletine ba\u011fl\u0131 ve yarg\u0131 kararlar\u0131na sayg\u0131l\u0131 olmaya ve yarg\u0131 kararlar\u0131n\u0131 eksiksiz olarak uygulamaya devam etmekte olup, yarg\u0131ya zarar vermenin devlete zarar vermek anlam\u0131na gelece\u011finin bilincindedir&#8221; denildi.<!--more--><\/p>\n<p style=\"text-align: justify;\">ANKARA &#8211; Dan\u0131\u015ftay Ba\u015fkan\u0131 Mustafa Birden, &#8221;Dan\u0131\u015ftay&#8217;\u0131n anayasal g\u00f6rev ve yetkileri \u00e7er\u00e7evesinde verdi\u011fi kararlar\u0131na, ba\u015fta Say\u0131n Adalet Bakan\u0131 olmak \u00fczere devlet ad\u0131na yetki kullanan ki\u015filerce sayg\u0131 g\u00f6sterilmelidir&#8221; de\u011ferlendirmesinde bulundu.<\/p>\n<p style=\"text-align: justify;\">Dan\u0131\u015ftay Ba\u015fkan\u0131 Birden A.A&#8217;ya yapt\u0131\u011f\u0131 yaz\u0131l\u0131 a\u00e7\u0131klamada, y\u00fcz y\u0131l\u0131 a\u015fan onurlu bir ge\u00e7mi\u015fe sahip Dan\u0131\u015ftay&#8217;\u0131n, Cumhuriyetin ve hukuk devletinin temel g\u00fcvencelerinden biri oldu\u011funu an\u0131msatarak, Dan\u0131\u015ftay&#8217;a y\u00f6nelik ele\u015ftiri ve de\u011ferlendirmelerde yarg\u0131 yerini ve onun mensuplar\u0131n\u0131 zan alt\u0131nda b\u0131rak\u0131c\u0131 a\u00e7\u0131klamalardan \u00f6zenle ka\u00e7\u0131n\u0131lmas\u0131 gerekti\u011fini vurgulad\u0131.<\/p>\n<p style=\"text-align: justify;\">&#8221;Anayasal bir kurum ve y\u00fcksek bir mahkeme olan Dan\u0131\u015ftay, siyasi tart\u0131\u015fma ve \u00e7eki\u015fmelerin i\u00e7ine \u00e7ekilmeye \u00e7al\u0131\u015f\u0131lmamal\u0131d\u0131r&#8221; de\u011ferlendirmesinde bulunan Birden, \u015funlar\u0131 kaydetti:<\/p>\n<p style=\"text-align: justify;\">&#8221;Dan\u0131\u015ftay&#8217;\u0131n anayasal g\u00f6rev yetkileri \u00e7er\u00e7evesinde verdi\u011fi kararlar\u0131na, ba\u015fta Say\u0131n Adalet Bakan\u0131 olmak \u00fczere Devlet ad\u0131na yetki kullanan ki\u015filerce sayg\u0131 g\u00f6sterilmelidir.<\/p>\n<p style=\"text-align: justify;\">Dan\u0131\u015ftay kararlar\u0131n\u0131n bas\u0131n ve yay\u0131n organlar\u0131nda, y\u00fczeysel bilgilere dayal\u0131 olarak tart\u0131\u015f\u0131lmas\u0131, ele\u015ftiri s\u0131n\u0131rlar\u0131 a\u015f\u0131larak su\u00e7lama getirilmesi ve yarg\u0131 kararlar\u0131n\u0131n yak\u0131n bir zamanda yap\u0131lacak olan referandum sonucunu etkilemeye y\u00f6nelik bir malzeme olarak kullan\u0131lmas\u0131 do\u011fru de\u011fildir.<\/p>\n<p style=\"text-align: justify;\">Son zamanlarda iyice s\u0131kla\u015fan a\u00e7\u0131klama ve beyanlar, Dan\u0131\u015ftay olarak yarg\u0131 ba\u011f\u0131ms\u0131zl\u0131\u011f\u0131n\u0131n korunmas\u0131, yarg\u0131 kararlar\u0131na sayg\u0131 g\u00f6sterilmesi konusundaki \u00f6neri ve beklentilerimizin g\u00f6z ard\u0131 edildi\u011fini, hatta \u00f6nemsenmedi\u011fini bir daha g\u00f6stermi\u015ftir.<\/p>\n<p style=\"text-align: justify;\">Her f\u0131rsatta Dan\u0131\u015ftay&#8217;a y\u00f6nelik bu olumsuz beyan ve su\u00e7lamalara cevap vermeyi, y\u00fcksek yarg\u0131 yeri olman\u0131n itibar\u0131na uygun bir davran\u0131\u015f olarak g\u00f6rmedi\u011fimiz gibi, bir yarg\u0131 organ\u0131n\u0131n bunlardan hepsine cevap vermek i\u00e7in mesaisini sarf etmesi de m\u00fcmk\u00fcn de\u011fildir.<\/p>\n<p style=\"text-align: justify;\">Halk\u0131n hukuka g\u00fcvenini ve sayg\u0131s\u0131n\u0131 art\u0131racak s\u00f6ylemler yerine, yarg\u0131y\u0131, yasama ve y\u00fcr\u00fctmenin faaliyetlerine engel bir organm\u0131\u015f gibi g\u00f6stermenin ve bu manada kamuoyuna \u015fikayet ederek yarg\u0131 yerlerini savunma durumuna d\u00fc\u015f\u00fcrmenin hukuka sayg\u0131l\u0131 devlet y\u00f6netiminde yeri yoktur.<\/p>\n<p style=\"text-align: justify;\">Milletimizce, yarg\u0131 yerlerine duyulan g\u00fcvenin ve g\u00f6sterilen sayg\u0131n\u0131n \u00f6rselenmesinden, sadece yarg\u0131 erkinin de\u011fil Devletimizin zarar g\u00f6rece\u011fi ak\u0131llardan \u00e7\u0131kar\u0131lmamal\u0131d\u0131r.&#8221;<\/p>\n<p style=\"text-align: justify;\"><strong>ADALET BAKANLI\u011eINDAN JET A\u00c7IKLAMA<\/strong><\/p>\n<p style=\"text-align: justify;\">Adalet Bakanl\u0131\u011f\u0131&#8217;ndan yap\u0131lan a\u00e7\u0131klamada, &#8221;Bakanl\u0131\u011f\u0131m\u0131z her zaman oldu\u011fu gibi bug\u00fcn de, hukuk devletine ba\u011fl\u0131 ve yarg\u0131 kararlar\u0131na sayg\u0131l\u0131 olmaya ve yarg\u0131 kararlar\u0131n\u0131 eksiksiz olarak uygulamaya devam etmekte olup, yarg\u0131ya zarar vermenin devlete zarar vermek anlam\u0131na gelece\u011finin bilincindedir&#8221; denildi.<\/p>\n<p style=\"text-align: justify;\">Adalet Bakanl\u0131\u011f\u0131&#8217;ndan yap\u0131lan a\u00e7\u0131klamada, &#8221;Nas\u0131l ki yasama ve y\u00fcr\u00fctme kendisine y\u00f6neltilen tenkit ve ele\u015ftirileri olgunlukla kar\u015f\u0131lay\u0131p, demokrasinin bir gere\u011fi olarak kabul ediyor ise yarg\u0131 da kararlar\u0131na kar\u015f\u0131 y\u00f6neltilen ele\u015ftirileri ayn\u0131 olgunlukla kar\u015f\u0131lay\u0131p, bunu \u00f6z ele\u015ftiri i\u00e7in bir f\u0131rsat olarak de\u011ferlendirmeli, evrensel ve ideal hukuka ula\u015fmada bir ara\u00e7 olarak kullanmal\u0131d\u0131r&#8221; denildi. <span style=\"color: #888888;\">(A.A)<\/span><\/p>\n<p style=\"text-align: justify;\"><span style=\"color: #888888;\"><a href=\"http:\/\/www.gazeteport.com.tr\/GUNCEL\/NEWS\/GP_753236\" target=\"_blank\">GAZETEPORT<\/a><br \/>\n<\/span><\/p>\n","protected":false},"excerpt":{"rendered":"<p style=\"text-align: center;\">\n<p style=\"text-align: justify;\">Dan\u0131\u015ftay Ba\u015fkan\u0131 Mustafa Birden, &#8221;Dan\u0131\u015ftay&#8217;\u0131n anayasal g\u00f6rev ve yetkileri \u00e7er\u00e7evesinde verdi\u011fi kararlar\u0131na, ba\u015fta Say\u0131n Adalet Bakan\u0131 olmak \u00fczere Devlet ad\u0131na yetki kullanan ki\u015filerce sayg\u0131 g\u00f6sterilmelidir&#8221; dedi.<\/p>\n<p style=\"text-align: justify;\">Dan\u0131\u015ftay&#8217;\u0131n a\u00e7\u0131klamas\u0131na Adalet Bakanl\u0131\u011f\u0131ndan daha sert bir yan\u0131t geldi. Adalet Bakanl\u0131\u011f\u0131&#8217;ndan yap\u0131lan a\u00e7\u0131klamada, &#8221;Bakanl\u0131\u011f\u0131m\u0131z her zaman oldu\u011fu gibi bug\u00fcn de, hukuk devletine <\/p>\n","protected":false},"author":1,"featured_media":0,"comment_status":"open","ping_status":"closed","sticky":false,"template":"","format":"standard","meta":{"footnotes":""},"categories":[105],"tags":[],"class_list":["post-25141","post","type-post","status-publish","format-standard","hentry","category-gundem","odd"],"_links":{"self":[{"href":"http:\/\/www.korhanyilmaz.com\/index.php?rest_route=\/wp\/v2\/posts\/25141","targetHints":{"allow":["GET"]}}],"collection":[{"href":"http:\/\/www.korhanyilmaz.com\/index.php?rest_route=\/wp\/v2\/posts"}],"about":[{"href":"http:\/\/www.korhanyilmaz.com\/index.php?rest_route=\/wp\/v2\/types\/post"}],"author":[{"embeddable":true,"href":"http:\/\/www.korhanyilmaz.com\/index.php?rest_route=\/wp\/v2\/users\/1"}],"replies":[{"embeddable":true,"href":"http:\/\/www.korhanyilmaz.com\/index.php?rest_route=%2Fwp%2Fv2%2Fcomments&post=25141"}],"version-history":[{"count":0,"href":"http:\/\/www.korhanyilmaz.com\/index.php?rest_route=\/wp\/v2\/posts\/25141\/revisions"}],"wp:attachment":[{"href":"http:\/\/www.korhanyilmaz.com\/index.php?rest_route=%2Fwp%2Fv2%2Fmedia&parent=25141"}],"wp:term":[{"taxonomy":"category","embeddable":true,"href":"http:\/\/www.korhanyilmaz.com\/index.php?rest_route=%2Fwp%2Fv2%2Fcategories&post=25141"},{"taxonomy":"post_tag","embeddable":true,"href":"http:\/\/www.korhanyilmaz.com\/index.php?rest_route=%2Fwp%2Fv2%2Ftags&post=25141"}],"curies":[{"name":"wp","href":"https:\/\/api.w.org\/{rel}","templated":true}]}}