{"id":25137,"date":"2010-08-27T17:37:08","date_gmt":"2010-08-27T14:37:08","guid":{"rendered":"http:\/\/www.korhanyilmaz.com\/?p=25137"},"modified":"2010-08-27T17:37:08","modified_gmt":"2010-08-27T14:37:08","slug":"kilicdaroglu%e2%80%99na-protestonun-arkasinda-akp-var","status":"publish","type":"post","link":"http:\/\/www.korhanyilmaz.com\/?p=25137","title":{"rendered":"K\u0131l\u0131\u00e7daro\u011flu\u2019na protestonun arkas\u0131nda AKP var"},"content":{"rendered":"<p style=\"text-align: center;\"><a href=\"http:\/\/www.korhanyilmaz.com\/wp-content\/uploads\/2010\/08\/079.jpg\"  class=\"lightview\"><img loading=\"lazy\" decoding=\"async\" class=\"aligncenter size-full wp-image-25138\" src=\"http:\/\/www.korhanyilmaz.com\/wp-content\/uploads\/2010\/08\/079.jpg\" alt=\"\" width=\"404\" height=\"215\" \/><\/a><\/p>\n<p style=\"text-align: justify;\">CHP Parti Meclis \u00dcyesi Mustafa Kurban, Genel Ba\u015fkan Kemal K\u0131l\u0131\u00e7daro\u011flu\u2019na \u00f6nceki g\u00fcn Bing\u00f6l\u2019de yap\u0131lan protestoyu AK Parti\u2019li yetkililerin yapt\u0131rd\u0131\u011f\u0131n\u0131 ileri s\u00fcrd\u00fc. Kurban, \u201cYapt\u0131\u011f\u0131m\u0131z tespitlerde bu i\u015fin i\u00e7inde direk AKP yetkilileri var ve bakt\u0131\u011f\u0131m\u0131z zamanda bu i\u015fi y\u00f6nlendiren insanlar\u0131nda sab\u0131kal\u0131, h\u0131rs\u0131z ve toplum taraf\u0131ndan d\u0131\u015flanm\u0131\u015f insanlard\u0131r\u201d dedi.<!--more--><\/p>\n<p style=\"text-align: justify;\">B\u0130NG\u00d6L &#8211; CHP Genel Ba\u015fkan\u0131 Kemal K\u0131l\u0131\u00e7daro\u011flu, \u00f6nceki g\u00fcn Bing\u00f6l\u2019de d\u00fczenledi\u011fi mitingde yakla\u015f\u0131k 50 ki\u015filik bir grup taraf\u0131ndan protesto edilmi\u015f, protestocular, \u2018Ba\u015fbakan Erdo\u011fan\u2019 diye slogan atm\u0131\u015ft\u0131. Mustafa Kurban, Bing\u00f6l\u2019de bug\u00fcn yapt\u0131\u011f\u0131 a\u00e7\u0131klamada, protestoyu Ak Parti\u2019li yetkillerin organize etti\u011fini ileri s\u00fcrd\u00fc.<\/p>\n<p style=\"text-align: justify;\">Kurban, \u015f\u00f6yle dedi:<\/p>\n<p style=\"text-align: justify;\">\u201cYapt\u0131\u011f\u0131m\u0131z tespitlerde bu i\u015fin i\u00e7inde direk AKP yetkilileri var ve bakt\u0131\u011f\u0131m\u0131z zamanda bu i\u015fi y\u00f6nlendiren insanlar da sab\u0131kal\u0131, h\u0131rs\u0131z ve toplum taraf\u0131ndan d\u0131\u015flanm\u0131\u015f insanlard\u0131r. Ama burada yar\u0131m saat boyunca mitingi sabote etiler. Ne yaz\u0131 ki, g\u00fcvenlik g\u00fc\u00e7leri bunlara seyirci kald\u0131. Oysaki bizim bildi\u011fimiz g\u00fcvenlik g\u00fc\u00e7leri ta\u015f atan \u00e7ocuklara kar\u015f\u0131 amans\u0131zca tekme tokat giri\u015firken, AKP&#8217;lilere dokunamad\u0131lar. \u00c7\u00fcnk\u00fc bu insanlar\u0131n yar\u0131m saat boyunca g\u00f6sterdi\u011fi tepkiye polis seyirci kald\u0131. Bu insanlar mitinge giri\u015fi bile engelledi. Di\u011fer tarafta say\u0131n genel ba\u015fkan\u0131m\u0131z\u0131 susturacak kadar ba\u011f\u0131r\u0131p \u00e7a\u011f\u0131ran bir \u015fahsiyeti g\u00fcvenlik g\u00fc\u00e7leri toplumun i\u00e7inden almad\u0131. Oysa her an bir arbede ya\u015fanabilirdi, her an bir karga\u015fa ya\u015fanabilirdi, her an bir lin\u00e7 ya\u015fanabilirdi. G\u00fcvenlik g\u00fc\u00e7lerinin g\u00f6revi bu mitinge gelen bu insan\u0131 derhal uzakla\u015ft\u0131rmak zorundad\u0131r.\u201d<\/p>\n<p style=\"text-align: justify;\"><strong>KILI\u00c7DAO\u011eLU\u2019NU \u00dcSLUBA DAVET EDEN SABIKALI DEVLET MEMURU<\/strong><\/p>\n<p style=\"text-align: justify;\">H\u00fcrriyet&#8217;in  haberine  g\u00f6re, CHP\u2019li Kurban, mitingde K\u0131l\u0131\u00e7daro\u011flu\u2019nun konu\u015fmas\u0131n\u0131 kesip, Ba\u015fbakan Erdo\u011fan\u2019a kar\u015f\u0131 \u2018terbiyeli\u2019 olmas\u0131n\u0131 isteyen ki\u015fiye de de\u011findi. Kurban, bu ki\u015finin ad\u0131n\u0131n A.B., oldu\u011funu ve doland\u0131r\u0131c\u0131l\u0131ktan sab\u0131kal\u0131 ve 7 y\u0131l, 9 ay hapis cezas\u0131 alan bir devlet memuru oldu\u011funu s\u00f6yledi.<\/p>\n<p style=\"text-align: justify;\">Kurban, \u015fu iddialarda bulundu:<\/p>\n<p style=\"text-align: justify;\">\u201cBu \u015fahs\u0131n dosyas\u0131 \u015fu an Yarg\u0131tay\u2019da 2 y\u0131ld\u0131r onay beklemektedir. Ve bu \u015fah\u0131s adeta g\u00fcvenlik g\u00fc\u00e7leri taraf\u0131ndan korundu. Ve elini kolunu sallayarak gitti. \u015eimdi 7 y\u0131l 9 ay hapis cezas\u0131 alm\u0131\u015f doland\u0131r\u0131c\u0131l\u0131ktan ceza alm\u0131\u015f A.B., Say\u0131n Erdo\u011fan temsil ediyor. E\u011fer say\u0131n Ba\u015fbakan, bu temsili kendisine yak\u0131\u015ft\u0131r\u0131yorsa biz kendisine bir \u015fey demiyoruz. Ama doland\u0131r\u0131c\u0131l\u0131ktan sab\u0131kal\u0131 bir insan\u0131n say\u0131n K\u0131l\u0131\u00e7daro\u011flu\u2019nu \u00fcsluba da, \u00fcslup y\u00f6ntemi konu\u015fmaya davet etmesi bizce ahlaks\u0131z bir olayd\u0131r. Yine bu grubu y\u00f6nlendirenlerden birisi de A.K. diye maliyede memur bir insan.<\/p>\n<p style=\"text-align: justify;\">Bu da ye\u015fil karttan doland\u0131r\u0131c\u0131l\u0131k yapm\u0131\u015f ceza alm\u0131\u015f ve yine AKP milletvekili Say\u0131n Yusuf Co\u015fkun&#8217;un himayeleriyle tekrar memurlu\u011fa d\u00f6nm\u00fc\u015f ve art\u0131k bar\u0131namayaca\u011f\u0131n\u0131 anlay\u0131nca da emekli dilek\u00e7esini vermi\u015f ve yine bu grubun i\u00e7inde AKP&#8217;nin \u00e7e\u015fitli mensuplar\u0131 var. Bunlar\u0131 tespit ediyoruz \u015fu anda elimizde CD&#8217;leri var bunlar\u0131 tek tek \u00e7\u00f6z\u00fcnce kamuoyuna payla\u015faca\u011f\u0131z.\u201d<\/p>\n<p style=\"text-align: justify;\">CHP Parti Meclis \u00dcyesi Mustafa Kurban, olaya Bing\u00f6ll\u00fclerin \u00fcz\u00fcld\u00fc\u011f\u00fcn\u00fc s\u00f6yleyerek, mitingin engelleyen ve sabote edenlerin bedelini \u00f6deyece\u011fini kaydetti.<\/p>\n<p style=\"text-align: justify;\"><a href=\"http:\/\/www.gazeteport.com.tr\/SIYASET\/NEWS\/GP_753577\" target=\"_blank\"><span style=\"color: #888888;\">GAZETEPORT<\/span><\/a><\/p>\n","protected":false},"excerpt":{"rendered":"<p style=\"text-align: center;\">\n<p style=\"text-align: justify;\">CHP Parti Meclis \u00dcyesi Mustafa Kurban, Genel Ba\u015fkan Kemal K\u0131l\u0131\u00e7daro\u011flu\u2019na \u00f6nceki g\u00fcn Bing\u00f6l\u2019de yap\u0131lan protestoyu AK Parti\u2019li yetkililerin yapt\u0131rd\u0131\u011f\u0131n\u0131 ileri s\u00fcrd\u00fc. Kurban, \u201cYapt\u0131\u011f\u0131m\u0131z tespitlerde bu i\u015fin i\u00e7inde direk AKP yetkilileri var ve bakt\u0131\u011f\u0131m\u0131z zamanda bu i\u015fi y\u00f6nlendiren insanlar\u0131nda sab\u0131kal\u0131, h\u0131rs\u0131z ve toplum taraf\u0131ndan d\u0131\u015flanm\u0131\u015f insanlard\u0131r\u201d dedi.<\/p>\n","protected":false},"author":1,"featured_media":0,"comment_status":"open","ping_status":"closed","sticky":false,"template":"","format":"standard","meta":{"footnotes":""},"categories":[105],"tags":[],"class_list":["post-25137","post","type-post","status-publish","format-standard","hentry","category-gundem","odd"],"_links":{"self":[{"href":"http:\/\/www.korhanyilmaz.com\/index.php?rest_route=\/wp\/v2\/posts\/25137","targetHints":{"allow":["GET"]}}],"collection":[{"href":"http:\/\/www.korhanyilmaz.com\/index.php?rest_route=\/wp\/v2\/posts"}],"about":[{"href":"http:\/\/www.korhanyilmaz.com\/index.php?rest_route=\/wp\/v2\/types\/post"}],"author":[{"embeddable":true,"href":"http:\/\/www.korhanyilmaz.com\/index.php?rest_route=\/wp\/v2\/users\/1"}],"replies":[{"embeddable":true,"href":"http:\/\/www.korhanyilmaz.com\/index.php?rest_route=%2Fwp%2Fv2%2Fcomments&post=25137"}],"version-history":[{"count":0,"href":"http:\/\/www.korhanyilmaz.com\/index.php?rest_route=\/wp\/v2\/posts\/25137\/revisions"}],"wp:attachment":[{"href":"http:\/\/www.korhanyilmaz.com\/index.php?rest_route=%2Fwp%2Fv2%2Fmedia&parent=25137"}],"wp:term":[{"taxonomy":"category","embeddable":true,"href":"http:\/\/www.korhanyilmaz.com\/index.php?rest_route=%2Fwp%2Fv2%2Fcategories&post=25137"},{"taxonomy":"post_tag","embeddable":true,"href":"http:\/\/www.korhanyilmaz.com\/index.php?rest_route=%2Fwp%2Fv2%2Ftags&post=25137"}],"curies":[{"name":"wp","href":"https:\/\/api.w.org\/{rel}","templated":true}]}}