{"id":25136,"date":"2010-08-27T15:09:52","date_gmt":"2010-08-27T12:09:52","guid":{"rendered":"http:\/\/www.korhanyilmaz.com\/?p=25136"},"modified":"2010-08-27T15:09:52","modified_gmt":"2010-08-27T12:09:52","slug":"hsykdan-bakanliga-suc-duyurusu","status":"publish","type":"post","link":"http:\/\/www.korhanyilmaz.com\/?p=25136","title":{"rendered":"HSYK&#8217;dan Bakanl\u0131\u011fa su\u00e7 duyurusu"},"content":{"rendered":"<div id=\"attachment_25160\" style=\"width: 334px\" class=\"wp-caption aligncenter\"><a title=\"HSYK Ba\u015fkanvekili Kadir \u00d6zbek\" href=\"http:\/\/www.korhanyilmaz.com\/wp-content\/uploads\/2010\/08\/013.jpeg\"  class=\"lightview\"><img loading=\"lazy\" decoding=\"async\" aria-describedby=\"caption-attachment-25160\" class=\"size-full wp-image-25160 \" title=\"HSYK Ba\u015fkanvekili Kadir \u00d6zbek\" src=\"http:\/\/www.korhanyilmaz.com\/wp-content\/uploads\/2010\/08\/013.jpeg\" alt=\"\" width=\"324\" height=\"228\" \/><\/a><p id=\"caption-attachment-25160\" class=\"wp-caption-text\">HSYK Ba\u015fkanvekili Kadir \u00d6zbek<\/p><\/div>\n<p style=\"text-align: justify;\">HSYK Ba\u015fkanvekili Kadir \u00d6zbek, Adalet Bakan\u0131 Sadullah Ergin&#8217;in, 2010 Y\u0131l\u0131 Hakim ve Savc\u0131 Atama Yaz Kararnamesinin g\u00f6r\u00fc\u015f\u00fcld\u00fc\u011f\u00fc s\u0131rada Kurul toplant\u0131s\u0131n\u0131 terk etti\u011fi i\u00e7in hakk\u0131nda Anayasal bir Kurulun \u00e7al\u0131\u015fmalar\u0131n\u0131 engelledi\u011fi gerek\u00e7esiyle, Yarg\u0131tay 1. Ba\u015fkanlar Kurulu\u2019na su\u00e7 duyurusunda bulunuldu\u011funu a\u00e7\u0131klad\u0131.<!--more--><\/p>\n<p style=\"text-align: justify;\">ANKARA &#8211; HSYK Ba\u015fkanvekili Kadir \u00d6zbek, Adalet Bakan\u0131 Sadullah Ergin&#8217;in, 2010 Y\u0131l\u0131 Hakim ve Savc\u0131 Atama Yaz Kararnamesinin g\u00f6r\u00fc\u015f\u00fcld\u00fc\u011f\u00fc s\u0131rada Kurul toplant\u0131s\u0131n\u0131 terk etti\u011fi i\u00e7in hakk\u0131nda Anayasal bir Kurulun \u00e7al\u0131\u015fmalar\u0131n\u0131 engelledi\u011fi gerek\u00e7esiyle, Yarg\u0131tay 1. Ba\u015fkanlar Kurulu\u2019na su\u00e7 duyurusunda bulunuldu\u011funu a\u00e7\u0131klad\u0131.<\/p>\n<p style=\"text-align: justify;\">HSYK Ba\u015fkanvekili Kadir \u00d6zbek, CNN T\u00fcrk televizyonunda Fikret Bila ve Hande F\u0131rat&#8217;\u0131n sorular\u0131n\u0131 cevapland\u0131rd\u0131.<\/p>\n<p style=\"text-align: justify;\">Eski Adalet Bakan\u0131 Seyfi Oktay&#8217;\u0131n, HSYK&#8217;ya m\u00fcdahale etti\u011fi iddialar\u0131n\u0131n sorulmas\u0131 \u00fczerine Kadir \u00d6zbek, \u015funlar\u0131 s\u00f6yledi:<\/p>\n<p style=\"text-align: justify;\">&#8221;Bu t\u00fcr s\u00f6ylemler ve haberler Oktay ile ilgili yasal i\u015flem yap\u0131ld\u0131ktan sonra ortaya \u00e7\u0131kt\u0131. Oktay&#8217;\u0131 \u00e7al\u0131\u015ft\u0131\u011f\u0131m d\u00f6nemde Adalet Bakan\u0131 oldu\u011fu i\u00e7in tan\u0131r\u0131m, uzun s\u00fcreden beri de g\u00f6r\u00fc\u015femiyordum. \u0130ki hakim arkada\u015f\u0131m\u0131z, Oktay ve ben yemek yedik. Gelen arkada\u015flar\u0131m\u0131z \u0130stanbul 10 ve 14. a\u011f\u0131r ceza mahkemesi ba\u015fkanlar\u0131. Kendilerin bir tak\u0131m s\u0131k\u0131nt\u0131l\u0131lar\u0131 oldu\u011funu s\u00f6ylediler. Adeta &#8216;bizi buradan kurtar, \u00e7al\u0131\u015facak durum kalmad\u0131&#8217; dediler.&#8221;<\/p>\n<p style=\"text-align: justify;\">&#8221;Bu taleplerin gelmesi do\u011fal, ancak bu t\u00fcr birisinin arac\u0131l\u0131k etmesi do\u011fal de\u011fil.&#8221; diyen \u00d6zbek, &#8221;Sevdi\u011finiz, sayd\u0131\u011f\u0131n\u0131z bir Bakan\u0131n referans\u0131n\u0131 g\u00f6zard\u0131 edemezsiniz. Ancak o d\u00f6nem herhangi bir i\u015flem yapmad\u0131k. Bu kararnamede bu arkada\u015flar\u0131m\u0131z al\u0131ns\u0131n diye \u00f6nerdim. K\u00f6ksal \u015eeng\u00fcn&#8217;\u00fcn benimle g\u00f6r\u00fc\u015fmek istedi\u011fini de Seyfi bey iletti. K\u00f6ksal bey de geldi, Yarg\u0131tay \u00fcyeli\u011fi istedi. Bunun uygun olmayaca\u011f\u0131n\u0131, davaya m\u00fcdahale anlam\u0131 ta\u015f\u0131yaca\u011f\u0131n\u0131, kusura bakmamas\u0131 gerekti\u011fini s\u00f6yledim.&#8221; diye konu\u015ftu.<\/p>\n<p style=\"text-align: justify;\"><strong>\u0130DEOLOJ\u0130K G\u00d6R\u00dc\u015e\u00dcM\u00dcZ VARDIR<\/strong><\/p>\n<p style=\"text-align: justify;\">Ba\u015fbakan Erdo\u011fan&#8217;\u0131n, HSYK ve yarg\u0131 organlar\u0131n\u0131n &#8216;<strong>&#8216;ideolojik karar verdi\u011fi<\/strong>&#8221; y\u00f6n\u00fcndeki a\u00e7\u0131klamalar\u0131n\u0131n hat\u0131rlat\u0131lmas\u0131 \u00fczerine de \u00d6zbek, \u015f\u00f6yle konu\u015ftu:<\/p>\n<p style=\"text-align: justify;\">&#8221;Sadece ve sadece Anayasa&#8217;n\u0131n bize verdi\u011fi idari g\u00f6revi, hakim ba\u011f\u0131ms\u0131zl\u0131\u011f\u0131 ve teminat\u0131 esaslar\u0131na g\u00f6re yapmak istiyoruz. Bu noktada, kendileriyle \u00e7eli\u015fti\u011fimiz, zaman zaman de\u011fi\u015fik uygulamalar\u0131 g\u00f6rd\u00fck, ama olmas\u0131 gereken buydu. <strong>HSYK&#8217;n\u0131n ve T\u00fcrk yarg\u0131s\u0131n\u0131n ideolojik bir g\u00f6r\u00fc\u015f\u00fc vard\u0131r, bu g\u00f6r\u00fc\u015f anayasam\u0131z\u0131n ba\u015flang\u0131\u00e7 b\u00f6l\u00fcm\u00fcnde yaz\u0131l\u0131. Atat\u00fcrk ilkelerine ba\u011fl\u0131, demokratik, laik, sosyal hukuk devletinin gerekleridir. Bizim ideolojimiz bu<\/strong>, ancak bunun d\u0131\u015f\u0131nda bir beklenti, bir duru\u015f, bir taraf olma durumu varsa elbette biz de kar\u015f\u0131 ideoloji olarak de\u011ferlendirmeliyiz.&#8221; <span style=\"color: #888888;\">(AA)<\/span><\/p>\n<p style=\"text-align: justify;\"><span style=\"color: #888888;\">GAZETEPORT<\/span><\/p>\n","protected":false},"excerpt":{"rendered":"<p id=\"caption-attachment-25160\" class=\"wp-caption-text\">HSYK Ba\u015fkanvekili Kadir \u00d6zbek<\/p>\n<p style=\"text-align: justify;\">HSYK Ba\u015fkanvekili Kadir \u00d6zbek, Adalet Bakan\u0131 Sadullah Ergin&#8217;in, 2010 Y\u0131l\u0131 Hakim ve Savc\u0131 Atama Yaz Kararnamesinin g\u00f6r\u00fc\u015f\u00fcld\u00fc\u011f\u00fc s\u0131rada Kurul toplant\u0131s\u0131n\u0131 terk etti\u011fi i\u00e7in hakk\u0131nda Anayasal bir Kurulun \u00e7al\u0131\u015fmalar\u0131n\u0131 engelledi\u011fi gerek\u00e7esiyle, Yarg\u0131tay 1. Ba\u015fkanlar Kurulu\u2019na su\u00e7 duyurusunda bulunuldu\u011funu a\u00e7\u0131klad\u0131.<\/p>\n","protected":false},"author":1,"featured_media":0,"comment_status":"open","ping_status":"closed","sticky":false,"template":"","format":"standard","meta":{"footnotes":""},"categories":[105],"tags":[],"class_list":["post-25136","post","type-post","status-publish","format-standard","hentry","category-gundem","odd"],"_links":{"self":[{"href":"http:\/\/www.korhanyilmaz.com\/index.php?rest_route=\/wp\/v2\/posts\/25136","targetHints":{"allow":["GET"]}}],"collection":[{"href":"http:\/\/www.korhanyilmaz.com\/index.php?rest_route=\/wp\/v2\/posts"}],"about":[{"href":"http:\/\/www.korhanyilmaz.com\/index.php?rest_route=\/wp\/v2\/types\/post"}],"author":[{"embeddable":true,"href":"http:\/\/www.korhanyilmaz.com\/index.php?rest_route=\/wp\/v2\/users\/1"}],"replies":[{"embeddable":true,"href":"http:\/\/www.korhanyilmaz.com\/index.php?rest_route=%2Fwp%2Fv2%2Fcomments&post=25136"}],"version-history":[{"count":0,"href":"http:\/\/www.korhanyilmaz.com\/index.php?rest_route=\/wp\/v2\/posts\/25136\/revisions"}],"wp:attachment":[{"href":"http:\/\/www.korhanyilmaz.com\/index.php?rest_route=%2Fwp%2Fv2%2Fmedia&parent=25136"}],"wp:term":[{"taxonomy":"category","embeddable":true,"href":"http:\/\/www.korhanyilmaz.com\/index.php?rest_route=%2Fwp%2Fv2%2Fcategories&post=25136"},{"taxonomy":"post_tag","embeddable":true,"href":"http:\/\/www.korhanyilmaz.com\/index.php?rest_route=%2Fwp%2Fv2%2Ftags&post=25136"}],"curies":[{"name":"wp","href":"https:\/\/api.w.org\/{rel}","templated":true}]}}