{"id":25114,"date":"2010-08-25T13:14:28","date_gmt":"2010-08-25T10:14:28","guid":{"rendered":"http:\/\/www.korhanyilmaz.com\/?p=25114"},"modified":"2010-08-25T13:14:28","modified_gmt":"2010-08-25T10:14:28","slug":"mit-pkk-ile-temas-kurar-mi","status":"publish","type":"post","link":"http:\/\/www.korhanyilmaz.com\/?p=25114","title":{"rendered":"M\u0130T, PKK ile temas kurar m\u0131?"},"content":{"rendered":"<p><a href=\"http:\/\/www.korhanyilmaz.com\/wp-content\/uploads\/2010\/08\/0061.jpg\"  class=\"lightview\"><img loading=\"lazy\" decoding=\"async\" class=\"aligncenter size-full wp-image-25115\" src=\"http:\/\/www.korhanyilmaz.com\/wp-content\/uploads\/2010\/08\/0061.jpg\" alt=\"\" width=\"320\" height=\"240\" \/><\/a><\/p>\n<p style=\"text-align: justify;\">Eski M\u0130T&#8217;\u00e7i Cevat \u00d6ne\u015f cevaplad\u0131&#8230;<\/p>\n<p style=\"text-align: justify;\">Ba\u015fbakan Erdo\u011fan\u2019\u0131n \u201cDevletin istihbarat kurumlar\u0131 ter\u00f6r \u00f6rg\u00fct\u00fcyle temas kurabilir\u201d s\u00f6zlerini M\u0130T eski M\u00fcste\u015far Yard\u0131mc\u0131s\u0131 Cevat \u00d6ne\u015f yorumlad\u0131: \u201cPKK, K\u00fcrt sorununun \u00e7\u00f6z\u00fclmeyi\u015finin yaratt\u0131\u011f\u0131 sonu\u00e7lardan biri olu\u015fu, destek alabildi\u011fi kitlesel yap\u0131, koruyabildi\u011fi silahl\u0131 g\u00fcc\u00fc ile dikkate al\u0131nmas\u0131 gereken akt\u00f6rlerden. 2<!--more-->6 y\u0131l gibi nesilleri etkileyen \u00e7ok uzun bir s\u00fcre\u00e7te, yakla\u015f\u0131k 40 bin kayb\u0131n ve s\u0131n\u0131rs\u0131z ma\u011fduriyetlerin ger\u00e7ekle\u015fti\u011fi \u015fartlar\u0131n taraf\u0131 olan PKK\u2019n\u0131n, T\u00fcrkiye toplumunun b\u00fcy\u00fck \u00e7o\u011funlu\u011fu \u00fczerinde yaratt\u0131\u011f\u0131 psikolojik sonu\u00e7lar ve hukuki-me\u015fru olmayan \u00f6rg\u00fctsel kimli\u011fi sebebiyle, resmi muhatap olarak kabul edilebilmesinin m\u00fcmk\u00fcn olmad\u0131\u011f\u0131n\u0131, \u00d6calan dahil herkes biliyor. Ancak nas\u0131l de\u011ferlendirilirse de\u011ferlendirsin, bir PKK ger\u00e7e\u011fi ile kar\u015f\u0131 kar\u015f\u0131ya bulundu\u011fumuz da bir ger\u00e7ek. Silahlar\u0131n b\u0131rak\u0131lmas\u0131 silahl\u0131 g\u00fcc\u00fcn mensuplar\u0131na uygulanacak hukuki ko\u015fullar\u0131n d\u00fczenlemesi, bu d\u00fczenleme i\u00e7erisinde lider kadronun yeri gibi d\u00fczenlemeler i\u00e7in devletin do\u011frudan veya dolayl\u0131 olarak \u0130mral\u0131 ve Kandil ile temas kurmas\u0131, d\u00fcnya pratiklerinde de ya\u015fanan deneyimlerden. Me\u015fru, demokratik siyasete d\u00f6n\u00fc\u015f mesajlar\u0131 veren \u00d6calan ve PKK liderli\u011fi de, T\u00fcrkiye\u2019nin ihtiya\u00e7 duydu\u011fu \u2018g\u00fcven\u2019 yarat\u0131c\u0131 ad\u0131mlar\u0131n at\u0131lmas\u0131nda oynayabilecekleri rollerin yaratabilece\u011fi sonu\u00e7lar\u0131, daha da gecikmeden de\u011ferlendirmek durumundad\u0131r.\u201d<\/p>\n<p style=\"text-align: justify;\"><span style=\"background-color: #ffcc99;\"><a href=\"http:\/\/www.korhanyilmaz.com\/?p=25110\">&#8220;M\u0130T 20 TEMMUZ&#8217;DA \u0130MRALI&#8217;DAYDI&#8221; haberi i\u00e7in t\u0131klay\u0131n\u0131z&#8230;. <\/a><\/span><\/p>\n<p style=\"text-align: justify;\"><strong><span style=\"color: #000000;\">Baraj d\u00fc\u015fmeli, af \u00e7\u0131kmal\u0131 <\/span><\/strong><\/p>\n<p style=\"text-align: justify;\">\u00d6ne\u015f K\u00fcrt sorununun \u00e7\u00f6z\u00fclmesi i\u00e7in de at\u0131lmas\u0131 \u015fart olan ad\u0131mlar\u0131 \u015f\u00f6yle s\u0131ralad\u0131: \u201cSe\u00e7im baraj\u0131n\u0131n indirilmesi, K\u00fcrt\u00e7e propaganda yasa\u011f\u0131n\u0131n kald\u0131r\u0131lmas\u0131, yerel isimlerin kullanabilmesi gibi konularda ortam\u0131n haz\u0131rlanmas\u0131n\u0131n etkili olabilecek hususlard\u0131r. Ter\u00f6ristlerin da\u011fdan indirilmesi i\u00e7in \u00f6zel proje \u00fcretmelidir. Ter\u00f6ristlere bir af konusunun dahi yeri vard\u0131r ve olmas\u0131 gerekir.\u201d (Vatan)<\/p>\n<p style=\"text-align: justify;\"><span style=\"color: #808080;\">GAZETEPORT<\/span><\/p>\n","protected":false},"excerpt":{"rendered":"<\/p>\n<p style=\"text-align: justify;\">Eski M\u0130T&#8217;\u00e7i Cevat \u00d6ne\u015f cevaplad\u0131&#8230;<\/p>\n<p style=\"text-align: justify;\">Ba\u015fbakan Erdo\u011fan\u2019\u0131n \u201cDevletin istihbarat kurumlar\u0131 ter\u00f6r \u00f6rg\u00fct\u00fcyle temas kurabilir\u201d s\u00f6zlerini M\u0130T eski M\u00fcste\u015far Yard\u0131mc\u0131s\u0131 Cevat \u00d6ne\u015f yorumlad\u0131: \u201cPKK, K\u00fcrt sorununun \u00e7\u00f6z\u00fclmeyi\u015finin yaratt\u0131\u011f\u0131 sonu\u00e7lardan biri olu\u015fu, destek alabildi\u011fi kitlesel yap\u0131, koruyabildi\u011fi silahl\u0131 g\u00fcc\u00fc ile dikkate al\u0131nmas\u0131 gereken akt\u00f6rlerden. 2<\/p>\n","protected":false},"author":1,"featured_media":0,"comment_status":"open","ping_status":"closed","sticky":false,"template":"","format":"standard","meta":{"footnotes":""},"categories":[105],"tags":[],"class_list":["post-25114","post","type-post","status-publish","format-standard","hentry","category-gundem","odd"],"_links":{"self":[{"href":"http:\/\/www.korhanyilmaz.com\/index.php?rest_route=\/wp\/v2\/posts\/25114","targetHints":{"allow":["GET"]}}],"collection":[{"href":"http:\/\/www.korhanyilmaz.com\/index.php?rest_route=\/wp\/v2\/posts"}],"about":[{"href":"http:\/\/www.korhanyilmaz.com\/index.php?rest_route=\/wp\/v2\/types\/post"}],"author":[{"embeddable":true,"href":"http:\/\/www.korhanyilmaz.com\/index.php?rest_route=\/wp\/v2\/users\/1"}],"replies":[{"embeddable":true,"href":"http:\/\/www.korhanyilmaz.com\/index.php?rest_route=%2Fwp%2Fv2%2Fcomments&post=25114"}],"version-history":[{"count":0,"href":"http:\/\/www.korhanyilmaz.com\/index.php?rest_route=\/wp\/v2\/posts\/25114\/revisions"}],"wp:attachment":[{"href":"http:\/\/www.korhanyilmaz.com\/index.php?rest_route=%2Fwp%2Fv2%2Fmedia&parent=25114"}],"wp:term":[{"taxonomy":"category","embeddable":true,"href":"http:\/\/www.korhanyilmaz.com\/index.php?rest_route=%2Fwp%2Fv2%2Fcategories&post=25114"},{"taxonomy":"post_tag","embeddable":true,"href":"http:\/\/www.korhanyilmaz.com\/index.php?rest_route=%2Fwp%2Fv2%2Ftags&post=25114"}],"curies":[{"name":"wp","href":"https:\/\/api.w.org\/{rel}","templated":true}]}}