{"id":25110,"date":"2010-08-25T11:57:20","date_gmt":"2010-08-25T08:57:20","guid":{"rendered":"http:\/\/www.korhanyilmaz.com\/?p=25110"},"modified":"2010-08-25T11:57:20","modified_gmt":"2010-08-25T08:57:20","slug":"mit-20-temmuzda-imralidaydi","status":"publish","type":"post","link":"http:\/\/www.korhanyilmaz.com\/?p=25110","title":{"rendered":"&#8216;M\u0130T, 20 Temmuz&#8217;da \u0130mral\u0131&#8217;dayd\u0131&#8221;"},"content":{"rendered":"<div id=\"attachment_25111\" style=\"width: 190px\" class=\"wp-caption alignleft\"><a title=\"CHP Adana Milletvekili Tacidar Seyhan\" href=\"http:\/\/www.korhanyilmaz.com\/wp-content\/uploads\/2010\/08\/005.jpg\"  class=\"lightview\"><img loading=\"lazy\" decoding=\"async\" aria-describedby=\"caption-attachment-25111\" class=\"size-full wp-image-25111\" style=\"margin-left: 10px; margin-right: 10px;\" title=\"CHP Adana Milletvekili Tacidar Seyhan\" src=\"http:\/\/www.korhanyilmaz.com\/wp-content\/uploads\/2010\/08\/005.jpg\" alt=\"\" width=\"180\" height=\"180\" \/><\/a><p id=\"caption-attachment-25111\" class=\"wp-caption-text\">CHP Adana Milletvekili Tacidar Seyhan<\/p><\/div>\n<p style=\"text-align: justify;\">H\u00fck\u00fcmet ile PKK aras\u0131nda pazarl\u0131k yap\u0131ld\u0131\u011f\u0131 iddialar\u0131 s\u00fcrerken, CHP Adana Milletvekili Tacidar Seyhan, M\u0130T M\u00fcste\u015far\u0131 Hakan Fidan&#8217;\u0131n \u0130mral\u0131\u2019da \u00d6calan ile 20 Temmuz\u2019da g\u00f6r\u00fc\u015ft\u00fc\u011f\u00fcn\u00fc \u00f6ne s\u00fcrd\u00fc.<\/p>\n<p style=\"text-align: justify;\">Seyhan, 20 Temmuz Sal\u0131 g\u00fcn\u00fc M\u0130T M\u00fcste\u015far\u0131 Dr. Hakan Fidan\u2019\u0131n, \u0130mral\u0131\u2019da \u00d6calan ile g\u00f6r\u00fc\u015ft\u00fc\u011f\u00fcn\u00fc iddia ederek, \u201cM\u0130T M\u00fcste\u015far\u0131\u2019n\u0131n \u0130mral\u0131\u2019ya giderken kay\u0131t alt\u0131nda olmas\u0131n diye hava arac\u0131 kullanmad\u0131\u011f\u0131, deniz arac\u0131 kulland\u0131\u011f\u0131 ve \u0130mral\u0131\u2019ya giri\u015f \u00e7\u0131k\u0131\u015flar\u0131n kameralar dahil t\u00fcm kay\u0131t cihazlar\u0131n\u0131n kapat\u0131ld\u0131\u011f\u0131 y\u00f6n\u00fcnde ciddi bilgiler ve kaynaklardan edindi\u011fim somut bilgiler var. E\u011fer h\u00fck\u00fcmet bunu yalanlarsa bu konudaki bilgilerimi kamuoyu ile payla\u015faca\u011f\u0131m\u201d dedi. <!--more--><\/p>\n<p style=\"text-align: justify;\"><strong>Ba\u015fbakan Erdo\u011fan\u2019a sordu <\/strong><\/p>\n<p style=\"text-align: justify;\">H\u00fck\u00fcmet ile \u0130mral\u0131 aras\u0131nda g\u00f6r\u00fc\u015fme yap\u0131ld\u0131\u011f\u0131 y\u00f6n\u00fcndeki iddialar siyasi kulisleri hareketlendirirken CHP Adana Milletvekili Tacidar Seyhan, \u00e7arp\u0131c\u0131 a\u00e7\u0131klamalarda bulundu. CHP\u2019li Seyhan, 20 Temmuz Sal\u0131 g\u00fcn\u00fc M\u0130T M\u00fcste\u015far\u0131 Dr. Hakan Fidan\u2019\u0131n yan\u0131na iki \u015fahs\u0131 daha alarak \u0130mral\u0131\u2019ya gitti\u011fi ve ter\u00f6ristba\u015f\u0131 \u00d6calan ile g\u00f6r\u00fc\u015ft\u00fc\u011f\u00fc iddialar\u0131n\u0131 bir s\u00fcre \u00f6nce Meclis g\u00fcndemine ta\u015f\u0131m\u0131\u015f ve Ba\u015fbakan Recep Tayyip Erdo\u011fan\u2019a \u015fu sorular\u0131 sormu\u015ftu:<\/p>\n<p style=\"text-align: justify;\">\u201c20 Temmuz Sal\u0131 g\u00fcn\u00fc M\u0130T M\u00fcste\u015far\u0131 Dr. Hakan Fidan\u2019\u0131n yan\u0131na iki \u015fahs\u0131 daha alarak \u0130mral\u0131\u2019ya gitti\u011fi ve \u00d6calan ile g\u00f6r\u00fc\u015ft\u00fc\u011f\u00fc iddialar\u0131 do\u011fru mudur? Bu gidi\u015f esnas\u0131nda helikopter yerine deniz ara\u00e7lar\u0131n\u0131n kullan\u0131ld\u0131\u011f\u0131 ve adadaki kamera sisteminin kapal\u0131 durumuna getirildi\u011fi iddialar\u0131 do\u011fru mudur?<\/p>\n<p style=\"text-align: justify;\">E\u011fer bu ziyaret yap\u0131lm\u0131\u015f ise ni\u00e7in yap\u0131lm\u0131\u015ft\u0131r? Ziyaret s\u0131ras\u0131nda Abdullah \u00d6calan ile g\u00f6r\u00fc\u015f\u00fclm\u00fc\u015f m\u00fcd\u00fcr? G\u00f6r\u00fc\u015f\u00fclm\u00fc\u015f ise bu g\u00f6r\u00fc\u015fmenin i\u00e7eri\u011fi nedir? G\u00f6r\u00fc\u015fme kamuoyundan neden gizlenmi\u015ftir? G\u00f6r\u00fc\u015fmeden Ba\u015fbakan veya h\u00fck\u00fcmet \u00fcyelerinden herhangi birisinin bilgisi var m\u0131d\u0131r?\u201d<\/p>\n<p style=\"text-align: justify;\"><strong>BA\u015eBAKAN\u2019DAN YANIT ALAMADI <\/strong><\/p>\n<p style=\"text-align: justify;\">Ba\u015fbakan\u2019dan sorular\u0131na yan\u0131t alamad\u0131\u011f\u0131n\u0131 belirten Seyhan, \u201cCevap vermelerini bekliyorum. Cevap vermesi gereken Ba\u015fbakan\u2019d\u0131r. Bu g\u00f6r\u00fc\u015fme neden saklanm\u0131\u015f? Referandum s\u00fcreci ile ilgisi var m\u0131d\u0131r? \u00d6calan ile h\u00fck\u00fcmet aras\u0131nda bir pazarl\u0131\u011f\u0131n arac\u0131 olarak M\u0130T M\u00fcste\u015far\u0131 m\u0131 kullan\u0131lm\u0131\u015ft\u0131r? E\u011fer bu sorular ayd\u0131nl\u0131\u011fa kavu\u015fturulmazsa, \u00f6nergeme yan\u0131t verilmezse, zannediyorum h\u00fck\u00fcmet son derece peri\u015fan bir duruma d\u00fc\u015fer\u201d dedi.<\/p>\n<p style=\"text-align: justify;\"><a href=\"http:\/\/www.korhanyilmaz.com\/?p=25114\"><span style=\"background-color: #ffcc99;\">&#8220;M\u0130T, PKK \u0130LE TEMAS KURAR MI?&#8221; haberi i\u00e7in t\u0131klay\u0131n\u0131z&#8230;<\/span><\/a><\/p>\n<p style=\"text-align: justify;\"><strong>&#8220;DETAYLARI A\u00c7IKLARIM&#8221; <\/strong><\/p>\n<p style=\"text-align: justify;\">Seyhan, Ba\u015fbakan taraf\u0131ndan sorular\u0131na yan\u0131t verilmemesi halinde g\u00f6r\u00fc\u015fmenin yap\u0131ld\u0131\u011f\u0131na dair elindeki bilgileri a\u00e7\u0131klayaca\u011f\u0131na i\u015faret ederek, \u015f\u00f6yle dedi:<\/p>\n<p style=\"text-align: justify;\">\u201cG\u00f6r\u00fc\u015fme konusundaki giri\u015f ve \u00e7\u0131k\u0131\u015f detaylar\u0131n\u0131 a\u00e7\u0131klar\u0131m. Bu konuda kaynaklar\u0131ma g\u00fcveniyorum. Bu g\u00f6r\u00fc\u015fme yap\u0131lm\u0131\u015ft\u0131r. Kamera sistemi kapat\u0131larak yap\u0131lm\u0131\u015ft\u0131r. Ve bu g\u00f6r\u00fc\u015fmeden de h\u00fck\u00fcmetin bilgisi g\u00f6r\u00fc\u015fme \u00f6ncesinde vard\u0131r. Soru \u00f6nergesini verdim, bekliyorum. Emin olmad\u0131\u011f\u0131m sorular\u0131 sormam. Hi\u00e7bir \u015fekilde siyasetten nemalanmak amac\u0131yla sansasyonel politikalar s\u00f6ylemem.\u201d<\/p>\n<p style=\"text-align: justify;\"><strong>\u201cH\u00dcK\u00dcMET\u0130N A\u011eZI \u0130FT\u0130RADAN \u0130T\u0130RAFA D\u00d6N\u00dc\u015eT\u00dc\u201d <\/strong><\/p>\n<p style=\"text-align: justify;\">Ba\u015fbakan\u2019\u0131n, \u201cDevletin baz\u0131 kurumlar\u0131 vard\u0131r. Baz\u0131 m\u00fcnasebetler gerekirse devlet onu kendisi yapar. H\u00fck\u00fcmet ter\u00f6r \u00f6rg\u00fct\u00fcyle masaya oturmaz\u201d s\u00f6z\u00fcne de Seyhan, \u201cH\u00fck\u00fcmetin a\u011fz\u0131 iftiradan itirafa d\u00f6nm\u00fc\u015ft\u00fcr\u201d dedi. (Anka)<\/p>\n<p style=\"text-align: justify;\"><span style=\"color: #888888;\">GAZETPORT<\/span><\/p>\n","protected":false},"excerpt":{"rendered":"<p id=\"caption-attachment-25111\" class=\"wp-caption-text\">CHP Adana Milletvekili Tacidar Seyhan<\/p>\n<p style=\"text-align: justify;\">H\u00fck\u00fcmet ile PKK aras\u0131nda pazarl\u0131k yap\u0131ld\u0131\u011f\u0131 iddialar\u0131 s\u00fcrerken, CHP Adana Milletvekili Tacidar Seyhan, M\u0130T M\u00fcste\u015far\u0131 Hakan Fidan&#8217;\u0131n \u0130mral\u0131\u2019da \u00d6calan ile 20 Temmuz\u2019da g\u00f6r\u00fc\u015ft\u00fc\u011f\u00fcn\u00fc \u00f6ne s\u00fcrd\u00fc.<\/p>\n<p style=\"text-align: justify;\">Seyhan, 20 Temmuz Sal\u0131 g\u00fcn\u00fc M\u0130T M\u00fcste\u015far\u0131 Dr. Hakan Fidan\u2019\u0131n, \u0130mral\u0131\u2019da \u00d6calan ile g\u00f6r\u00fc\u015ft\u00fc\u011f\u00fcn\u00fc iddia ederek, \u201cM\u0130T M\u00fcste\u015far\u0131\u2019n\u0131n \u0130mral\u0131\u2019ya <\/p>\n","protected":false},"author":1,"featured_media":0,"comment_status":"open","ping_status":"closed","sticky":false,"template":"","format":"standard","meta":{"footnotes":""},"categories":[105],"tags":[],"class_list":["post-25110","post","type-post","status-publish","format-standard","hentry","category-gundem","odd"],"_links":{"self":[{"href":"http:\/\/www.korhanyilmaz.com\/index.php?rest_route=\/wp\/v2\/posts\/25110","targetHints":{"allow":["GET"]}}],"collection":[{"href":"http:\/\/www.korhanyilmaz.com\/index.php?rest_route=\/wp\/v2\/posts"}],"about":[{"href":"http:\/\/www.korhanyilmaz.com\/index.php?rest_route=\/wp\/v2\/types\/post"}],"author":[{"embeddable":true,"href":"http:\/\/www.korhanyilmaz.com\/index.php?rest_route=\/wp\/v2\/users\/1"}],"replies":[{"embeddable":true,"href":"http:\/\/www.korhanyilmaz.com\/index.php?rest_route=%2Fwp%2Fv2%2Fcomments&post=25110"}],"version-history":[{"count":0,"href":"http:\/\/www.korhanyilmaz.com\/index.php?rest_route=\/wp\/v2\/posts\/25110\/revisions"}],"wp:attachment":[{"href":"http:\/\/www.korhanyilmaz.com\/index.php?rest_route=%2Fwp%2Fv2%2Fmedia&parent=25110"}],"wp:term":[{"taxonomy":"category","embeddable":true,"href":"http:\/\/www.korhanyilmaz.com\/index.php?rest_route=%2Fwp%2Fv2%2Fcategories&post=25110"},{"taxonomy":"post_tag","embeddable":true,"href":"http:\/\/www.korhanyilmaz.com\/index.php?rest_route=%2Fwp%2Fv2%2Ftags&post=25110"}],"curies":[{"name":"wp","href":"https:\/\/api.w.org\/{rel}","templated":true}]}}