{"id":25106,"date":"2010-08-26T01:27:40","date_gmt":"2010-08-25T22:27:40","guid":{"rendered":"http:\/\/www.korhanyilmaz.com\/?p=25106"},"modified":"2010-08-26T01:27:40","modified_gmt":"2010-08-25T22:27:40","slug":"danistayi-ergenekona-baglamayan-mudure-dink-faturasi","status":"publish","type":"post","link":"http:\/\/www.korhanyilmaz.com\/?p=25106","title":{"rendered":"Dan\u0131\u015ftay&#8217;\u0131 Ergenekon&#8217;a ba\u011flamayan m\u00fcd\u00fcre Dink faturas\u0131"},"content":{"rendered":"<p style=\"text-align: center;\"><a href=\"http:\/\/www.korhanyilmaz.com\/wp-content\/uploads\/2010\/08\/004.jpg\"  class=\"lightview\"><img loading=\"lazy\" decoding=\"async\" class=\"aligncenter size-full wp-image-25107\" src=\"http:\/\/www.korhanyilmaz.com\/wp-content\/uploads\/2010\/08\/004.jpg\" alt=\"\" width=\"385\" height=\"198\" \/><\/a><\/p>\n<p style=\"text-align: justify;\">Dan\u0131\u015ftay sald\u0131r\u0131s\u0131n\u0131n Ergenekon soru\u015fturmas\u0131yla ilgisi olmad\u0131\u011f\u0131n\u0131 ileri s\u00fcren eski \u0130stanbul \u0130stihbarat \u015eube M\u00fcd\u00fcr\u00fc Ahmet \u0130lhan G\u00fcler&#8217;e Hrant Dink cinayetinin faturas\u0131 kesilerek g\u00f6revden al\u0131nd\u0131\u011f\u0131 ve yarg\u0131 yolunun a\u00e7\u0131ld\u0131\u011f\u0131 ileri s\u00fcr\u00fcld\u00fc.<\/p>\n<p style=\"text-align: justify;\">\u0130STANBUL \/ Eski\u015fehir Emniyet M\u00fcd\u00fcr\u00fc Hanefi Avc\u0131&#8217;n\u0131n yazd\u0131\u011f\u0131 ve kamuoyunda b\u00fcy\u00fck etki yaratan &#8220;Hali\u00e7&#8217;te Ya\u015fayan Simonlar&#8221; kitab\u0131nda, eski \u0130stanbul \u0130stihbarat \u015eube m\u00fcd\u00fcr\u00fc Ahmet \u0130lhan G\u00fcler&#8217;in Dan\u0131\u015ftay sald\u0131r\u0131s\u0131n\u0131n Ergenekon ile birle\u015ftirilmesine kar\u015f\u0131 \u00e7\u0131kt\u0131\u011f\u0131 i\u00e7in kendisine fatura kesilerek Dink cinayetinde kusuru g\u00f6r\u00fcld\u00fc\u011f\u00fc i\u00e7in g\u00f6revinden al\u0131nd\u0131\u011f\u0131n\u0131 ileri s\u00fcrd\u00fc. <!--more--><\/p>\n<p style=\"text-align: justify;\">Hanefi Avc\u0131 kitab\u0131n\u0131n 433. sayfas\u0131nda bu olay\u0131 \u015fu \u015fekilde anlat\u0131yor;<\/p>\n<p style=\"text-align: justify;\">&#8220;Dan\u0131\u015ftay olay\u0131nda faillerin Ergenekon&#8217;la ili\u015fkilendirilmesini Ahmet \u0130lhan G\u00fcler ve \u015eammaz Demirta\u015f, yani \u0130stanbul \u0130stihbarat \u015eubesi desteklememi\u015ftir. Bunun yanl\u0131\u015f oldu\u011funu, eldeki delillerle b\u00f6yle bir ba\u011flant\u0131n\u0131n kurulamayaca\u011f\u0131n\u0131, aksine Alparslan Arslan&#8217;\u0131n her eylemden \u00f6nce ve sonra \u0130stanbul&#8217;daki \u015eeyh Salih Kurter ile irtibat kurdu\u011funu, Aslan&#8217;\u0131n telefon HTS raporlar\u0131 iyi okunursa bu irtibat\u0131n daha tutarl\u0131 oldu\u011funun g\u00f6r\u00fclece\u011fini savunmu\u015flard\u0131. Asl\u0131nda i\u015fte o g\u00fcn Ahmet&#8217;in \u0130stanbul&#8217;dan al\u0131nmas\u0131 gerekti\u011fine karar verildi\u011fi kanaatindeyim. Ankara, Dan\u0131\u015ftay olay\u0131 ile Ergenekon ba\u011flant\u0131s\u0131n\u0131 kurmak istiyordu. Delilin olup olmamas\u0131 \u00f6nemli de\u011fildi, onlar bunu istiyordu o kadar.&#8221;<\/p>\n<p style=\"text-align: justify;\"><strong>DA\u0130RE BA\u015eKANINI TAK\u0130P ETMEY\u0130 REDDETM\u0130\u015e<\/strong><\/p>\n<p style=\"text-align: justify;\">D\u00f6nemin Ankara Merkez \u0130stihbarat \u015eube M\u00fcd\u00fcr\u00fcn\u00fcn, Ahmet \u0130lhan G\u00fcler&#8217;e Daire Ba\u015fkan\u0131 Sabri Uzun&#8217;u \u0130stanbul&#8217;a geli\u015flerinde takip ettirmek istedi\u011fi, ancak Ahmet \u0130lhan G\u00fcler&#8217;in bu talebi uygunsuz g\u00f6rd\u00fc\u011f\u00fcn\u00fc belirterek kabul etmedi\u011fi de belirtildi.<\/p>\n<p style=\"text-align: justify;\">Hanefi Avc\u0131&#8217;n\u0131n yazd\u0131\u011f\u0131 &#8216;Hali\u00e7&#8217;te Ya\u015fayan Simonlar&#8217; kitab\u0131n\u0131n 428. sayfas\u0131nda yer alan bilgilere g\u00f6re olay\u0131n \u015fu \u015fekilde meydana geldi\u011fi anlat\u0131l\u0131yor;<\/p>\n<p style=\"text-align: justify;\">&#8220;Ahmet \u015eube M\u00fcd\u00fcr\u00fc olarak \u00e7al\u0131\u015f\u0131rken, Ankara Merkez \u0130stihbarat Daire Ba\u015fkanl\u0131\u011f\u0131ndaki m\u00fcd\u00fcrler, o d\u00f6nem Daire Ba\u015fkan\u0131 olan Sabri Uzun&#8217;un \u0130stanbul&#8217;a gelmesi durumunda takip edilip gitti\u011fi yerlerin foto\u011fraflanmas\u0131n\u0131 takip amirlerinden istemi\u015fler. Bu talepten haberi olan Ahmet buna tepki g\u00f6stermi\u015f ve Daire Ba\u015fkan\u0131n\u0131n takip edilmesini veya uygunsuz \u015fekilde foto\u011fraflanmas\u0131n\u0131 kabul etmemi\u015f. B\u00f6ylece merkezdeki arkada\u015flar\u0131yla aralar\u0131nda ilk \u00e7atlak \u00e7\u0131km\u0131\u015ft\u0131&#8230;<\/p>\n<p style=\"text-align: justify;\">\u0130l m\u00fcd\u00fcr\u00fcnden \u00f6\u011frendi\u011fime g\u00f6re bir m\u00fcddet sonra Ahmet&#8217;i k\u0131\u015f ortas\u0131nda Ankara&#8217;ya \u00e7a\u011f\u0131rm\u0131\u015flar ve resmi daire d\u0131\u015f\u0131nda bir ortamda muhatap olan ayn\u0131 arkada\u015flar\u0131 &#8220;\u0130stanbul \u0130stihbarat \u015eubesi g\u00f6revinden ayr\u0131lman laz\u0131m. Biz \u0130stanbul&#8217;a \u0130stihbarat \u015eube M\u00fcd\u00fcr\u00fc olarak ba\u015fka birini atayaca\u011f\u0131z. Seni istersen \u0130zmir&#8217;e verebiliriz.&#8221; demi\u015fler. Ahmet bu teklifi kabul etmeyip istenen dilek\u00e7eyi vermemi\u015f. Akabinde Hrant Dink \u00f6ld\u00fcr\u00fclmesi olay\u0131 meydana gelince, bu f\u0131rsattan istifade Ahmet g\u00f6revinden al\u0131n\u0131p yerine Ali Fuat Y\u0131lmazer \u015eube M\u00fcd\u00fcr\u00fc olarak atand\u0131. Bana g\u00f6re Hrant Dink \u00f6ld\u00fcr\u00fclmesi olmasayd\u0131 Ahmet \u015fubeden yine de al\u0131ncakt\u0131. \u00c7\u00fcnk\u00fc isteneni yapmayca\u011f\u0131 ve merkezin \u0130stanbul&#8217;daki planlar\u0131na uygun davranmayaca\u011f\u0131 anla\u015f\u0131lm\u0131\u015ft\u0131.&#8221;<\/p>\n<p style=\"text-align: justify;\"><strong>FATURA G\u00dcLER&#8217;E KES\u0130LD\u0130<\/strong><\/p>\n<p style=\"text-align: justify;\">&#8220;&#8230;Mesele o kadar b\u00fcy\u00fck boyutlara varm\u0131\u015ft\u0131 ki, Hrant Dink olay\u0131ndaki Emniyet mensuplar\u0131n\u0131n kusurlar\u0131n\u0131 ara\u015ft\u0131rmakla g\u00f6revlendirilen m\u00fclkiye m\u00fcfetti\u015fleri Ahmet&#8217;i su\u00e7lamak, hatta mahkemede cezaland\u0131rmak i\u00e7in neredeyse sahte evrak bulmaya kadar her \u015feyi denemekten geri durmuyorlard\u0131.\u0130stihbarat Dairesi ile beraber \u00e7al\u0131\u015f\u0131yorlard\u0131.<\/p>\n<p style=\"text-align: justify;\">Soru\u015fturma ba\u015flay\u0131nca m\u00fcfetti\u015fler alenen\u0130stanbul&#8217;u su\u00e7lamak, Ankara Daire Ba\u015fkanl\u0131\u011f\u0131n\u0131 temize \u00e7\u0131karmak i\u00e7in \u00f6zel gayret sarf ediyordu. Olay\u0131n iki taraf\u0131ndan biri \u0130stanbul&#8217;da Emniyet M\u00fcd\u00fcr\u00fc Celalettin bey ile Ahmet iken, di\u011fer taraf\u0131 \u0130stihbarat Daire Ba\u015fkan\u0131 Ramazan Aky\u00fcrek olmas\u0131na ra\u011fmen m\u00fclkiye m\u00fcfetti\u015fleri \u0130stihbarat Daire Ba\u015fkanl\u0131\u011f\u0131 personelini bilirki\u015fi olarak atam\u0131\u015ft\u0131 ve onlar\u0131n raporlar\u0131na dayanarak fezleke d\u00fczenliyordu. Sonunda \u0130stanbul Emniyet M\u00fcd\u00fcr\u00fc Cerrah ve \u0130stihbarat \u015eube M\u00fcd\u00fcr\u00fc Ahmet&#8217;in yarg\u0131lanmas\u0131 istendi. Vali bu karar\u0131 Ahmet a\u00e7\u0131s\u0131ndan onaylad\u0131. Celalettin Cerrah a\u00e7\u0131s\u0131ndan onaylamad\u0131&#8230;&#8221;<\/p>\n<p style=\"text-align: justify;\">&#8220;Olay asl\u0131nda \u015fu \u015fekilde cereyan etmi\u015fti. 1. y\u0131l kadar \u00f6nce Trabzon emniyeti Yasin Hayal&#8217;in Hrant Dink&#8217;e eylem yapaca\u011f\u0131 ve bunun i\u00e7in Hayal&#8217;in \u0130stanbul&#8217;da ya\u015fayan a\u011fabeyinin yan\u0131na gidece\u011fi bilgisini muhbir Erhan Tuncel&#8217;den al\u0131yor. Bunun \u00fczerine Trabzon Emniyeti \u0130stanbul Emniyetine haber veriyor. \u0130stanbul Emniyeti Yasin Hayal&#8217;in a\u011fabeyinin adresi denen yeri ara\u015ft\u0131r\u0131yor, b\u00f6yle bir adresin bulunmad\u0131\u011f\u0131n\u0131 tespit ediyor. Ayr\u0131ca Hayal&#8217;in telefonlar\u0131n\u0131 sorguluyor ve onun a\u011fabeyiyle birlikte o anda Trabzon&#8217;da bulunduklar\u0131n\u0131n g\u00f6r\u00fcld\u00fc\u011f\u00fcn\u00fc bildiriyorlar. B\u00f6ylece tahkikat\u0131 Trabzon&#8217;a devrediyor ve konuyu kapat\u0131yor.<\/p>\n<p style=\"text-align: justify;\">Fakat M\u00fclkiye Ba\u015fm\u00fcfetti\u015fi \u0130stanbul Emniyetinin olaydan \u00f6nce yap\u0131ld\u0131\u011f\u0131n\u0131 iddia etti\u011fi tahlikat ve i\u015flemlerin olaydan sonra yap\u0131ld\u0131\u011f\u0131na, bu y\u00f6nde \u0130stanbul Emniyetinin sahte d\u00f6k\u00fcman haz\u0131rlamaya kalkt\u0131\u011f\u0131na, olaydan \u00f6nce incelediklerini s\u00f6yledi\u011fi olay\u0131n faillerine ait numaralar\u0131n asl\u0131nda olaydan \u00f6nce hi\u00e7 incelenip bak\u0131lmad\u0131\u011f\u0131na dair resmi bir yaz\u0131 ald\u0131klar\u0131n\u0131 ve polis ba\u015fm\u00fcfetti\u015flerinden bu do\u011frultuda rapor vermesini istemi\u015fti.&#8221;<\/p>\n<p style=\"text-align: justify;\"><strong>D\u0130NLEME S\u0130STEM\u0130NDEK\u0130 G\u00dcVENL\u0130K KALKANI KALDIRILMI\u015e<\/strong><\/p>\n<p style=\"text-align: justify;\">Bu sistemleri ilk defa \u0130stanbul&#8217;da 1992 y\u0131l\u0131nda kurarken ba\u015fkomiser ve emniyet amiri r\u00fctbesinde b\u00fcrolar amiri amirim ve yard\u0131mc\u0131m g\u00f6revlerinde bulunan ve bu sistemi kullanmas\u0131n\u0131 en iyi bilen polislerden olan polis ba\u015fm\u00fcfetti\u015fi Levent M\u00fclkiye b\u00fc\u015fm\u00fcfetti\u015fen verilen bilginin do\u011fru olamd\u0131\u011f\u0131n\u0131, bu durumda faillerin telefonunu sorgulayan di\u011fer ki\u015filerin de, en az\u0131ndan ilk bilgiyi veren Trabzon \u0130stihbarat \u015eubesinin de yapt\u0131\u011f\u0131 incelemenin g\u00f6r\u00fclmesi gerekti\u011fini ama \u015fimdi hi\u00e7 kimsenin bu sorgulamay\u0131 yapmam\u0131\u015f g\u00f6r\u00fcnd\u00fc\u011f\u00fcn\u00fc, dolay\u0131s\u0131yla bu kay\u0131tlar\u0131n silinmi\u015f oldu\u011funun, bunun do\u011fru bir bilgi olmad\u0131\u011f\u0131n\u0131n net olarak anla\u015f\u0131ld\u0131\u011f\u0131n\u0131 ifade etmi\u015f&#8230;.<\/p>\n<p style=\"text-align: justify;\"><strong>HTS RAPORLARI DE\u011e\u0130\u015eT\u0130R\u0130LD\u0130<\/strong><\/p>\n<p style=\"text-align: justify;\">Bununla birlikte \u015fu ortaya \u00e7\u0131km\u0131\u015ft\u0131. \u0130stihbarat Daire Ba\u015fkanl\u0131\u011f\u0131 telefon detaylar\u0131n\u0131 (HTS raporlar\u0131n\u0131) kimin ne zaman hangi numaray\u0131 inceledi\u011finin tutuldu\u011fu LOG kay\u0131tlar\u0131 de\u011fi\u015ftirilmi\u015fti. Bu \u00e7ok vahim bir durumdu. Merkez g\u00fcvenilirli\u011fini yitirmi\u015fti. G\u00fcvenlik amac\u0131yla tutulan LOG kay\u0131tlar\u0131 ge\u00e7mi\u015fte kimin hangi numarayla hangi tarihte incelendi\u011fini tutuyordu. Herhangi bir olay olursa bu kay\u0131tlar incelenip, g\u00f6revlilerin sorumlulu\u011fu tespit ediliyordu&#8230; Bu sistemin g\u00fcvenlik s\u00fcbab\u0131yd\u0131. Ama \u015fimdi Daire Ba\u015fkanl\u0131\u011f\u0131 bu kay\u0131tlar\u0131 de\u011fi\u015ftiriyor, kimin hangi telefonu sorgulad\u0131\u011f\u0131 bilgilerinden isetdi\u011fini \u00e7\u0131karabiliyordu. Bu istedi\u011fini de koyabilece\u011fi anlam\u0131na geliyordu.<\/p>\n<p style=\"text-align: justify;\"><span style=\"color: #888888;\">\u0130hsan Demir &#8211; GAZETEPORT<\/span><\/p>\n","protected":false},"excerpt":{"rendered":"<p style=\"text-align: center;\">\n<p style=\"text-align: justify;\">Dan\u0131\u015ftay sald\u0131r\u0131s\u0131n\u0131n Ergenekon soru\u015fturmas\u0131yla ilgisi olmad\u0131\u011f\u0131n\u0131 ileri s\u00fcren eski \u0130stanbul \u0130stihbarat \u015eube M\u00fcd\u00fcr\u00fc Ahmet \u0130lhan G\u00fcler&#8217;e Hrant Dink cinayetinin faturas\u0131 kesilerek g\u00f6revden al\u0131nd\u0131\u011f\u0131 ve yarg\u0131 yolunun a\u00e7\u0131ld\u0131\u011f\u0131 ileri s\u00fcr\u00fcld\u00fc.<\/p>\n<p style=\"text-align: justify;\">\u0130STANBUL \/ Eski\u015fehir Emniyet M\u00fcd\u00fcr\u00fc Hanefi Avc\u0131&#8217;n\u0131n yazd\u0131\u011f\u0131 ve kamuoyunda b\u00fcy\u00fck etki yaratan &#8220;Hali\u00e7&#8217;te Ya\u015fayan Simonlar&#8221; kitab\u0131nda, eski \u0130stanbul <\/p>\n","protected":false},"author":1,"featured_media":0,"comment_status":"open","ping_status":"closed","sticky":false,"template":"","format":"standard","meta":{"footnotes":""},"categories":[105],"tags":[],"class_list":["post-25106","post","type-post","status-publish","format-standard","hentry","category-gundem","odd"],"_links":{"self":[{"href":"http:\/\/www.korhanyilmaz.com\/index.php?rest_route=\/wp\/v2\/posts\/25106","targetHints":{"allow":["GET"]}}],"collection":[{"href":"http:\/\/www.korhanyilmaz.com\/index.php?rest_route=\/wp\/v2\/posts"}],"about":[{"href":"http:\/\/www.korhanyilmaz.com\/index.php?rest_route=\/wp\/v2\/types\/post"}],"author":[{"embeddable":true,"href":"http:\/\/www.korhanyilmaz.com\/index.php?rest_route=\/wp\/v2\/users\/1"}],"replies":[{"embeddable":true,"href":"http:\/\/www.korhanyilmaz.com\/index.php?rest_route=%2Fwp%2Fv2%2Fcomments&post=25106"}],"version-history":[{"count":0,"href":"http:\/\/www.korhanyilmaz.com\/index.php?rest_route=\/wp\/v2\/posts\/25106\/revisions"}],"wp:attachment":[{"href":"http:\/\/www.korhanyilmaz.com\/index.php?rest_route=%2Fwp%2Fv2%2Fmedia&parent=25106"}],"wp:term":[{"taxonomy":"category","embeddable":true,"href":"http:\/\/www.korhanyilmaz.com\/index.php?rest_route=%2Fwp%2Fv2%2Fcategories&post=25106"},{"taxonomy":"post_tag","embeddable":true,"href":"http:\/\/www.korhanyilmaz.com\/index.php?rest_route=%2Fwp%2Fv2%2Ftags&post=25106"}],"curies":[{"name":"wp","href":"https:\/\/api.w.org\/{rel}","templated":true}]}}