{"id":25094,"date":"2010-08-25T09:36:20","date_gmt":"2010-08-25T06:36:20","guid":{"rendered":"http:\/\/www.korhanyilmaz.com\/?p=25094"},"modified":"2010-08-25T09:36:20","modified_gmt":"2010-08-25T06:36:20","slug":"chp-de-dinleniyor","status":"publish","type":"post","link":"http:\/\/www.korhanyilmaz.com\/?p=25094","title":{"rendered":"&#8216;CHP de dinleniyor&#8217;"},"content":{"rendered":"<p style=\"text-align: center;\"><a href=\"http:\/\/www.korhanyilmaz.com\/wp-content\/uploads\/2010\/08\/001.jpeg\"  class=\"lightview\"><img loading=\"lazy\" decoding=\"async\" class=\"aligncenter size-full wp-image-25095\" src=\"http:\/\/www.korhanyilmaz.com\/wp-content\/uploads\/2010\/08\/001.jpeg\" alt=\"\" width=\"322\" height=\"241\" \/><\/a><\/p>\n<p style=\"text-align: justify;\">Hanefi Avc\u0131&#8217;n\u0131n g\u00fcndeme getirdi\u011fi yasad\u0131\u015f\u0131 dinlemeleri y\u0131llard\u0131r dile getirdi\u011fini belirten Atilla Kart, Dolmabah\u00e7e&#8217;de ger\u00e7ekle\u015ftirilen Erdo\u011fan &#8211; B\u00fcy\u00fckan\u0131t zirvesinden sonra Genelkurmay da kullan\u0131larak CHP&#8217;nin dinlendi\u011fini belirtti.<!--more--><\/p>\n<p style=\"text-align: justify;\">CHP Konya Milletvekili Atilla Kart, Eski\u015fehir Emniyet M\u00fcd\u00fcr\u00fc Hanefi Avc\u0131\u2019n\u0131n kitab\u0131yla bir kez daha g\u00fcndeme gelen telefon dinlemeleri konusunda tart\u0131\u015fma yaratacak a\u00e7\u0131klamalarda bulundu.<\/p>\n<p style=\"text-align: justify;\">Avc\u0131\u2019n\u0131n yasad\u0131\u015f\u0131 dinlemeler konusunda kitab\u0131nda yer verdi\u011fi bilgileri kendilerinin y\u0131llard\u0131r dile getirdiklerini anlatan Kart, \u201cBiz neyi anlat\u0131yoruz? Say\u0131lar\u0131n\u0131n 11-18 aras\u0131nda oldu\u011fu bilinen mobil ara\u00e7lardan s\u00f6z ediyoruz. Bu ara\u00e7lar kay\u0131t d\u0131\u015f\u0131 bir \u015fekilde \u00e7al\u0131\u015f\u0131yor. Devlet istihbarat yapar ama b\u00f6yle kay\u0131t d\u0131\u015f\u0131, kimin sorumlulu\u011fu alt\u0131nda oldu\u011fu belirsiz ara\u00e7larla yapmaz. Bunlar ancak polis, parti devletinde olur\u201d dedi.<\/p>\n<p style=\"text-align: justify;\">Cemaatin bu yap\u0131s\u0131n\u0131n \u0130\u00e7i\u015fleri, Adalet ve Ba\u015fbakanl\u0131k\u2019taki \u201c\u0130llegal kararg\u00e2h taraf\u0131ndan kullan\u0131ld\u0131\u011f\u0131n\u0131\u201d savunan Kart, Ba\u015fbakan Recep Tayyip Erdo\u011fan ile d\u00f6nemin Genelkurmay Ba\u015fkan\u0131 Orgeneral Ya\u015far B\u00fcy\u00fckan\u0131t aras\u0131nda 4 May\u0131s 2007\u2019de ger\u00e7ekle\u015ftirilen Dolmabah\u00e7e g\u00f6r\u00fc\u015fmesiyle ilgili de dikkat \u00e7ekici a\u00e7\u0131klamalarda bulundu. Kart, \u015f\u00f6yle konu\u015ftu: \u201c4 May\u0131s 2007 Dolmabah\u00e7e g\u00f6r\u00fc\u015fmesi yak\u0131n tarihin en \u00f6nemli hadisesidir. Ba\u015fbakan\u2019\u0131n ifadesiyle sivil-asker ili\u015fkileri ve devlet g\u00f6r\u00fc\u015fmesidir bu. Onun \u00fczerine siyaset \u015fekillenmi\u015ftir. Haziran 2007\u2019den itibaren de bu belki yeni bir bilgidir ama bunun teyidini a\u00e7\u0131k\u00e7as\u0131 yapabilmi\u015f de\u011filiz, CHP\u2019nin kurumsal olarak dinlendi\u011fini, bu noktada Genelkurmay\u2019\u0131n da h\u00fck\u00fcmet taraf\u0131ndan kullan\u0131ld\u0131\u011f\u0131n\u0131 ifade ediyorum.\u201d<\/p>\n<p style=\"text-align: justify;\">Kart, \u201cS\u00f6zleriniz bir endi\u015feden mi ibaret?\u201d sorusu \u00fczerine, \u201cSalt endi\u015feden ibaret olmad\u0131\u011f\u0131n\u0131 \u00f6zel olarak s\u00f6yl\u00fcyorum\u201d dedi. Kart, \u201cBu konuda somut tespitleriniz var m\u0131?\u201d sorusuna da \u201cevet evet\u201d demekle yetindi. Kart, \u00f6n\u00fcm\u00fczdeki d\u00f6nemde bu konuda yeni baz\u0131 bilgilerin kamuoyuna yans\u0131yabilece\u011fini ifade etti.<\/p>\n<p style=\"text-align: justify;\">Avc\u0131\u2019n\u0131n kitab\u0131n\u0131 g\u00f6rev ve sorumluluk duygusuyla kaleme ald\u0131\u011f\u0131n\u0131 vurgulayan Kart, \u015f\u00f6yle devam etti: \u201cBir taraftan devlette 30 y\u0131l g\u00f6rev yapm\u0131\u015f bir emniyet yetkilisi \u00e7\u0131k\u0131yor, adres g\u00f6steriyor, bizim s\u00f6ylediklerimizi do\u011fruluyor. \u0130stihbarat Dairesi Ba\u015fkanl\u0131\u011f\u0131 ve \u0130stanbul \u0130stihbarat M\u00fcd\u00fcrl\u00fc\u011f\u00fc\u2019nde kay\u0131t d\u0131\u015f\u0131 bir teknoloji var. Kay\u0131t d\u0131\u015f\u0131 oldu\u011fu i\u00e7indir ki, o dinlemeleri, izlemeleri yapanlar\u0131 denetlemek m\u00fcmk\u00fcn olmuyor. Ama h\u00fck\u00fcmetin bilgisi dahilinde bu. Nerede cumhuriyetin savc\u0131lar\u0131, niye oraya gidip bask\u0131n yapm\u0131yorlar? O su\u00e7 delillerini, su\u00e7 ili\u015fkilerini gidip neden mahallinde tespit etmiyorlar? Edemezler, \u00e7\u00fcnk\u00fc savc\u0131lar Adalet Bakanl\u0131\u011f\u0131\u2019n\u0131n bask\u0131s\u0131 alt\u0131nda. \u0130mzas\u0131z ihbar mektuplar\u0131n\u0131 devreye sokanlar, onlar \u00fczerinden toplum m\u00fchendisli\u011fi yapanlar, bu kadar a\u00e7\u0131k bir su\u00e7 ihbar\u0131n\u0131 g\u00f6rmezden geliyorlar.\u201d<\/p>\n<p style=\"text-align: justify;\">Ergenekon savc\u0131lar\u0131n\u0131n da Avc\u0131\u2019n\u0131n bilgisine ba\u015fvurmalar\u0131 gerekti\u011fini anlatan Kart, \u201cAncak ben savc\u0131lar\u0131n bu olay\u0131 tahkik etmesini istemem, \u00e7\u00fcnk\u00fc orada h\u00e2kim olan ve h\u00fck\u00fcmet taraf\u0131ndan himaye edilen belli birka\u00e7 savc\u0131, zaten bu \u00e7ekirdek yap\u0131n\u0131n temel unsurlar\u0131ndan birileri. Bunlar\u0131n ger\u00e7e\u011fi ortaya \u00e7\u0131karmas\u0131 m\u00fcmk\u00fcn de\u011fildir, aksine delilleri karartacaklard\u0131r\u201d diye konu\u015ftu.<\/p>\n<p style=\"text-align: justify;\"><span style=\"color: #888888;\">Kaynak : F\u0131rat Kozok &#8211; Cumhuriyet<\/span><\/p>\n","protected":false},"excerpt":{"rendered":"<p style=\"text-align: center;\">\n<p style=\"text-align: justify;\">Hanefi Avc\u0131&#8217;n\u0131n g\u00fcndeme getirdi\u011fi yasad\u0131\u015f\u0131 dinlemeleri y\u0131llard\u0131r dile getirdi\u011fini belirten Atilla Kart, Dolmabah\u00e7e&#8217;de ger\u00e7ekle\u015ftirilen Erdo\u011fan &#8211; B\u00fcy\u00fckan\u0131t zirvesinden sonra Genelkurmay da kullan\u0131larak CHP&#8217;nin dinlendi\u011fini belirtti.<\/p>\n","protected":false},"author":1,"featured_media":0,"comment_status":"open","ping_status":"closed","sticky":false,"template":"","format":"standard","meta":{"footnotes":""},"categories":[105],"tags":[],"class_list":["post-25094","post","type-post","status-publish","format-standard","hentry","category-gundem","odd"],"_links":{"self":[{"href":"http:\/\/www.korhanyilmaz.com\/index.php?rest_route=\/wp\/v2\/posts\/25094","targetHints":{"allow":["GET"]}}],"collection":[{"href":"http:\/\/www.korhanyilmaz.com\/index.php?rest_route=\/wp\/v2\/posts"}],"about":[{"href":"http:\/\/www.korhanyilmaz.com\/index.php?rest_route=\/wp\/v2\/types\/post"}],"author":[{"embeddable":true,"href":"http:\/\/www.korhanyilmaz.com\/index.php?rest_route=\/wp\/v2\/users\/1"}],"replies":[{"embeddable":true,"href":"http:\/\/www.korhanyilmaz.com\/index.php?rest_route=%2Fwp%2Fv2%2Fcomments&post=25094"}],"version-history":[{"count":0,"href":"http:\/\/www.korhanyilmaz.com\/index.php?rest_route=\/wp\/v2\/posts\/25094\/revisions"}],"wp:attachment":[{"href":"http:\/\/www.korhanyilmaz.com\/index.php?rest_route=%2Fwp%2Fv2%2Fmedia&parent=25094"}],"wp:term":[{"taxonomy":"category","embeddable":true,"href":"http:\/\/www.korhanyilmaz.com\/index.php?rest_route=%2Fwp%2Fv2%2Fcategories&post=25094"},{"taxonomy":"post_tag","embeddable":true,"href":"http:\/\/www.korhanyilmaz.com\/index.php?rest_route=%2Fwp%2Fv2%2Ftags&post=25094"}],"curies":[{"name":"wp","href":"https:\/\/api.w.org\/{rel}","templated":true}]}}